{"id":965981,"date":"2026-04-23T02:13:16","date_gmt":"2026-04-23T02:13:16","guid":{"rendered":"https:\/\/www.europesays.com\/de\/965981\/"},"modified":"2026-04-23T02:13:16","modified_gmt":"2026-04-23T02:13:16","slug":"bas-bei-maischberger-die-leute-wissen-nicht-mehr-wofuer-wir-stehen-politik","status":"publish","type":"post","link":"https:\/\/www.europesays.com\/de\/965981\/","title":{"rendered":"Bas bei Maischberger: \u201eDie Leute wissen nicht mehr, wof\u00fcr wir stehen\u201c | Politik"},"content":{"rendered":"<p><a class=\"skip-content skip-content--link\" href=\"#in-content-skip-link-target-v-0-0\">TTS-Player \u00fcberspringen\u21b5<\/a><a id=\"in-content-skip-link-target-v-0-0\" class=\"skip-content--target-link-hidden skip-content skip-content--target-link\" href=\"#in-content-skip-link-target-v-0-0\">Artikel weiterlesen<\/a><\/p>\n<p>Berlin \u2013<b> Sp\u00e4te Erkenntnis! Eine Woche nach der scharfen Kritik von Ex-SPD-Chef Sigmar Gabriel (66) in der Talkshow von Sandra Maischberger (59) wiederholt SPD-Co-Chefin B\u00e4rbel Bas (57) dessen Hauptvorwurf fast wortgleich. Am 15. April hatte Gabriel gesagt: \u201eMein Eindruck ist, dass die Sozialdemokraten ein Problem haben, zu beschreiben, wozu es sie eigentlich gibt!\u201c Jetzt r\u00e4umt Bas ein: \u201eDie Leute wissen nicht mehr, wof\u00fcr ist die SPD eigentlich da?\u201c<\/b><\/p>\n<p>Die Selbstkritik der Co-Vorsitzenden und Bundesministerin f\u00fcr <a href=\"https:\/\/www.bild.de\/themen\/organisationen\/bundesministerium-arbeit-soziales\/politik-nachrichten-news-fotos-videos-20459498.bild.html\" class=\"text-link\" rel=\"nofollow noopener\" target=\"_blank\">Arbeit und Soziales<\/a> richtet sich gegen das bisherige Selbstverst\u00e4ndnis vieler <a href=\"https:\/\/www.bild.de\/politik\/inland\/spd\/spd-alle-infos-76661710.bild.html\" class=\"text-link\" rel=\"nofollow noopener\" target=\"_blank\">SPD<\/a>-Abgeordneter: \u201eDie Wahrheit ist, wir haben in vielen Bereichen die Kompetenzen verloren\u201c, sagt Bas. \u201eWir haben uns zu sehr um Einzelinteressen gek\u00fcmmert und gedacht: Wenn wir uns um einzelne Gruppen k\u00fcmmern, wird daraus eine Mehrheit.\u201c<\/p>\n<p>\u201eDer Vertrauensverlust ist enorm\u201c<\/p>\n<p>Ihre Forderung: \u201eWir m\u00fcssen uns wieder mehr auf den Kern konzentrieren.\u201c Denn, so Bas mit Blick auf klassische SPD-Themen: \u201eWir sind vielstimmig. Die Leute wissen nicht mehr: Wer k\u00e4mpft f\u00fcr uns? Insbesondere Arbeitnehmer, aber auch kleine Selbstst\u00e4ndige, Handwerker, der Mittelstand: Da waren wir immer stark, wenn wir Wirtschaft und Arbeit miteinander vers\u00f6hnt haben, Wohlstand f\u00fcr alle auf den Weg gebracht haben.\u201c <a href=\"https:\/\/www.bild.de\/themen\/personen\/sandra-maischberger\/nachrichten-news-fotos-videos-tv-shows-15786810.bild.html\" class=\"text-link\" rel=\"nofollow noopener\" target=\"_blank\">Maischberger<\/a> entgegnet: \u201eDas ist aber kein SPD-Slogan, das war die<a href=\"https:\/\/www.bild.de\/politik\/inland\/cdu\/cdu-csu-alle-infos-76661590.bild.html\" class=\"text-link\" rel=\"nofollow noopener\" target=\"_blank\"> CDU<\/a>!\u201c Bas bleibt dabei: \u201eDas ist der Punkt. Das haben wir immer hingekriegt als Sozialdemokraten. Ein starker Sozialstaat ist nur m\u00f6glich, wenn ich auch Wirtschaftswachstum habe. Diesen Ausgleich haben wir immer hinbekommen. Das ist verloren gegangen. Der Vertrauensverlust ist enorm.\u201c<\/p>\n<p><img decoding=\"async\" width=\"992\" height=\"558\" alt=\"Neben Bas in der Talkshow (v.l.): Mariam Lau (Politikredakteurin der Zeit), Sven G\u00f6smann (Chefredakteur dpa), Petra Gerster (Ex-ZDF-Moderatorin) mit Gastgeberin Sandra Maischberger\" src=\"https:\/\/www.europesays.com\/de\/wp-content\/uploads\/2026\/04\/1716e9ec6f2fc513838362424c391c94,a84753cb.jpeg\"   class=\"landscape\" loading=\"lazy\"\/><\/p>\n<p class=\"fig__caption__text\">Neben Bas in der Talkshow (v.l.): Mariam Lau (Politikredakteurin der Zeit), Sven G\u00f6smann (Chefredakteur dpa), Petra Gerster (Ex-ZDF-Moderatorin) mit Gastgeberin Sandra Maischberger<\/p>\n<p>Foto: Oliver Ziebe\/WDR<\/p>\n<p>Maischberger konfrontiert Bas zudem mit einer neuen Umfrage im SPD-Stammland NRW: \u201eDa sind Sie auf Platz vier, da w\u00fcrden Sie nicht mal ins Wahlduell kommen.\u201c Bas zeigt sich dennoch zuversichtlich: \u201eDas werden wir durch gute Arbeit aufholen. Die Menschen sind genervt von der Streiterei. Sie wollen L\u00f6sungen. Wir m\u00fcssen wieder klarmachen, dass wir f\u00fcr die Menschen k\u00e4mpfen und den Ausgleich zwischen Wirtschaft und Arbeit hinbekommen.\u201c<\/p>\n<p>Ratschl\u00e4ge von Gabriel? \u201eBrauche ich nicht\u201c<\/p>\n<p>Bas r\u00e4umt ein: \u201eDen haben wir verloren. Ich gebe das offen zu. Wenn wir nur noch als B\u00fcrgergeldpartei gelten und arbeitende Menschen den Eindruck haben, die SPD steht nicht mehr f\u00fcr sie \u2013 dann haben wir ein gro\u00dfes Problem. Da will ich wieder hin.\u201c<\/p>\n<p>Mehr zum Thema<\/p>\n<p>Auch ohne Gabriel. Auf Maischbergers Frage, ob Ratschl\u00e4ge des Vorg\u00e4ngers willkommen seien, antwortete die Nachfolgerin trotzig: \u201eBrauche ich nicht.\u201c<\/p>\n","protected":false},"excerpt":{"rendered":"TTS-Player \u00fcberspringen\u21b5Artikel weiterlesen Berlin \u2013 Sp\u00e4te Erkenntnis! Eine Woche nach der scharfen Kritik von Ex-SPD-Chef Sigmar Gabriel (66)&hellip;\n","protected":false},"author":2,"featured_media":965982,"comment_status":"","ping_status":"","sticky":false,"template":"","format":"standard","meta":{"footnotes":"","_share_on_mastodon":"0"},"categories":[1773],"tags":[72389,31,29,214,209871,30,471,1780,184,138370,45,215],"class_list":["post-965981","post","type-post","status-publish","format-standard","has-post-thumbnail","category-serien","tag-bas-baerbel","tag-cdu","tag-deutschland","tag-entertainment","tag-gabriel-sigmar","tag-germany","tag-serien","tag-series","tag-spd","tag-team-first","tag-texttospeech","tag-unterhaltung"],"share_on_mastodon":{"url":"https:\/\/pubeurope.com\/@de\/116451607011147783","error":""},"_links":{"self":[{"href":"https:\/\/www.europesays.com\/de\/wp-json\/wp\/v2\/posts\/965981","targetHints":{"allow":["GET"]}}],"collection":[{"href":"https:\/\/www.europesays.com\/de\/wp-json\/wp\/v2\/posts"}],"about":[{"href":"https:\/\/www.europesays.com\/de\/wp-json\/wp\/v2\/types\/post"}],"author":[{"embeddable":true,"href":"https:\/\/www.europesays.com\/de\/wp-json\/wp\/v2\/users\/2"}],"replies":[{"embeddable":true,"href":"https:\/\/www.europesays.com\/de\/wp-json\/wp\/v2\/comments?post=965981"}],"version-history":[{"count":0,"href":"https:\/\/www.europesays.com\/de\/wp-json\/wp\/v2\/posts\/965981\/revisions"}],"wp:featuredmedia":[{"embeddable":true,"href":"https:\/\/www.europesays.com\/de\/wp-json\/wp\/v2\/media\/965982"}],"wp:attachment":[{"href":"https:\/\/www.europesays.com\/de\/wp-json\/wp\/v2\/media?parent=965981"}],"wp:term":[{"taxonomy":"category","embeddable":true,"href":"https:\/\/www.europesays.com\/de\/wp-json\/wp\/v2\/categories?post=965981"},{"taxonomy":"post_tag","embeddable":true,"href":"https:\/\/www.europesays.com\/de\/wp-json\/wp\/v2\/tags?post=965981"}],"curies":[{"name":"wp","href":"https:\/\/api.w.org\/{rel}","templated":true}]}}