{"id":966030,"date":"2026-04-23T02:44:34","date_gmt":"2026-04-23T02:44:34","guid":{"rendered":"https:\/\/www.europesays.com\/de\/966030\/"},"modified":"2026-04-23T02:44:34","modified_gmt":"2026-04-23T02:44:34","slug":"baustellenfest-ein-jahr-vor-europas-groesster-gartenschau","status":"publish","type":"post","link":"https:\/\/www.europesays.com\/de\/966030\/","title":{"rendered":"Baustellenfest ein Jahr vor Europas gr\u00f6\u00dfter Gartenschau"},"content":{"rendered":"<p>Strukturprojekt <\/p>\n<p>Baustellenfest ein Jahr vor Europas gr\u00f6\u00dfter Gartenschau<\/p>\n<p>Aktualisiert am 23.04.2026 &#8211; 04:30 UhrLesedauer: 2 Min.<\/p>\n<p><a href=\"#focus-0\" class=\"transition-colors duration-200 block text-current relative\" data-sctrack=\"FocusGalleryImage.Reference\"><img fetchpriority=\"high\" data-testid=\"Opener.Image\" style=\"--lqipURL:url('https:\/\/images.t-online.de\/2026\/04\/CJ0Vkwb7i1tE\/0x107:2048x1152\/fit-in\/150x0\/filters:blur(25)\/bis-zur-eroeffnung-der-gartenschau-sollen-zahlreiche-spielmoeglichkeiten-fuer-kinder-entstehen.jpg')\"   loading=\"eager\" src=\"https:\/\/www.europesays.com\/de\/wp-content\/uploads\/2026\/04\/bis-zur-eroeffnung-der-gartenschau-sollen-zahlreiche-spielmoeglichkeiten-fuer-kinder-entstehen.jpg\" alt=\"IGA 2027 Gel\u00e4nde - Gelsenkirchen\" title=\"IGA 2027 Gel\u00e4nde - Gelsenkirchen\" width=\"2048\" height=\"1152\" class=\"bg-[url:var(--lqipURL)] bg-cover bg-center flex h-full w-full max-w-full\" decoding=\"async\"\/><img style=\"--width:32;--height:32\" loading=\"lazy\" src=\"https:\/\/dortmund.t-online.de\/s\/paper\/_next\/static\/media\/zoom-in.f7dae02f.svg\" alt=\"Vergr\u00f6\u00dfern des Bildes\" title=\"Vergr\u00f6\u00dfern des Bildes\" class=\"block h-[calc(var(--height)_\/_16_*_1rem)] w-[calc(var(--width)_\/_16_*_1rem)] max-w-none absolute bottom-8 right-8 rounded-4 bg-snow p-8\" decoding=\"async\"\/><\/a><\/p>\n<p>Bis zur Er\u00f6ffnung der Gartenschau sollen zahlreiche Spielm\u00f6glichkeiten f\u00fcr Kinder entstehen. (Quelle: Oliver Berg\/dpa\/dpa-bilder)<\/p>\n<p class=\"font-bold text-18 leading-17 user-text-lg:text-22 user-text-xl:text-24\">Die Internationale Gartenausstellung soll das Ruhrgebiet gr\u00fcner machen und ein Millionenpublikum in die Region locken. Genau ein Jahr vor der Er\u00f6ffnung feiert die IGA ein Baustellenfest.<\/p>\n<p class=\"text-18 leading-17 user-text-lg:text-22 user-text-xl:text-24\">Genau ein Jahr vor der Er\u00f6ffnung der Internationalen Gartenausstellung (IGA) im Ruhrgebiet gibt es am Donnerstag F\u00fchrungen auf vielen der Baustellen. In Duisburg findet ein zentrales Baustellenfest statt. Dort soll auch der Vorverkauf der Dauerkarten offiziell gestartet werden. Die erste Karte bekommt symbolisch die nordrhein-westf\u00e4lische Landwirtschaftsministerin Silke Gori\u00dfen (CDU).<\/p>\n<p class=\"text-18 leading-17 user-text-lg:text-22 user-text-xl:text-24\">Die IGA beginnt am 23. April 2027 und soll dann bis Mitte Oktober rund 3,1 Millionen Besucher ins Ruhrgebiet locken. Die Veranstalter sprechen von der gr\u00f6\u00dften Gartenschau Europas.<\/p>\n<p class=\"text-18 leading-17 user-text-lg:text-22 user-text-xl:text-24\">Das Baustellenfest solle Anwohnern und Interessierten einen Einblick geben, wie weit die Vorbereitungen ein Jahr vor Beginn der IGA sind, teilte die Veranstaltergesellschaft mit.<\/p>\n<p class=\"text-18 leading-17 user-text-lg:text-22 user-text-xl:text-24\">Im Zentrum der IGA im kommenden Jahr stehen drei aufwendig gestaltete Zukunftsg\u00e4rten in Duisburg, Dortmund und Gelsenkirchen. G\u00e4rtner und Pflanzenz\u00fcchter aus ganz Europa sollen ihr K\u00f6nnen zeigen &#8211; in Ausstellungshallen genauso wie auf riesigen Freiluftbeeten. Daneben gibt es zwei etwas kleinere Zukunftsg\u00e4rten und einige Dutzend Parks im ganzen Ruhrgebiet, die sich w\u00e4hrend der IGA pr\u00e4sentieren.<\/p>\n<p class=\"text-18 leading-17 user-text-lg:text-22 user-text-xl:text-24\">Die IGA werde &#8222;bleibende Impulse f\u00fcr die \u00f6kologische, gesellschaftliche und st\u00e4dtebauliche Entwicklung des gesamten Ruhrgebiets&#8220; bringen, verspricht IGA-Aufsichtsratschef Garrelt Duin. Neben wechselnden Blumenschauen soll es im Rahmen der Gartenschau rund 6.000 Veranstaltungen geben, darunter Konzerte, Kleinkunst und Mitmachaktionen.<\/p>\n<p class=\"text-18 leading-17 user-text-lg:text-22 user-text-xl:text-24\">Die gro\u00dfen Gartenschauen in Deutschland werden von der Deutschen Bundesgartenschau-Gesellschaft vergeben. W\u00e4hrend alle zwei Jahre eine Bundesgartenschau stattfindet, gibt es alle zehn Jahre mit der IGA eine noch gr\u00f6\u00dfere Leistungsschau der Gartenbaubranche mit internationalem Fokus. Die n\u00e4chste Bundesgartenschau in Nordrhein-Westfalen findet 2031 in Wuppertal statt.<\/p>\n","protected":false},"excerpt":{"rendered":"Strukturprojekt Baustellenfest ein Jahr vor Europas gr\u00f6\u00dfter Gartenschau Aktualisiert am 23.04.2026 &#8211; 04:30 UhrLesedauer: 2 Min. Bis zur&hellip;\n","protected":false},"author":2,"featured_media":966031,"comment_status":"","ping_status":"","sticky":false,"template":"","format":"standard","meta":{"footnotes":"","_share_on_mastodon":"0"},"categories":[1839],"tags":[22978,209878,7507,31,3364,29,3715,912,663,27180,30,48433,1209,3856,58395,209078],"class_list":["post-966030","post","type-post","status-publish","format-standard","has-post-thumbnail","category-bochum","tag-gartenschau","tag-baustellenfest","tag-bochum","tag-cdu","tag-de","tag-deutschland","tag-duisburg","tag-eroeffnung","tag-europa","tag-gartenausstellung","tag-germany","tag-millionenpublikum","tag-nordrhein-westfalen","tag-ruhrgebiet","tag-silke-gorissen","tag-strukturprojekt"],"share_on_mastodon":{"url":"https:\/\/pubeurope.com\/@de\/116451728941070459","error":""},"_links":{"self":[{"href":"https:\/\/www.europesays.com\/de\/wp-json\/wp\/v2\/posts\/966030","targetHints":{"allow":["GET"]}}],"collection":[{"href":"https:\/\/www.europesays.com\/de\/wp-json\/wp\/v2\/posts"}],"about":[{"href":"https:\/\/www.europesays.com\/de\/wp-json\/wp\/v2\/types\/post"}],"author":[{"embeddable":true,"href":"https:\/\/www.europesays.com\/de\/wp-json\/wp\/v2\/users\/2"}],"replies":[{"embeddable":true,"href":"https:\/\/www.europesays.com\/de\/wp-json\/wp\/v2\/comments?post=966030"}],"version-history":[{"count":0,"href":"https:\/\/www.europesays.com\/de\/wp-json\/wp\/v2\/posts\/966030\/revisions"}],"wp:featuredmedia":[{"embeddable":true,"href":"https:\/\/www.europesays.com\/de\/wp-json\/wp\/v2\/media\/966031"}],"wp:attachment":[{"href":"https:\/\/www.europesays.com\/de\/wp-json\/wp\/v2\/media?parent=966030"}],"wp:term":[{"taxonomy":"category","embeddable":true,"href":"https:\/\/www.europesays.com\/de\/wp-json\/wp\/v2\/categories?post=966030"},{"taxonomy":"post_tag","embeddable":true,"href":"https:\/\/www.europesays.com\/de\/wp-json\/wp\/v2\/tags?post=966030"}],"curies":[{"name":"wp","href":"https:\/\/api.w.org\/{rel}","templated":true}]}}