{"id":96614,"date":"2025-05-09T09:48:08","date_gmt":"2025-05-09T09:48:08","guid":{"rendered":"https:\/\/www.europesays.com\/de\/96614\/"},"modified":"2025-05-09T09:48:08","modified_gmt":"2025-05-09T09:48:08","slug":"wechsel-angeblich-fix-medien-xabi-alonso-unterschreibt-bis-2028-bei-real-madrid","status":"publish","type":"post","link":"https:\/\/www.europesays.com\/de\/96614\/","title":{"rendered":"Wechsel angeblich fix: Medien: Xabi Alonso unterschreibt bis 2028 bei Real Madrid"},"content":{"rendered":"<p>                    Wechsel angeblich fix<br \/>\n                Medien: Xabi Alonso unterschreibt bis 2028 bei Real Madrid<\/p>\n<p>\t\t\t\t              09.05.2025, 10:58 Uhr<\/p>\n<p><strong>Ist das zerm\u00fcrbende Theater f\u00fcr Bayer Leverkusen nun tats\u00e4chlich vorbei: Der Wechsel von Xabi Alonso zu Real Madrid ist angeblich perfekt &#8211; wird aber noch nicht verk\u00fcndet. Einem Medienbericht zufolge unterschreibt der 43-J\u00e4hrige f\u00fcr drei Jahre in Madrid.<\/strong><\/p>\n<p>Den neuen Heilsbringer von Real Madrid pr\u00e4sentierte die &#8222;Marca&#8220; auf ihrer Startseite in Jubelpose. &#8222;Xabi Alonso nimmt die Herausforderung an&#8220;, schrieb die spanische Sportzeitung &#8211; und vermeldete den Wechsel von Bayer Leverkusens Erfolgstrainer zu den K\u00f6niglichen als perfekt. Nach Wochen der Spekulationen soll der Baske bei seinem Ex-Klub der Nachfolger von Carlo Ancelotti werden und einen Vertrag bis 2028 unterschrieben haben. Eine Best\u00e4tigung von Bayer oder Real stand zun\u00e4chst aus.<\/p>\n<p>Diese soll es laut &#8222;Marca&#8220; sowieso erst am 25. Mai geben, wenn in Spanien die Saison endet. Dem Bericht zufolge soll Alonso, der auf dem begleitenden Foto mit einem L\u00e4cheln die rechte Faust zeigt, zwei Co-Trainer aus Leverkusen mitnehmen, darunter den Argentinier Sebasti\u00e1n Parrilla. Der Start von Alonso in Madrid soll erst nach der Klub-WM (bis 13. Juli) erfolgen. <\/p>\n<p>Bayers Klubboss Fernando Carro und Sport-Gesch\u00e4ftsf\u00fchrer Simon Rolfes hatten in den vergangenen Wochen eine z\u00fcgige Zukunftsentscheidung von Alonso gefordert, um &#8222;Klarheit&#8220; f\u00fcr die kommende Spielzeit zu haben. Alonso hatte ein Treuebekenntnis zu Bayer trotz Vertrages bis 2026 vermieden und war den Fragen zu einem m\u00f6glichen Abschied immer wieder ausgewichen. Ein Wechsel zu Real wirkte wie ein offenes Geheimnis. Es gebe &#8222;nichts Neues&#8220;, sagte Alonso zuletzt, &#8222;wir m\u00fcssen warten&#8220;. Am Sonntag (15.30 Uhr bei DAZN und im Liveticker bei ntv.de) steht gegen Borussia Dortmund sein wohl letztes Heimspiel an.<\/p>\n<p>Merkw\u00fcrdiger Abschied bei Bayer droht<\/p>\n<p>Dann k\u00f6nnte ihm angesichts der fehlenden Best\u00e4tigung ein etwas merkw\u00fcrdiger Abschied aus der BayArena bevorstehen. Immerhin: Bayers Anf\u00fchrer Granit Xhaka war schon in der vergangenen Woche mit einer Art Abschiedsgru\u00df an seinen Coach um die Ecke gekommen. &#8222;Egal, was passiert &#8211; wir hatten eine sch\u00f6ne Zeit&#8220;, sagte der Schweizer mit nicht zu \u00fcberh\u00f6render Wehmut in der Stimme: &#8222;So einen Trainer w\u00fcnscht sich jede Mannschaft.&#8220;<\/p>\n<p>Alonso, von 2009 bis 2014 Profi bei Real, hatte die Rheinl\u00e4nder im Oktober 2022 auf Tabellenplatz 17 \u00fcbernommen und in zweieinhalb Jahren zu einem Topklub in Europa geformt. Er f\u00fchrte Bayer im Vorjahr zur ersten Meisterschaft der Vereinsgeschichte und zum DFB-Pokal-Sieg. In dieser Spielzeit blieben die ambitionierten Leverkusener ohne Titel, qualifizierten sich als Tabellenzweiter der Bundesliga aber erneut f\u00fcr die Champions League. <\/p>\n<p>Gro\u00dfer Umbruch steht bevor<\/p>\n<p>Nun steht den Leverkusenern ein Umbruch bevor, mit Alonso verliert der Werksklub enorm an Strahlkraft. Dazu ist die Zukunft von Ausnahmek\u00f6nner Florian Wirtz weiter offen, der 22-J\u00e4hrige wird mit einem Wechsel zum FC Bayern in Verbindung gebracht. Der Abschied von Abwehrchef Jonathan Tah, der seinen auslaufenden Vertrag nicht verl\u00e4ngert, steht bereits fest.<\/p>\n<p>Auf einen Abgang Alonsos sind die Verantwortlichen aber seit Wochen vorbereitet, es werden bereits Nachfolger gehandelt. Laut Medienberichten soll Cesc Fabregas (38) in der Pole Position sein. Der spanische Welt- und Europameister trainiert in dieser Saison den Serie-A-Klub Como 1907. Auch der fr\u00fchere Ajax- und ManUnited-Coach Erik ten Hag (55) gilt als Kandidat. Wirklich Klarheit wird es aber wohl erst nach der Saison geben.<\/p>\n","protected":false},"excerpt":{"rendered":"Wechsel angeblich fix Medien: Xabi Alonso unterschreibt bis 2028 bei Real Madrid 09.05.2025, 10:58 Uhr Ist das zerm\u00fcrbende&hellip;\n","protected":false},"author":2,"featured_media":96615,"comment_status":"","ping_status":"","sticky":false,"template":"","format":"standard","meta":{"footnotes":""},"categories":[136],"tags":[2367,29,347,30,3349,265,10057],"class_list":{"0":"post-96614","1":"post","2":"type-post","3":"status-publish","4":"format-standard","5":"has-post-thumbnail","7":"category-sport","8":"tag-bayer-04-leverkusen","9":"tag-deutschland","10":"tag-fussball","11":"tag-germany","12":"tag-real-madrid","13":"tag-sport","14":"tag-xabi-alonso"},"share_on_mastodon":{"url":"https:\/\/pubeurope.com\/@de\/114477249652953921","error":""},"_links":{"self":[{"href":"https:\/\/www.europesays.com\/de\/wp-json\/wp\/v2\/posts\/96614","targetHints":{"allow":["GET"]}}],"collection":[{"href":"https:\/\/www.europesays.com\/de\/wp-json\/wp\/v2\/posts"}],"about":[{"href":"https:\/\/www.europesays.com\/de\/wp-json\/wp\/v2\/types\/post"}],"author":[{"embeddable":true,"href":"https:\/\/www.europesays.com\/de\/wp-json\/wp\/v2\/users\/2"}],"replies":[{"embeddable":true,"href":"https:\/\/www.europesays.com\/de\/wp-json\/wp\/v2\/comments?post=96614"}],"version-history":[{"count":0,"href":"https:\/\/www.europesays.com\/de\/wp-json\/wp\/v2\/posts\/96614\/revisions"}],"wp:featuredmedia":[{"embeddable":true,"href":"https:\/\/www.europesays.com\/de\/wp-json\/wp\/v2\/media\/96615"}],"wp:attachment":[{"href":"https:\/\/www.europesays.com\/de\/wp-json\/wp\/v2\/media?parent=96614"}],"wp:term":[{"taxonomy":"category","embeddable":true,"href":"https:\/\/www.europesays.com\/de\/wp-json\/wp\/v2\/categories?post=96614"},{"taxonomy":"post_tag","embeddable":true,"href":"https:\/\/www.europesays.com\/de\/wp-json\/wp\/v2\/tags?post=96614"}],"curies":[{"name":"wp","href":"https:\/\/api.w.org\/{rel}","templated":true}]}}