{"id":966168,"date":"2026-04-23T04:05:15","date_gmt":"2026-04-23T04:05:15","guid":{"rendered":"https:\/\/www.europesays.com\/de\/966168\/"},"modified":"2026-04-23T04:05:15","modified_gmt":"2026-04-23T04:05:15","slug":"solingen-neuer-wanderweg-von-industriemuseum-hendrichs-und-biologischer-station","status":"publish","type":"post","link":"https:\/\/www.europesays.com\/de\/966168\/","title":{"rendered":"Solingen: Neuer Wanderweg von Industriemuseum Hendrichs und Biologischer Station"},"content":{"rendered":"<p class=\"text_ohne_einzug richtext text-em-55 !leading-serif mx-6 desktop:mx-0\"> Die Gebr\u00fcder Hendrichs waren keine Krupps. Erfolgreiche Unternehmensgr\u00fcnder zwar, aber sie blieben bescheiden, gemessen an den Ma\u00dfst\u00e4ben des Mittelstands im wilhelminischen Kaiserreich. \u201eVor ihrem Aufstieg waren sie einfache Handwerker, Scherenfeiler, entstammten dem l\u00e4ndlichen Gef\u00fcge mit seiner Kotten-Wirtschaft. Auch im Garten ihrer Fabrikantenvilla bauten sie deshalb weiter Obst und Gem\u00fcse zur Selbstversorgung an, Kohl, Kartoffeln, Spargel \u2013 Unterschiedliches je nach wirtschaftlicher Lage\u201c, wei\u00df Jan-Nikolaus Pankop. Der Wissenschaftliche Mitarbeiter des LVR-Industriemuseums Gesenkschmiede Hendrichs hat aus dieser Verbindung zwischen Botanik und Industrie einen neuartigen Rundwanderweg durch Merscheid entwickelt \u2013 nicht allein, sondern zusammen mit der Biologischen Station Mittlere Wupper in Remscheid\/Solingen.<\/p>\n","protected":false},"excerpt":{"rendered":"Die Gebr\u00fcder Hendrichs waren keine Krupps. Erfolgreiche Unternehmensgr\u00fcnder zwar, aber sie blieben bescheiden, gemessen an den Ma\u00dfst\u00e4ben des&hellip;\n","protected":false},"author":2,"featured_media":966169,"comment_status":"","ping_status":"","sticky":false,"template":"","format":"standard","meta":{"footnotes":"","_share_on_mastodon":"0"},"categories":[1840],"tags":[3364,29,30,209903,1209,4975,4418],"class_list":["post-966168","post","type-post","status-publish","format-standard","has-post-thumbnail","category-wuppertal","tag-de","tag-deutschland","tag-germany","tag-hendrichs","tag-nordrhein-westfalen","tag-spargel","tag-wuppertal"],"share_on_mastodon":{"url":"https:\/\/pubeurope.com\/@de\/116452047386831774","error":""},"_links":{"self":[{"href":"https:\/\/www.europesays.com\/de\/wp-json\/wp\/v2\/posts\/966168","targetHints":{"allow":["GET"]}}],"collection":[{"href":"https:\/\/www.europesays.com\/de\/wp-json\/wp\/v2\/posts"}],"about":[{"href":"https:\/\/www.europesays.com\/de\/wp-json\/wp\/v2\/types\/post"}],"author":[{"embeddable":true,"href":"https:\/\/www.europesays.com\/de\/wp-json\/wp\/v2\/users\/2"}],"replies":[{"embeddable":true,"href":"https:\/\/www.europesays.com\/de\/wp-json\/wp\/v2\/comments?post=966168"}],"version-history":[{"count":0,"href":"https:\/\/www.europesays.com\/de\/wp-json\/wp\/v2\/posts\/966168\/revisions"}],"wp:featuredmedia":[{"embeddable":true,"href":"https:\/\/www.europesays.com\/de\/wp-json\/wp\/v2\/media\/966169"}],"wp:attachment":[{"href":"https:\/\/www.europesays.com\/de\/wp-json\/wp\/v2\/media?parent=966168"}],"wp:term":[{"taxonomy":"category","embeddable":true,"href":"https:\/\/www.europesays.com\/de\/wp-json\/wp\/v2\/categories?post=966168"},{"taxonomy":"post_tag","embeddable":true,"href":"https:\/\/www.europesays.com\/de\/wp-json\/wp\/v2\/tags?post=966168"}],"curies":[{"name":"wp","href":"https:\/\/api.w.org\/{rel}","templated":true}]}}