{"id":966388,"date":"2026-04-23T06:14:18","date_gmt":"2026-04-23T06:14:18","guid":{"rendered":"https:\/\/www.europesays.com\/de\/966388\/"},"modified":"2026-04-23T06:14:18","modified_gmt":"2026-04-23T06:14:18","slug":"mario-adorf-trauerfeier-in-muenchen-beisetzung-in-st-tropez","status":"publish","type":"post","link":"https:\/\/www.europesays.com\/de\/966388\/","title":{"rendered":"Mario Adorf: Trauerfeier in M\u00fcnchen \u2013 Beisetzung in St. Tropez"},"content":{"rendered":"<p>Beisetzung an Mittelmeerk\u00fcste <\/p>\n<p>Nach Tod von Mario Adorf: Trauerfeier in M\u00fcnchner Kirche<\/p>\n<p>Aktualisiert am 23.04.2026 &#8211; 08:04 UhrLesedauer: 1 Min.<\/p>\n<p><a href=\"#focus-0\" class=\"transition-colors duration-200 block text-current relative\" data-sctrack=\"FocusGalleryImage.Reference\"><img fetchpriority=\"high\" data-testid=\"Opener.Image\" style=\"--lqipURL:url('https:\/\/images.t-online.de\/2026\/04\/PqvibcKtckpd\/0x34:800x450\/fit-in\/150x0\/filters:blur(25)\/image.jpg')\"   loading=\"eager\" src=\"https:\/\/www.europesays.com\/de\/wp-content\/uploads\/2026\/04\/1776834135_316_image.jpg\" alt=\"urn:newsml:dpa.com:20090101:260421-935-1293984\" title=\"urn:newsml:dpa.com:20090101:260421-935-1293984\" width=\"800\" height=\"450\" class=\"bg-[url:var(--lqipURL)] bg-cover bg-center flex h-full w-full max-w-full\" decoding=\"async\"\/><img style=\"--width:32;--height:32\" loading=\"lazy\" src=\"https:\/\/muenchen.t-online.de\/s\/paper\/_next\/static\/media\/zoom-in.f7dae02f.svg\" alt=\"Vergr\u00f6\u00dfern des Bildes\" title=\"Vergr\u00f6\u00dfern des Bildes\" class=\"block h-[calc(var(--height)_\/_16_*_1rem)] w-[calc(var(--width)_\/_16_*_1rem)] max-w-none absolute bottom-8 right-8 rounded-4 bg-snow p-8\" decoding=\"async\"\/><\/a><\/p>\n<p>Der verstorbene Mario Andorf (Archivbild): Der Schauspieler wird nicht in M\u00fcnchen beigesetzt. (Quelle: Karl-Josef Hildenbrand)<\/p>\n<p class=\"font-bold text-18 leading-17 user-text-lg:text-22 user-text-xl:text-24\">Am 2. Mai findet in der M\u00fcnchner Kirche St. Michael eine Trauerfeier f\u00fcr Mario Adorf statt. Seine letzte Ruhest\u00e4tte jedoch soll an der franz\u00f6sischen Mittelmeerk\u00fcste liegen.<\/p>\n<p class=\"text-18 leading-17 user-text-lg:text-22 user-text-xl:text-24\">F\u00fcr den verstorbenen Schauspieler Mario Adorf hat sein Manager eine Trauerfeier in M\u00fcnchen angek\u00fcndigt. Das berichtete die &#8222;Bild&#8220;-Zeitung am Mittwoch.<\/p>\n<p class=\"text-18 leading-17 user-text-lg:text-22 user-text-xl:text-24\">Die Feier ist f\u00fcr den 2. Mai in der Kirche St. Michael geplant. Sie sei nur f\u00fcr geladene G\u00e4ste vorgesehen, teilte Adorfs Manager Michael Stark mit. Adorf war am 8. April im Alter von 95 Jahren in Paris gestorben.<\/p>\n<p class=\"text-18 leading-17 user-text-lg:text-22 user-text-xl:text-24\">Beigesetzt werde der Schauspieler jedoch nicht in M\u00fcnchen. Seine letzte Ruhest\u00e4tte solle er in St. Tropez an der franz\u00f6sischen Mittelmeerk\u00fcste finden. Adorfs Witwe Monique Faye stamme aus S\u00fcdfrankreich \u2013 das Ehepaar hatte zuletzt in Paris gelebt.<\/p>\n","protected":false},"excerpt":{"rendered":"Beisetzung an Mittelmeerk\u00fcste Nach Tod von Mario Adorf: Trauerfeier in M\u00fcnchner Kirche Aktualisiert am 23.04.2026 &#8211; 08:04 UhrLesedauer:&hellip;\n","protected":false},"author":2,"featured_media":963794,"comment_status":"","ping_status":"","sticky":false,"template":"","format":"standard","meta":{"footnotes":"","_share_on_mastodon":"0"},"categories":[1827],"tags":[722,17161,121913,772,25214,29,30,113016,209416,1268,319,140233,12461],"class_list":["post-966388","post","type-post","status-publish","format-standard","has-post-thumbnail","category-muenchen","tag-722","tag-17161","tag-adorf","tag-bayern","tag-beisetzung","tag-deutschland","tag-germany","tag-mario-adorf","tag-mittelmeerkueste","tag-muenchen","tag-paris","tag-st-michael","tag-trauerfeier"],"share_on_mastodon":{"url":"https:\/\/pubeurope.com\/@de\/116452554823416500","error":""},"_links":{"self":[{"href":"https:\/\/www.europesays.com\/de\/wp-json\/wp\/v2\/posts\/966388","targetHints":{"allow":["GET"]}}],"collection":[{"href":"https:\/\/www.europesays.com\/de\/wp-json\/wp\/v2\/posts"}],"about":[{"href":"https:\/\/www.europesays.com\/de\/wp-json\/wp\/v2\/types\/post"}],"author":[{"embeddable":true,"href":"https:\/\/www.europesays.com\/de\/wp-json\/wp\/v2\/users\/2"}],"replies":[{"embeddable":true,"href":"https:\/\/www.europesays.com\/de\/wp-json\/wp\/v2\/comments?post=966388"}],"version-history":[{"count":0,"href":"https:\/\/www.europesays.com\/de\/wp-json\/wp\/v2\/posts\/966388\/revisions"}],"wp:featuredmedia":[{"embeddable":true,"href":"https:\/\/www.europesays.com\/de\/wp-json\/wp\/v2\/media\/963794"}],"wp:attachment":[{"href":"https:\/\/www.europesays.com\/de\/wp-json\/wp\/v2\/media?parent=966388"}],"wp:term":[{"taxonomy":"category","embeddable":true,"href":"https:\/\/www.europesays.com\/de\/wp-json\/wp\/v2\/categories?post=966388"},{"taxonomy":"post_tag","embeddable":true,"href":"https:\/\/www.europesays.com\/de\/wp-json\/wp\/v2\/tags?post=966388"}],"curies":[{"name":"wp","href":"https:\/\/api.w.org\/{rel}","templated":true}]}}