{"id":966510,"date":"2026-04-23T07:27:16","date_gmt":"2026-04-23T07:27:16","guid":{"rendered":"https:\/\/www.europesays.com\/de\/966510\/"},"modified":"2026-04-23T07:27:16","modified_gmt":"2026-04-23T07:27:16","slug":"ex-konsum-chef-dirk-thaerichen-will-oberbuergermeister-in-leipzig-werden","status":"publish","type":"post","link":"https:\/\/www.europesays.com\/de\/966510\/","title":{"rendered":"Ex\u2011Konsum\u2011Chef Dirk Th\u00e4richen will Oberb\u00fcrgermeister in Leipzig werden"},"content":{"rendered":"<p class=\"text\">\nDer fr\u00fchere Konsum-Chef Dirk Th\u00e4richen hat seine Kandidatur f\u00fcr die Oberb\u00fcrgermeisterwahl von Leipzig bekannt gegeben. Th\u00e4richen sagte MDR SACHSEN, ihm sei es ein Anliegen, die Stadt aktiv mitzugestalten. In der Stadt gebe es viele Akteure, die Leipzig gestalteten, nicht nur Parteien. Diese m\u00fcssten st\u00e4rker zusammengebracht werden, um die Stadt insgesamt voranzubringen.\n<\/p>\n<p class=\"text\">\n&#8222;Wir m\u00fcssen ein bisschen gr\u00f6\u00dfer denken. Wir m\u00fcssen positiv denken und nicht immer nur in unseren kleinen Blasen miteinander diskutieren, wie schlecht alles ist. Sondern wir brauchen wieder diesen Mut.&#8220; Leipzig m\u00fcsse wieder mehr wagen, findet Th\u00e4richen, auch bei Bauprojekten.\n<\/p>\n<blockquote>\n<p class=\"text\">Wir brauchen wieder diesen Mut.<\/p>\n<p>Dirk Th\u00e4richen<br \/>\nKandidat f\u00fcr Oberb\u00fcrgermeisterwahl in Leipzig 2027<\/p>\n<\/blockquote>\n<p class=\"text\">\nTh\u00e4richen kandidiert ohne Partei im R\u00fccken. Eine parteipolitische Anbindung w\u00fcrde seinen Tatendrang eher bremsen, sagte er. Der fr\u00fchere Vorstandssprecher der Konsum eG ist derzeit Gesch\u00e4ftsf\u00fchrer der Stadthafen GmbH, Vizepr\u00e4sident der Leipziger Industrie- und Handelskammer sowie Honorarprofessor in Mittweida.\n<\/p>\n<p>Unterst\u00fctzung durch neuen Verein<\/p>\n<p class=\"text\">\nUnterst\u00fctzt wird Dirk Th\u00e4richen vom neu gegr\u00fcndeten Verein &#8222;Leipzig Jetzt&#8220;. Die Initiative prominenter Leipzigerinnen und Leipziger stellte sich am Dienstag im Ratskeller neben dem Neuen Rathaus vor. Unterst\u00fctzt wird der Verein unter anderem von Fernsehmoderator Peter Escher, Paralympics\u2011Siegerin Catherine Bader, Unternehmerin Anja Herzog sowie Tobias K\u00fcnzel, Frontmann der <a href=\"https:\/\/www.mdr.de\/nachrichten\/sachsen\/prinzen-abschied-tour-konzert-krumbiegel-100.html\" title=\"&quot;Die Prinzen&quot; gehen auf Abschiedstournee - 3 Konzerte in Sachsen\" rel=\"nofollow noopener\" target=\"_blank\">Musikgruppe &#8222;Die Prinzen&#8220;<\/a>\n<\/p>\n<p class=\"text\">\nZiel des Vereins sei es, engagierte Leipzigerinnen und Leipziger aus unterschiedlichen Bereichen zu vernetzen und st\u00e4rker an der Stadtentwicklung zu beteiligen, hie\u00df es in einer ersten Mitteilung.\n<\/p>\n<p>Amtierender OB Jung tritt nicht erneut an<\/p>\n","protected":false},"excerpt":{"rendered":"Der fr\u00fchere Konsum-Chef Dirk Th\u00e4richen hat seine Kandidatur f\u00fcr die Oberb\u00fcrgermeisterwahl von Leipzig bekannt gegeben. Th\u00e4richen sagte MDR&hellip;\n","protected":false},"author":2,"featured_media":655895,"comment_status":"","ping_status":"","sticky":false,"template":"","format":"standard","meta":{"footnotes":"","_share_on_mastodon":"0"},"categories":[1832],"tags":[3364,29,30,45727,71,81,14,3748,859,10434,2534],"class_list":["post-966510","post","type-post","status-publish","format-standard","has-post-thumbnail","category-leipzig","tag-de","tag-deutschland","tag-germany","tag-kandidat","tag-leipzig","tag-mdr","tag-nachrichten","tag-oberbuergermeister","tag-sachsen","tag-verein","tag-wahl"],"share_on_mastodon":{"url":"https:\/\/pubeurope.com\/@de\/116452842113239010","error":""},"_links":{"self":[{"href":"https:\/\/www.europesays.com\/de\/wp-json\/wp\/v2\/posts\/966510","targetHints":{"allow":["GET"]}}],"collection":[{"href":"https:\/\/www.europesays.com\/de\/wp-json\/wp\/v2\/posts"}],"about":[{"href":"https:\/\/www.europesays.com\/de\/wp-json\/wp\/v2\/types\/post"}],"author":[{"embeddable":true,"href":"https:\/\/www.europesays.com\/de\/wp-json\/wp\/v2\/users\/2"}],"replies":[{"embeddable":true,"href":"https:\/\/www.europesays.com\/de\/wp-json\/wp\/v2\/comments?post=966510"}],"version-history":[{"count":0,"href":"https:\/\/www.europesays.com\/de\/wp-json\/wp\/v2\/posts\/966510\/revisions"}],"wp:featuredmedia":[{"embeddable":true,"href":"https:\/\/www.europesays.com\/de\/wp-json\/wp\/v2\/media\/655895"}],"wp:attachment":[{"href":"https:\/\/www.europesays.com\/de\/wp-json\/wp\/v2\/media?parent=966510"}],"wp:term":[{"taxonomy":"category","embeddable":true,"href":"https:\/\/www.europesays.com\/de\/wp-json\/wp\/v2\/categories?post=966510"},{"taxonomy":"post_tag","embeddable":true,"href":"https:\/\/www.europesays.com\/de\/wp-json\/wp\/v2\/tags?post=966510"}],"curies":[{"name":"wp","href":"https:\/\/api.w.org\/{rel}","templated":true}]}}