{"id":96654,"date":"2025-05-09T10:09:13","date_gmt":"2025-05-09T10:09:13","guid":{"rendered":"https:\/\/www.europesays.com\/de\/96654\/"},"modified":"2025-05-09T10:09:13","modified_gmt":"2025-05-09T10:09:13","slug":"demonstrationen-in-herford-polizei-schuetzt-das-grundrecht-auf-versammlungsfreiheit","status":"publish","type":"post","link":"https:\/\/www.europesays.com\/de\/96654\/","title":{"rendered":"Demonstrationen in Herford &#8211; Polizei sch\u00fctzt das Grundrecht auf Versammlungsfreiheit"},"content":{"rendered":"<p class=\"bodytext\">Herford (ots) &#8211; (hd) Am Samstag (17.05.2025) werden nach derzeitigem Kenntnisstand parallel sieben Versammlungen in der Stadt Herford stattfinden. Die Polizei bereitet sich intensiv auf diesen Einsatz vor und wird das Grundrecht auf Versammlungsfreiheit mit einem erh\u00f6hten Kr\u00e4fteansatz sch\u00fctzen. Um 13:00 Uhr wird auf dem Alter Markt in Herford eine Auftaktkundgebung mit dem Thema &#8222;Demonstration f\u00fcr Recht und Ordnung &#8211; gegen Linksextremismus und rechtsfreie R\u00e4ume&#8220; stattfinden. Diese Versammlung wird im Anschluss durch die Innenstadt ziehen und nach einer Zwischenkundgebung zum Ausgangsort zur\u00fcckkehren. Der Versammlungsleiter erwartet 250 Teilnehmer. Ab 10:00 Uhr werden im Innenstadtbereich sechs Versammlungen durchgef\u00fchrt, die sich kritisch mit der erstgenannten Demonstration auseinandersetzen. Verschiedene B\u00fcndnisse, Vereine und Vereinigungen haben Versammlungen zu den Themen &#8222;F\u00fcr eine solidarische Gesellschaft&#8220;, &#8222;F\u00fcr Demokratie und Weltoffenheit &#8211; gegen Rechts&#8220;, &#8222;F\u00fcr ein Herford ohne Nazis&#8220;, &#8222;Gegen rechte Gewalt&#8220;, &#8222;Herford gegen Rechts &#8211; F\u00fcr Demokratie und Vielfalt&#8220; und &#8222;Gegen Neonazi-Aufmarsch in Herford&#8220; angezeigt. Zu diesen Versammlungen werden gegenw\u00e4rtig mindestens 900 Teilnehmer erwartet. Die Polizei hat das Ziel, alle genannten Versammlungen zu erm\u00f6glichen, die Versammlungsteilnehmerinnen und &#8211; teilnehmer zu sch\u00fctzen, St\u00f6rungen zu unterbinden und &#8211; falls notwendig &#8211; Straftaten konsequent zu verfolgen. Die Polizei ist hierbei in besonderem Ma\u00dfe zur Unparteilichkeit verpflichtet. Aufgrund der Versammlungslagen ist am 17.05.2025 mit Verkehrsbeeintr\u00e4chtigungen im Bereich der Innenstadt, insbesondere auf der Stra\u00dfe Auf der Freiheit, im Nahbereich der Marktpl\u00e4tze und im Umfeld des Bahnhofs, zu rechnen. B\u00fcrgerinnen und B\u00fcrger werden gebeten, diesen Umstand bei ihren pers\u00f6nlichen Planungen vorausschauend zu ber\u00fccksichtigen. Die Polizei wird fortlaufend weitere Informationen zum Versammlungsgeschehen ver\u00f6ffentlichen.<\/p>\n<p>R\u00fcckfragen bitte an:<\/p>\n<p>Kreispolizeibeh\u00f6rde Herford Pressestelle Herford Telefon: 05221 888 1250 E-Mail: pressestelle.herford@polizei.nrw.de<\/p>\n<p> Original-Content von: Kreispolizeibeh\u00f6rde Herford, \u00fcbermittelt durch news aktuell<\/p>\n","protected":false},"excerpt":{"rendered":"Herford (ots) &#8211; (hd) Am Samstag (17.05.2025) werden nach derzeitigem Kenntnisstand parallel sieben Versammlungen in der Stadt Herford&hellip;\n","protected":false},"author":2,"featured_media":31923,"comment_status":"","ping_status":"","sticky":false,"template":"","format":"standard","meta":{"footnotes":""},"categories":[1841],"tags":[1605,3364,29,30,1209,12925],"class_list":{"0":"post-96654","1":"post","2":"type-post","3":"status-publish","4":"format-standard","5":"has-post-thumbnail","7":"category-bielefeld","8":"tag-bielefeld","9":"tag-de","10":"tag-deutschland","11":"tag-germany","12":"tag-nordrhein-westfalen","13":"tag-polizeimeldungen"},"share_on_mastodon":{"url":"https:\/\/pubeurope.com\/@de\/114477333234619979","error":""},"_links":{"self":[{"href":"https:\/\/www.europesays.com\/de\/wp-json\/wp\/v2\/posts\/96654","targetHints":{"allow":["GET"]}}],"collection":[{"href":"https:\/\/www.europesays.com\/de\/wp-json\/wp\/v2\/posts"}],"about":[{"href":"https:\/\/www.europesays.com\/de\/wp-json\/wp\/v2\/types\/post"}],"author":[{"embeddable":true,"href":"https:\/\/www.europesays.com\/de\/wp-json\/wp\/v2\/users\/2"}],"replies":[{"embeddable":true,"href":"https:\/\/www.europesays.com\/de\/wp-json\/wp\/v2\/comments?post=96654"}],"version-history":[{"count":0,"href":"https:\/\/www.europesays.com\/de\/wp-json\/wp\/v2\/posts\/96654\/revisions"}],"wp:featuredmedia":[{"embeddable":true,"href":"https:\/\/www.europesays.com\/de\/wp-json\/wp\/v2\/media\/31923"}],"wp:attachment":[{"href":"https:\/\/www.europesays.com\/de\/wp-json\/wp\/v2\/media?parent=96654"}],"wp:term":[{"taxonomy":"category","embeddable":true,"href":"https:\/\/www.europesays.com\/de\/wp-json\/wp\/v2\/categories?post=96654"},{"taxonomy":"post_tag","embeddable":true,"href":"https:\/\/www.europesays.com\/de\/wp-json\/wp\/v2\/tags?post=96654"}],"curies":[{"name":"wp","href":"https:\/\/api.w.org\/{rel}","templated":true}]}}