{"id":966666,"date":"2026-04-23T08:56:17","date_gmt":"2026-04-23T08:56:17","guid":{"rendered":"https:\/\/www.europesays.com\/de\/966666\/"},"modified":"2026-04-23T08:56:17","modified_gmt":"2026-04-23T08:56:17","slug":"b55a-in-koeln-kalker-tunnel-gesperrt-probleme-fuer-autofahrer-und-pendler","status":"publish","type":"post","link":"https:\/\/www.europesays.com\/de\/966666\/","title":{"rendered":"B55a in K\u00f6ln: Kalker Tunnel gesperrt \u2013 Probleme f\u00fcr Autofahrer und Pendler"},"content":{"rendered":"<p>Einschr\u00e4nkungen im Verkehr <\/p>\n<p>Wichtiger Tunnel wird f\u00fcr mehrere N\u00e4chte gesperrt<\/p>\n<p>Aktualisiert am 22.04.2026 &#8211; 10:19 UhrLesedauer: 2 Min.<\/p>\n<p><a href=\"#focus-0\" class=\"transition-colors duration-200 block text-current relative\" data-sctrack=\"FocusGalleryImage.Reference\"><img fetchpriority=\"high\" data-testid=\"Opener.Image\" style=\"--lqipURL:url('https:\/\/images.t-online.de\/2026\/04\/0FR42SUDxdmc\/0x411:4000x2250\/fit-in\/150x0\/filters:blur(25)\/barken-an-einer-baustelle-symbolbild-autofahrer-muessen-sich-in-koeln-auf-einschraenkungen-einstellen.jpg')\"   loading=\"eager\" src=\"https:\/\/www.europesays.com\/de\/wp-content\/uploads\/2026\/04\/barken-an-einer-baustelle-symbolbild-autofahrer-muessen-sich-in-koeln-auf-einschraenkungen-einstelle.jpeg\" alt=\"Barken an einer Baustelle (Symbolbild): Autofahrer m\u00fcssen sich in K\u00f6ln auf Einschr\u00e4nkungen einstellen.\" title=\"Barken an einer Baustelle (Symbolbild): Autofahrer m\u00fcssen sich in K\u00f6ln auf Einschr\u00e4nkungen einstellen.\" width=\"4000\" height=\"2250\" class=\"bg-[url:var(--lqipURL)] bg-cover bg-center flex h-full w-full max-w-full\" decoding=\"async\"\/><img style=\"--width:32;--height:32\" loading=\"lazy\" src=\"https:\/\/koeln.t-online.de\/s\/paper\/_next\/static\/media\/zoom-in.f7dae02f.svg\" alt=\"Vergr\u00f6\u00dfern des Bildes\" title=\"Vergr\u00f6\u00dfern des Bildes\" class=\"block h-[calc(var(--height)_\/_16_*_1rem)] w-[calc(var(--width)_\/_16_*_1rem)] max-w-none absolute bottom-8 right-8 rounded-4 bg-snow p-8\" decoding=\"async\"\/><\/a><\/p>\n<p>Barken an einer Baustelle (Symbolbild): Autofahrer m\u00fcssen sich in K\u00f6ln auf Einschr\u00e4nkungen einstellen. (Quelle: Imago\/Rolf Poss)<\/p>\n<p class=\"font-bold text-18 leading-17 user-text-lg:text-22 user-text-xl:text-24\">An der K\u00f6lner Stadtautobahn B55a drohen tagelange Einschr\u00e4nkungen f\u00fcr Autofahrer. In mehreren N\u00e4chten wird eine Fahrtrichtung voll gesperrt.<\/p>\n<p class=\"text-18 leading-17 user-text-lg:text-22 user-text-xl:text-24\">Der <a class=\"transition-colors duration-200 cursor-pointer text-inherit no-underline text-salemsfur md:hover:text-magenta md:hover:border-magenta md:focus:text-magenta border-current border-b border-solid break-words\" data-tracking=\"{&quot;action&quot;:&quot;click&quot;,&quot;category&quot;:&quot;intextLink&quot;,&quot;label&quot;:&quot;\/region\/koeln\/id_100713450\/stau-in-koeln-chaos-in-der-city-unfallverursacher-fluechtet.html&quot;}\" href=\"https:\/\/koeln.t-online.de\/region\/koeln\/id_100713450\/stau-in-koeln-chaos-in-der-city-unfallverursacher-fluechtet.html\" data-sctrack=\"BodyAnchor\" rel=\"nofollow noopener\" target=\"_blank\">Kalker Tunnel in K\u00f6ln<\/a> wird ab Mittwoch, 22. April, teilweise voll gesperrt. Wie die Stadt mitteilte, stehen wichtige Wartungs- und Schulungsarbeiten an, die unter anderem die Sicherheitsausstattung des Tunnels umfassen. Damit die Einschr\u00e4nkungen f\u00fcr Autofahrer so gering wie m\u00f6glich ausfallen, werden die Arbeiten in den Abend- und Nachtstunden vorgenommen.<\/p>\n<p class=\"text-18 leading-17 user-text-lg:text-22 user-text-xl:text-24\">So wird der Tunnel in der Nacht auf Donnerstag und in der Nacht auf Freitag gesperrt und nur eingeschr\u00e4nkt befahrbar sein. Die Arbeiten finden jeweils von 22 bis 5 Uhr statt, wodurch der der Berufsverkehr nur minimal belastet werden soll. Immerhin wird der betroffene Abschnitt der B55a t\u00e4glich von mehr als 100.000 Fahrern genutzt.<\/p>\n<p class=\"text-18 leading-17 user-text-lg:text-22 user-text-xl:text-24\">Zun\u00e4chst sollen in der Nacht von Mittwoch auf Donnerstag alle Fahrspuren stadtausw\u00e4rts in Richtung Olpe gesperrt werden. Die Sperrung beginnt an der Ausfahrt Buchforst\/Kalk, Autofahrer k\u00f6nnen an der Solinger Stra\u00dfe abfahren. Eine Auffahrt ist dagegen im genannten Zeitraum nicht m\u00f6glich. Stadteinw\u00e4rts wird 400 Meter nach der Tunnelausfahrt zudem die linke Spur f\u00fcr Arbeiten am Mittelstreifen gesperrt. Autofahrer k\u00f6nnen die Baustellen aber weiterhin passieren.<\/p>\n<p class=\"text-18 leading-17 user-text-lg:text-22 user-text-xl:text-24\">In der Nacht von Donnerstag auf Freitag sind dann <a class=\"transition-colors duration-200 cursor-pointer text-inherit no-underline text-salemsfur md:hover:text-magenta md:hover:border-magenta md:focus:text-magenta border-current border-b border-solid break-words\" data-tracking=\"{&quot;action&quot;:&quot;click&quot;,&quot;category&quot;:&quot;intextLink&quot;,&quot;label&quot;:&quot;\/region\/koeln\/id_100864014\/koeln-bekommt-neuen-super-blitzer-das-muessen-autofahrer-wissen.html&quot;}\" href=\"https:\/\/koeln.t-online.de\/region\/koeln\/id_100864014\/koeln-bekommt-neuen-super-blitzer-das-muessen-autofahrer-wissen.html\" data-sctrack=\"BodyAnchor\" rel=\"nofollow noopener\" target=\"_blank\">alle Fahrspuren stadteinw\u00e4rts in Richtung K\u00f6ln-Zentrum voll gesperrt<\/a>. Die Sperrung beginnt dieses Mal auf H\u00f6he der Ausfahrt H\u00f6henberg\/Frankfurter Stra\u00dfe. Auch die Auffahrt Buchheimer Ring ist gesperrt. Auch dieses Mal finden stadtausw\u00e4rts Arbeiten am Mittelstreifen statt, diese beeintr\u00e4chtigen den Verkehr aber nur geringf\u00fcgig.<\/p>\n<p class=\"text-18 leading-17 user-text-lg:text-22 user-text-xl:text-24\">Umleitungen f\u00fcr betroffene Autofahrer werden fr\u00fchzeitig ausgeschildert. Diese m\u00fcssen allerdings Verz\u00f6gerungen in Kauf nehmen. Wer in den Sperrzeiten den betroffenen Streckenabschnitt passieren muss, sollte entweder eine Alternativroute einplanen oder wenn m\u00f6glich einen anderen Zeitraum nutzen, wenn der Tunnel wieder freigegeben ist.<\/p>\n","protected":false},"excerpt":{"rendered":"Einschr\u00e4nkungen im Verkehr Wichtiger Tunnel wird f\u00fcr mehrere N\u00e4chte gesperrt Aktualisiert am 22.04.2026 &#8211; 10:19 UhrLesedauer: 2 Min.&hellip;\n","protected":false},"author":2,"featured_media":966667,"comment_status":"","ping_status":"","sticky":false,"template":"","format":"standard","meta":{"footnotes":"","_share_on_mastodon":"0"},"categories":[1828],"tags":[90938,5543,22621,29,2785,4234,30,1420,1209,2224,5468,4733],"class_list":["post-966666","post","type-post","status-publish","format-standard","has-post-thumbnail","category-koeln","tag-90938","tag-autobahn","tag-berufsverkehr","tag-deutschland","tag-einschraenkung","tag-fahrtrichtung","tag-germany","tag-koeln","tag-nordrhein-westfalen","tag-sperrung","tag-stadtautobahn","tag-tunnel"],"share_on_mastodon":{"url":"https:\/\/pubeurope.com\/@de\/116453191965114472","error":""},"_links":{"self":[{"href":"https:\/\/www.europesays.com\/de\/wp-json\/wp\/v2\/posts\/966666","targetHints":{"allow":["GET"]}}],"collection":[{"href":"https:\/\/www.europesays.com\/de\/wp-json\/wp\/v2\/posts"}],"about":[{"href":"https:\/\/www.europesays.com\/de\/wp-json\/wp\/v2\/types\/post"}],"author":[{"embeddable":true,"href":"https:\/\/www.europesays.com\/de\/wp-json\/wp\/v2\/users\/2"}],"replies":[{"embeddable":true,"href":"https:\/\/www.europesays.com\/de\/wp-json\/wp\/v2\/comments?post=966666"}],"version-history":[{"count":0,"href":"https:\/\/www.europesays.com\/de\/wp-json\/wp\/v2\/posts\/966666\/revisions"}],"wp:featuredmedia":[{"embeddable":true,"href":"https:\/\/www.europesays.com\/de\/wp-json\/wp\/v2\/media\/966667"}],"wp:attachment":[{"href":"https:\/\/www.europesays.com\/de\/wp-json\/wp\/v2\/media?parent=966666"}],"wp:term":[{"taxonomy":"category","embeddable":true,"href":"https:\/\/www.europesays.com\/de\/wp-json\/wp\/v2\/categories?post=966666"},{"taxonomy":"post_tag","embeddable":true,"href":"https:\/\/www.europesays.com\/de\/wp-json\/wp\/v2\/tags?post=966666"}],"curies":[{"name":"wp","href":"https:\/\/api.w.org\/{rel}","templated":true}]}}