{"id":966882,"date":"2026-04-23T10:59:17","date_gmt":"2026-04-23T10:59:17","guid":{"rendered":"https:\/\/www.europesays.com\/de\/966882\/"},"modified":"2026-04-23T10:59:17","modified_gmt":"2026-04-23T10:59:17","slug":"vorwurf-versuchter-totschlag-pfleger-beteuert-mitleid","status":"publish","type":"post","link":"https:\/\/www.europesays.com\/de\/966882\/","title":{"rendered":"Vorwurf versuchter Totschlag: Pfleger beteuert Mitleid"},"content":{"rendered":"<p>Prozess <\/p>\n<p>Vorwurf versuchter Totschlag: Pfleger beteuert Mitleid<\/p>\n<p>Aktualisiert am 23.04.2026 &#8211; 12:37 UhrLesedauer: 2 Min.<\/p>\n<p><a href=\"#focus-0\" class=\"transition-colors duration-200 block text-current relative\" data-sctrack=\"FocusGalleryImage.Reference\"><img fetchpriority=\"high\" data-testid=\"Opener.Image\" style=\"--lqipURL:url('https:\/\/images.t-online.de\/2026\/04\/JDg2VwMSkA-s\/0x107:2048x1152\/fit-in\/150x0\/filters:blur(25)\/am-landgerichts-in-muenster-hat-der-prozess-gegen-einen-krankenpfleger-begonnen-der-einem-patienten-eine-zu-hohe-dosis-morphium-gegeben-hatte-archivbild.jpg')\"   loading=\"eager\" src=\"https:\/\/www.europesays.com\/de\/wp-content\/uploads\/2026\/04\/am-landgerichts-in-muenster-hat-der-prozess-gegen-einen-krankenpfleger-begonnen-der-einem-patienten-.jpeg\" alt=\"Landgericht M\u00fcnster verhandelt Tod eines Sterbenskranken\" title=\"Landgericht M\u00fcnster verhandelt Tod eines Sterbenskranken\" width=\"2048\" height=\"1152\" class=\"bg-[url:var(--lqipURL)] bg-cover bg-center flex h-full w-full max-w-full\" decoding=\"async\"\/><img style=\"--width:32;--height:32\" loading=\"lazy\" src=\"https:\/\/muenster.t-online.de\/s\/paper\/_next\/static\/media\/zoom-in.f7dae02f.svg\" alt=\"Vergr\u00f6\u00dfern des Bildes\" title=\"Vergr\u00f6\u00dfern des Bildes\" class=\"block h-[calc(var(--height)_\/_16_*_1rem)] w-[calc(var(--width)_\/_16_*_1rem)] max-w-none absolute bottom-8 right-8 rounded-4 bg-snow p-8\" decoding=\"async\"\/><\/a><\/p>\n<p>Am Landgerichts in M\u00fcnster hat der Prozess gegen einen Krankenpfleger begonnen, der einem Patienten eine zu hohe Dosis Morphium gegeben hatte. (Archivbild) (Quelle: Fabian Strauch\/dpa\/dpa-bilder)<\/p>\n<p class=\"font-bold text-18 leading-17 user-text-lg:text-22 user-text-xl:text-24\">Ein Krankenpfleger steht in M\u00fcnster vor Gericht: Er soll einem sterbenskranken Patienten eigenm\u00e4chtig eine hohe Morphium-Dosis verabreicht haben. Er spricht von Mitleid &#8211; die Anklage sieht das anders.<\/p>\n<p class=\"text-18 leading-17 user-text-lg:text-22 user-text-xl:text-24\">Ein Krankenpfleger hatte einem sterbenskranken Patienten in einem Krankenhaus in M\u00fcnster eigenm\u00e4chtig eine \u00dcberdosis Morphium gespritzt. Der Mann war kurz darauf verstorben. Wegen versuchten Totschlags steht der 28-J\u00e4hrige jetzt vor dem Landgericht M\u00fcnster. Er selbst sagt, er habe aus Mitleid gehandelt. Zum Prozessauftakt lie\u00df er eine Erkl\u00e4rung von seinem Anwalt verlesen.<\/p>\n<p class=\"text-18 leading-17 user-text-lg:text-22 user-text-xl:text-24\">Der 91-j\u00e4hrige Patient hatte an Darmkrebs im Endstadium gelitten und wurde auf der Palliativstation eines Krankenhauses in M\u00fcnster behandelt. Laut Staatsanwaltschaft hatte er nur noch eine Lebenserwartung von wenigen Tagen. Kurz vor seinem Tod habe der Patient unter starken Schmerzen und Luftnot gelitten, mit letzter Kraft habe er das Wort &#8222;sterben&#8220; hervorgebracht, lie\u00df der Angeklagte heute seine Darstellung durch seinen Anwalt verlesen. Der Patient habe gekrampft und sich gequ\u00e4lt, da habe er ihm helfen wollen. An diesem Tag im Sommer 2023 sei ein Arzt f\u00fcr mehrere Stationen zust\u00e4ndig und f\u00fcr ihn nicht erreichbar gewesen, so der Angeklagte. Darum habe er entschieden, die vom Arzt verordnete Dosis Morphin eigenm\u00e4chtig auf 50 Milligramm zu erh\u00f6hen. <\/p>\n<p class=\"text-18 leading-17 user-text-lg:text-22 user-text-xl:text-24\">Laut Anklage h\u00e4tte der Pfleger wissen m\u00fcssen, dass die Menge t\u00f6dlich war. Er habe aber nach seiner Sp\u00e4tschicht das Krankenhaus verlassen, ohne einem Arzt von dem Vorfall zu berichten. Der Patient war kurz danach verstorben &#8211; ob an seiner Grunderkrankung oder aufgrund des Morphins ist laut Aussage des Staatsanwalts nicht mehr festzustellen.<\/p>\n<p class=\"text-18 leading-17 user-text-lg:text-22 user-text-xl:text-24\">Neben versuchtem Totschlag wirft die Staatsanwaltschaft dem Krankenpfleger auch Urkundenf\u00e4lschung vor. Er soll die Medikamentengabe nicht wie vorgeschrieben dokumentiert, sondern mit falschen Eintragungen verschleiert haben. Der Angeklagte r\u00e4umte das ein und sagte, er habe damit arbeitsrechtliche Konsequenzen vermeiden wollen.<\/p>\n<p class=\"text-18 leading-17 user-text-lg:text-22 user-text-xl:text-24\">Den Vorwurf des versuchten Totschlags k\u00f6nne er nicht verstehen, so der Krankenpfleger in seiner schriftlichen Einlassung. &#8222;Ich bin entsetzt und schockiert, dass mir unterstellt wird, mir sei es um die T\u00f6tung gegangen.&#8220; Er habe nach bestem Gewissen gehandelt, um dem Patienten zu helfen.<\/p>\n<p class=\"text-18 leading-17 user-text-lg:text-22 user-text-xl:text-24\">Das Landgericht hat noch drei weitere Prozesstage geplant. Das Urteil ist f\u00fcr den 13. Mai geplant.<\/p>\n","protected":false},"excerpt":{"rendered":"Prozess Vorwurf versuchter Totschlag: Pfleger beteuert Mitleid Aktualisiert am 23.04.2026 &#8211; 12:37 UhrLesedauer: 2 Min. Am Landgerichts in&hellip;\n","protected":false},"author":2,"featured_media":966883,"comment_status":"","ping_status":"","sticky":false,"template":"","format":"standard","meta":{"footnotes":"","_share_on_mastodon":"0"},"categories":[1843],"tags":[3364,29,30,56854,8970,1209,1997,6148],"class_list":["post-966882","post","type-post","status-publish","format-standard","has-post-thumbnail","category-muenster","tag-de","tag-deutschland","tag-germany","tag-mitleid","tag-muenster","tag-nordrhein-westfalen","tag-staatsanwaltschaft","tag-totschlag"],"share_on_mastodon":{"url":"https:\/\/pubeurope.com\/@de\/116453676525872777","error":""},"_links":{"self":[{"href":"https:\/\/www.europesays.com\/de\/wp-json\/wp\/v2\/posts\/966882","targetHints":{"allow":["GET"]}}],"collection":[{"href":"https:\/\/www.europesays.com\/de\/wp-json\/wp\/v2\/posts"}],"about":[{"href":"https:\/\/www.europesays.com\/de\/wp-json\/wp\/v2\/types\/post"}],"author":[{"embeddable":true,"href":"https:\/\/www.europesays.com\/de\/wp-json\/wp\/v2\/users\/2"}],"replies":[{"embeddable":true,"href":"https:\/\/www.europesays.com\/de\/wp-json\/wp\/v2\/comments?post=966882"}],"version-history":[{"count":0,"href":"https:\/\/www.europesays.com\/de\/wp-json\/wp\/v2\/posts\/966882\/revisions"}],"wp:featuredmedia":[{"embeddable":true,"href":"https:\/\/www.europesays.com\/de\/wp-json\/wp\/v2\/media\/966883"}],"wp:attachment":[{"href":"https:\/\/www.europesays.com\/de\/wp-json\/wp\/v2\/media?parent=966882"}],"wp:term":[{"taxonomy":"category","embeddable":true,"href":"https:\/\/www.europesays.com\/de\/wp-json\/wp\/v2\/categories?post=966882"},{"taxonomy":"post_tag","embeddable":true,"href":"https:\/\/www.europesays.com\/de\/wp-json\/wp\/v2\/tags?post=966882"}],"curies":[{"name":"wp","href":"https:\/\/api.w.org\/{rel}","templated":true}]}}