{"id":967193,"date":"2026-04-23T13:59:57","date_gmt":"2026-04-23T13:59:57","guid":{"rendered":"https:\/\/www.europesays.com\/de\/967193\/"},"modified":"2026-04-23T13:59:57","modified_gmt":"2026-04-23T13:59:57","slug":"wuppertal-autovermietung-fischer-schliesst-nach-60-jahren","status":"publish","type":"post","link":"https:\/\/www.europesays.com\/de\/967193\/","title":{"rendered":"Wuppertal: Autovermietung Fischer schlie\u00dft nach 60 Jahren"},"content":{"rendered":"<p class=\"text_ohne_einzug richtext text-em-55 !leading-serif mx-6 desktop:mx-0\">Es ist beinahe ein unspektakul\u00e4rer Abschied, denn die Fischer Autovermietung ist nicht etwa pleite gegangen, es gab auch keine lange H\u00e4ngepartie um m\u00f6gliche Nachfolger und auch sonst ist es eher ein unpr\u00e4tenti\u00f6ser Abschied: Andrea Morgenroth, ihr Mann Dirk und Bruder Volker Fischer haben sich schlichtweg aus Altersgr\u00fcnden entschieden, das Familienunternehmen nach 60 Jahren aufzugeben. So unspektakul\u00e4r die Geschichte hinter der Schlie\u00dfung auch sein mag, mit der Schlie\u00dfung endet ein Kapitel lokaler Wirtschaftsgeschichte.<\/p>\n","protected":false},"excerpt":{"rendered":"Es ist beinahe ein unspektakul\u00e4rer Abschied, denn die Fischer Autovermietung ist nicht etwa pleite gegangen, es gab auch&hellip;\n","protected":false},"author":2,"featured_media":967194,"comment_status":"","ping_status":"","sticky":false,"template":"","format":"standard","meta":{"footnotes":"","_share_on_mastodon":"0"},"categories":[1840],"tags":[12181,513,92881,14075,3364,29,553,16085,28887,30,2989,65455,210083,1209,210082,11179,62061,3552,4418],"class_list":["post-967193","post","type-post","status-publish","format-standard","has-post-thumbnail","category-wuppertal","tag-andrea","tag-auto","tag-autovermietung","tag-betrieb","tag-de","tag-deutschland","tag-familie","tag-familienbetrieb","tag-familienurlaub","tag-germany","tag-geschichte","tag-lokaler","tag-morgenroth","tag-nordrhein-westfalen","tag-siegfried-fischer","tag-werkstatt","tag-wirtschaftsgeschichte","tag-wolfgang","tag-wuppertal"],"share_on_mastodon":{"url":"https:\/\/pubeurope.com\/@de\/116454387084130543","error":""},"_links":{"self":[{"href":"https:\/\/www.europesays.com\/de\/wp-json\/wp\/v2\/posts\/967193","targetHints":{"allow":["GET"]}}],"collection":[{"href":"https:\/\/www.europesays.com\/de\/wp-json\/wp\/v2\/posts"}],"about":[{"href":"https:\/\/www.europesays.com\/de\/wp-json\/wp\/v2\/types\/post"}],"author":[{"embeddable":true,"href":"https:\/\/www.europesays.com\/de\/wp-json\/wp\/v2\/users\/2"}],"replies":[{"embeddable":true,"href":"https:\/\/www.europesays.com\/de\/wp-json\/wp\/v2\/comments?post=967193"}],"version-history":[{"count":0,"href":"https:\/\/www.europesays.com\/de\/wp-json\/wp\/v2\/posts\/967193\/revisions"}],"wp:featuredmedia":[{"embeddable":true,"href":"https:\/\/www.europesays.com\/de\/wp-json\/wp\/v2\/media\/967194"}],"wp:attachment":[{"href":"https:\/\/www.europesays.com\/de\/wp-json\/wp\/v2\/media?parent=967193"}],"wp:term":[{"taxonomy":"category","embeddable":true,"href":"https:\/\/www.europesays.com\/de\/wp-json\/wp\/v2\/categories?post=967193"},{"taxonomy":"post_tag","embeddable":true,"href":"https:\/\/www.europesays.com\/de\/wp-json\/wp\/v2\/tags?post=967193"}],"curies":[{"name":"wp","href":"https:\/\/api.w.org\/{rel}","templated":true}]}}