{"id":967335,"date":"2026-04-23T15:22:26","date_gmt":"2026-04-23T15:22:26","guid":{"rendered":"https:\/\/www.europesays.com\/de\/967335\/"},"modified":"2026-04-23T15:22:26","modified_gmt":"2026-04-23T15:22:26","slug":"karlsruhe-bgh-prueft-familienstreit-zu-ueberwachung-in-privater-kueche-2","status":"publish","type":"post","link":"https:\/\/www.europesays.com\/de\/967335\/","title":{"rendered":"Karlsruhe: BGH pr\u00fcft Familienstreit zu \u00dcberwachung in privater K\u00fcche"},"content":{"rendered":"<p>\t\t\t\t\t\t\t\t\t\t\t\t\t\t\t\t\t\t\t\t\t\t\t\t\t\t\t\t      \t\t            \t\t             \t\t\t\t   \t\t\t\t\t   <img decoding=\"async\" id=\"article-image\" fetchpriority=\"high\" alt=\"Karlsruhe: BGH pr\u00fcft Familienstreit zu \u00dcberwachung in privater K\u00fcche\" title=\"Karlsruhe: BGH pr\u00fcft Familienstreit zu \u00dcberwachung in privater K\u00fcche\" src=\"https:\/\/www.europesays.com\/de\/wp-content\/uploads\/2026\/04\/media.media.d92bf473-b63a-44b7-950b-106a356798da.16x9_700.jpg\" data-linkto=\"https:\/\/www.stuttgarter-nachrichten.de\/javascript:void(0);\"\/>\t\t\t\t\t\t\t\t\t\t\t\t\t\t\t\t\t\t\t\t\t\t\t\tDer Bundesgerichtshof in Karlsruhe (Symbolbild).\u00a0Foto: IMAGO\/Arnulf Hettrich\t\t\t<\/p>\n<p>Eine Frau wird in der K\u00fcche ihrer Tochter von einer \u00dcberwachungskamera gefilmt. Der anschlie\u00dfende Rechtsstreit geht bis vors h\u00f6chste deutsche Zivilgericht.<\/p>\n<p>Der Bundesgerichtshof (<a href=\"https:\/\/www.stuttgarter-nachrichten.de\/thema\/BGH\" title=\"BGH\" class=\"art_thema\" rel=\"nofollow noopener\" target=\"_blank\">BGH<\/a>) nimmt die Video\u00fcberwachung einer privaten Wohnk\u00fcche unter die Lupe. In dem Verfahren klagt eine Frau gegen ihre Tochter und deren Ehemann, nachdem sie wohl ohne ihr Wissen in der K\u00fcche der Eheleute von einer \u00dcberwachungskamera gefilmt worden war. Der BGH soll kl\u00e4ren, ob das gegen die Europ\u00e4ische Datenschutz-Grundverordnung (DSGVO) oder deutsches b\u00fcrgerliches Recht verst\u00f6\u00dft.<\/p>\n<p>In dem Verfahren stellten sich \u201eeine ganze Reihe von nicht ganz einfachen Fragen\u201c, sagte der Vorsitzende Richter, Thomas Koch, zu Beginn der m\u00fcndlichen Verhandlung am Donnerstag. Unter anderem ging es in <a href=\"https:\/\/www.stuttgarter-nachrichten.de\/thema\/Karlsruhe\" title=\"Karlsruhe\" class=\"art_thema\" rel=\"nofollow noopener\" target=\"_blank\">Karlsruhe<\/a> darum, ob eine in der DSGVO enthaltene Haushaltsausnahme greift. Danach gelten die europ\u00e4ischen Datenschutzregeln explizit nicht f\u00fcr die Aus\u00fcbung rein \u201epers\u00f6nlicher oder famili\u00e4rer T\u00e4tigkeiten\u201c.<\/p>\n<p>Fragen zu Definition in EU-Regelung <\/p>\n<p>Die Kl\u00e4gerin und die beklagten Eheleute wohnten gemeinsam im Haus des Paares &#8211; die Mutter in einer Wohnung in der oberen Etage, die Tochter und der Schwiegersohn im unteren Bereich. Die Mutter durfte die unten gelegene K\u00fcche betreten, die von den Beklagten mit einer Videokamera \u00fcberwacht wurde. Im Zusammenhang mit einer Strafanzeige gegen ihre Mutter wegen mutma\u00dflichen Diebstahls gab die Tochter Aufnahmen an die Polizei weiter. Die Mutter h\u00e4lt das f\u00fcr unzul\u00e4ssig und klagt etwa auf L\u00f6schung der Daten und Schmerzensgeld.<\/p>\n<p>Das Oberlandesgericht Celle hatte in der Vorinstanz entschieden, dass in dem vorliegenden Fall kein DSGVO-Versto\u00df vorliege, da sich die Video\u00fcberwachung auf den privaten Wohnraum beschr\u00e4nkte. Der erste Zivilsenat des BGH \u00e4u\u00dferte daran in seiner vorl\u00e4ufigen Einsch\u00e4tzung allerdings Zweifel. So sei nicht ganz klar, wie der \u201efamili\u00e4re\u201c Bereich in der Haushaltsausnahme zu definieren sei, gab Koch zu bedenken. Wom\u00f6glich m\u00fcsste auch ber\u00fccksichtigt werden, dass der Zweck der \u00dcberwachung wohl die Erstattung einer Strafanzeige war.<\/p>\n<p>Und so k\u00f6nnte der BGH zu der Auslegung am Ende auch den Europ\u00e4ischen Gerichtshof (EuGH) befragen. Eine Vorlage an die Luxemburger Richterinnen und Richter werde \u201eernsthaft in Betracht\u201c gezogen, sagte Koch zum Schluss der Verhandlung. Die Entscheidung dar\u00fcber f\u00e4llt am BGH aber wohl erst in einigen Monaten. <\/p>\n<p># &#8211; Video\u00fcberwachung in der Wohnung <\/p>\n","protected":false},"excerpt":{"rendered":"Der Bundesgerichtshof in Karlsruhe (Symbolbild).\u00a0Foto: IMAGO\/Arnulf Hettrich Eine Frau wird in der K\u00fcche ihrer Tochter von einer \u00dcberwachungskamera&hellip;\n","protected":false},"author":2,"featured_media":967336,"comment_status":"","ping_status":"","sticky":false,"template":"","format":"standard","meta":{"footnotes":"","_share_on_mastodon":"0"},"categories":[1844],"tags":[1634,6645,3364,29,30,3523,8903,45129],"class_list":["post-967335","post","type-post","status-publish","format-standard","has-post-thumbnail","category-karlsruhe","tag-baden-wuerttemberg","tag-bgh","tag-de","tag-deutschland","tag-germany","tag-kamera","tag-karlsruhe","tag-ueberwachung"],"share_on_mastodon":{"url":"https:\/\/pubeurope.com\/@de\/116454710647571153","error":""},"_links":{"self":[{"href":"https:\/\/www.europesays.com\/de\/wp-json\/wp\/v2\/posts\/967335","targetHints":{"allow":["GET"]}}],"collection":[{"href":"https:\/\/www.europesays.com\/de\/wp-json\/wp\/v2\/posts"}],"about":[{"href":"https:\/\/www.europesays.com\/de\/wp-json\/wp\/v2\/types\/post"}],"author":[{"embeddable":true,"href":"https:\/\/www.europesays.com\/de\/wp-json\/wp\/v2\/users\/2"}],"replies":[{"embeddable":true,"href":"https:\/\/www.europesays.com\/de\/wp-json\/wp\/v2\/comments?post=967335"}],"version-history":[{"count":0,"href":"https:\/\/www.europesays.com\/de\/wp-json\/wp\/v2\/posts\/967335\/revisions"}],"wp:featuredmedia":[{"embeddable":true,"href":"https:\/\/www.europesays.com\/de\/wp-json\/wp\/v2\/media\/967336"}],"wp:attachment":[{"href":"https:\/\/www.europesays.com\/de\/wp-json\/wp\/v2\/media?parent=967335"}],"wp:term":[{"taxonomy":"category","embeddable":true,"href":"https:\/\/www.europesays.com\/de\/wp-json\/wp\/v2\/categories?post=967335"},{"taxonomy":"post_tag","embeddable":true,"href":"https:\/\/www.europesays.com\/de\/wp-json\/wp\/v2\/tags?post=967335"}],"curies":[{"name":"wp","href":"https:\/\/api.w.org\/{rel}","templated":true}]}}