{"id":967343,"date":"2026-04-23T15:26:19","date_gmt":"2026-04-23T15:26:19","guid":{"rendered":"https:\/\/www.europesays.com\/de\/967343\/"},"modified":"2026-04-23T15:26:19","modified_gmt":"2026-04-23T15:26:19","slug":"vordorf-bluehende-landschaften-tulpenfelder-oeffnen-fuer-besucher","status":"publish","type":"post","link":"https:\/\/www.europesays.com\/de\/967343\/","title":{"rendered":"Vordorf | Bl\u00fchende Landschaften \u2013 Tulpenfelder \u00f6ffnen f\u00fcr Besucher"},"content":{"rendered":"<p>Vordorf (dpa) &#8211; Ein farbenpr\u00e4chtiges Tulpenfeld bei Braunschweig soll am Wochenende wieder Tausende Besucher anlocken. Zum \u00abTag des offenen Tulpenfeldes\u00bb am Sonntag rechnen die Veranstalter mit 7.000 bis 10.000 G\u00e4sten, wie Mitorganisator Paul Schofer sagte.<\/p>\n<p>Auf dem Feld nahe Vordorf im Landkreis Gifhorn in Niedersachsen bl\u00fchten derzeit rund zehn Millionen Tulpen in verschiedenen Farben. Besucher k\u00f6nnten das Gel\u00e4nde an einem Tag betreten, Fotos machen und sich vor Ort verpflegen, erkl\u00e4rte Schofer. Der Zugang ist nur mit Ticket m\u00f6glich.<\/p>\n<p>Betreten der Felder au\u00dferhalb des Aktionstags nicht erlaubt<\/p>\n<p>Die Veranstaltung findet bereits zum vierten Mal statt. Hintergrund ist nach Angaben des Landwirts die eigentliche Nutzung der Pflanzen: Die Tulpen w\u00fcrden zur Zwiebelvermehrung angebaut und seien nicht als Schau gedacht. \u00abWir haben gemerkt, dass die Bl\u00fcte so viel Zulauf hat, dass wir das geb\u00fcndelt haben\u00bb, sagte Schofer. Au\u00dferhalb des Aktionstags sei das Betreten der Felder nicht erlaubt.<\/p>\n<p>Der Anbau von Tulpen zur Zwiebelproduktion ist in Deutschland selten. Nach Angaben Schofers gibt es nur wenige Betriebe, die dies in gr\u00f6\u00dferem Umfang betreiben. \u00abEs ist ein Unikum, weil es das einfach in Deutschland sonst so nicht gibt\u00bb, sagte er.<\/p>\n<p>F\u00fcr dieses Jahr bereits mehr Tickets verkauft<\/p>\n<p>Im vergangenen Jahr kamen den Angaben zufolge rund 7.000 Besucher. F\u00fcr dieses Jahr seien bereits mehr Tickets verkauft worden als zum gleichen Zeitpunkt des vergangenen Jahres. Neben dem Zugang zu den Feldern werden Verpflegungsangebote von lokalen Vereinen organisiert.<\/p>\n","protected":false},"excerpt":{"rendered":"Vordorf (dpa) &#8211; Ein farbenpr\u00e4chtiges Tulpenfeld bei Braunschweig soll am Wochenende wieder Tausende Besucher anlocken. Zum \u00abTag des&hellip;\n","protected":false},"author":2,"featured_media":967344,"comment_status":"","ping_status":"","sticky":false,"template":"","format":"standard","meta":{"footnotes":"","_share_on_mastodon":"0"},"categories":[1841],"tags":[36814,1605,9399,3364,29,30,4615,6237,1411,1209,2191],"class_list":["post-967343","post","type-post","status-publish","format-standard","has-post-thumbnail","category-bielefeld","tag-agrar","tag-bielefeld","tag-blumen","tag-de","tag-deutschland","tag-germany","tag-landwirtschaft","tag-natur","tag-niedersachsen","tag-nordrhein-westfalen","tag-pflanzen"],"share_on_mastodon":{"url":"https:\/\/pubeurope.com\/@de\/116454725334732134","error":""},"_links":{"self":[{"href":"https:\/\/www.europesays.com\/de\/wp-json\/wp\/v2\/posts\/967343","targetHints":{"allow":["GET"]}}],"collection":[{"href":"https:\/\/www.europesays.com\/de\/wp-json\/wp\/v2\/posts"}],"about":[{"href":"https:\/\/www.europesays.com\/de\/wp-json\/wp\/v2\/types\/post"}],"author":[{"embeddable":true,"href":"https:\/\/www.europesays.com\/de\/wp-json\/wp\/v2\/users\/2"}],"replies":[{"embeddable":true,"href":"https:\/\/www.europesays.com\/de\/wp-json\/wp\/v2\/comments?post=967343"}],"version-history":[{"count":0,"href":"https:\/\/www.europesays.com\/de\/wp-json\/wp\/v2\/posts\/967343\/revisions"}],"wp:featuredmedia":[{"embeddable":true,"href":"https:\/\/www.europesays.com\/de\/wp-json\/wp\/v2\/media\/967344"}],"wp:attachment":[{"href":"https:\/\/www.europesays.com\/de\/wp-json\/wp\/v2\/media?parent=967343"}],"wp:term":[{"taxonomy":"category","embeddable":true,"href":"https:\/\/www.europesays.com\/de\/wp-json\/wp\/v2\/categories?post=967343"},{"taxonomy":"post_tag","embeddable":true,"href":"https:\/\/www.europesays.com\/de\/wp-json\/wp\/v2\/tags?post=967343"}],"curies":[{"name":"wp","href":"https:\/\/api.w.org\/{rel}","templated":true}]}}