{"id":967382,"date":"2026-04-23T15:56:24","date_gmt":"2026-04-23T15:56:24","guid":{"rendered":"https:\/\/www.europesays.com\/de\/967382\/"},"modified":"2026-04-23T15:56:24","modified_gmt":"2026-04-23T15:56:24","slug":"hannover-messe-maschmeyer-jedes-unternehmen-muss-ein-ki-unternehmen-sein","status":"publish","type":"post","link":"https:\/\/www.europesays.com\/de\/967382\/","title":{"rendered":"Hannover Messe: Maschmeyer: Jedes Unternehmen muss ein KI-Unternehmen sein"},"content":{"rendered":"<p class=\"fp-paragraph\"><strong>Hannover<\/strong> &#8211; Der Finanzunternehmer Carsten Maschmeyer (66) wirbt f\u00fcr einen deutlich st\u00e4rkeren Einsatz von K\u00fcnstlicher Intelligenz in der Industrie. Jedes Unternehmen m\u00fcsse ein KI-Unternehmen sein, sagte er auf der Hannover Messe. Das gelte f\u00fcr Maschinenbauer, Hidden Champions, Marktf\u00fchrer, Zulieferer und erst recht f\u00fcr Start-ups.\u00a0<\/p>\n<p class=\"fp-paragraph\">Deutschland habe daf\u00fcr gute Voraussetzungen, sagte Maschmeyer. Das Land verf\u00fcge \u00fcber eine starke industrielle Basis und \u00fcber gewachsene Ingenieurkompetenz \u2013 \u201eauch wenn die Regierung und die B\u00fcrokratie versuchen, das abzuschaffen\u201c. Die Maschinen der Unternehmen generierten t\u00e4glich riesige Datenmengen. Dieser Datenschatz m\u00fcsse gehoben werden und sei die Chance, \u201edass aus einer KI-Revolution weltweit eine Evolution made in Germany entsteht\u201c.\u00a0<\/p>\n<p>Maschmeyer, der Dichter\u00a0<\/p>\n<p class=\"fp-paragraph\">Kurz versuchte sich der aus der Fernsehsendung \u201eDie H\u00f6hle der L\u00f6wen\u201c bekannte Unternehmer als Dichter: \u201eReimt sich auch: Industrie mit KI.\u201c In der industriellen Anwendung sei Deutschland besser als viele denken, sagte er. Bei Investitionen sieht er jedoch Vorteile in den USA: H\u00e4tte er die Wahl zwischen einem europ\u00e4ischen und einem US-Start-up mit \u00e4hnlichem Gesch\u00e4ftsmodell, w\u00fcrde er sich f\u00fcr ein Unternehmen in den USA entscheiden. Als Gr\u00fcnde nannte er strengere Datenschutzregeln und die europ\u00e4ische KI-Verordnung.\u00a0<\/p>\n<p>Von gro\u00dfen Industrietankern und Schnellbooten\u00a0<\/p>\n<p class=\"fp-paragraph\">Zugleich pl\u00e4dierte Maschmeyer f\u00fcr eine engere Zusammenarbeit etablierter Industriekonzerne mit jungen Firmen. \u201eGro\u00dfe Industrietanker sind oft zu schwerf\u00e4llig unterwegs. Und genau hier bietet es sich an, diese kleinen Schnellboote dazuzunehmen.\u201c Diese d\u00fcrften dann aber nicht in bestehende Strukturen gepresst werden. \u201eDas ist genauso langsam wie der Laden vorher.\u201c\u00a0<\/p>\n<p class=\"fp-paragraph\">In Start-ups m\u00fcssten andere Arbeitsweisen m\u00f6glich sein, sagte Maschmeyer. Mitarbeitende sollten sich etwa \u201everr\u00fcckter anziehen\u201c und auch sp\u00e4ter mit der Arbeit beginnen d\u00fcrfen. \u201eDie programmieren ja lieber nachts.\u201c Etablierte Unternehmen k\u00f6nnten davon auf mehreren Wegen profitieren \u2013 als Kunden, als Investoren und durch gemeinsame Innovationsprozesse. Gerade in Deutschland gebe es \u201eganz tolle KI-Start-ups\u201c, die bestehende Strukturen optimieren k\u00f6nnten.<\/p>\n","protected":false},"excerpt":{"rendered":"Hannover &#8211; Der Finanzunternehmer Carsten Maschmeyer (66) wirbt f\u00fcr einen deutlich st\u00e4rkeren Einsatz von K\u00fcnstlicher Intelligenz in der&hellip;\n","protected":false},"author":2,"featured_media":967383,"comment_status":"","ping_status":"","sticky":false,"template":"","format":"standard","meta":{"footnotes":"","_share_on_mastodon":"0"},"categories":[1836],"tags":[30721,3364,29,30,46,54,1256,2549,3800,1411],"class_list":["post-967382","post","type-post","status-publish","format-standard","has-post-thumbnail","category-hannover","tag-carsten-maschmeyer","tag-de","tag-deutschland","tag-germany","tag-hannover","tag-industrie","tag-kuenstliche-intelligenz","tag-leute","tag-messen","tag-niedersachsen"],"share_on_mastodon":{"url":"https:\/\/pubeurope.com\/@de\/116454843106184548","error":""},"_links":{"self":[{"href":"https:\/\/www.europesays.com\/de\/wp-json\/wp\/v2\/posts\/967382","targetHints":{"allow":["GET"]}}],"collection":[{"href":"https:\/\/www.europesays.com\/de\/wp-json\/wp\/v2\/posts"}],"about":[{"href":"https:\/\/www.europesays.com\/de\/wp-json\/wp\/v2\/types\/post"}],"author":[{"embeddable":true,"href":"https:\/\/www.europesays.com\/de\/wp-json\/wp\/v2\/users\/2"}],"replies":[{"embeddable":true,"href":"https:\/\/www.europesays.com\/de\/wp-json\/wp\/v2\/comments?post=967382"}],"version-history":[{"count":0,"href":"https:\/\/www.europesays.com\/de\/wp-json\/wp\/v2\/posts\/967382\/revisions"}],"wp:featuredmedia":[{"embeddable":true,"href":"https:\/\/www.europesays.com\/de\/wp-json\/wp\/v2\/media\/967383"}],"wp:attachment":[{"href":"https:\/\/www.europesays.com\/de\/wp-json\/wp\/v2\/media?parent=967382"}],"wp:term":[{"taxonomy":"category","embeddable":true,"href":"https:\/\/www.europesays.com\/de\/wp-json\/wp\/v2\/categories?post=967382"},{"taxonomy":"post_tag","embeddable":true,"href":"https:\/\/www.europesays.com\/de\/wp-json\/wp\/v2\/tags?post=967382"}],"curies":[{"name":"wp","href":"https:\/\/api.w.org\/{rel}","templated":true}]}}