{"id":967449,"date":"2026-04-23T16:37:21","date_gmt":"2026-04-23T16:37:21","guid":{"rendered":"https:\/\/www.europesays.com\/de\/967449\/"},"modified":"2026-04-23T16:37:21","modified_gmt":"2026-04-23T16:37:21","slug":"marie-louise-eta-scharfe-kritik-fuer-post-von-rb-leipzig-klub-reagiert","status":"publish","type":"post","link":"https:\/\/www.europesays.com\/de\/967449\/","title":{"rendered":"Marie-Louise Eta: Scharfe Kritik f\u00fcr Post von RB Leipzig \u2013 Klub reagiert"},"content":{"rendered":"<p>Sexismus-Vorw\u00fcrfe <\/p>\n<p>Post zu Eta: Scharfe Kritik an RB Leipzig \u2013 Klub reagiert<\/p>\n<p>23.04.2026 &#8211; 17:35 UhrLesedauer: 2 Min.<\/p>\n<p><a href=\"#focus-0\" class=\"transition-colors duration-200 block text-current relative\" data-sctrack=\"FocusGalleryImage.Reference\"><img fetchpriority=\"high\" data-testid=\"Opener.Image\" style=\"--lqipURL:url('https:\/\/images.t-online.de\/2026\/04\/FOYSMOoGqXa7\/251x171:3291x1851\/fit-in\/150x0\/filters:blur(25)\/marie-louise-eta-die-34-jaehrige-ist-die-erste-trainerin-der-bundesliga-historie.jpg')\"   loading=\"eager\" src=\"https:\/\/www.europesays.com\/de\/wp-content\/uploads\/2026\/04\/marie-louise-eta-die-34-jaehrige-ist-die-erste-trainerin-der-bundesliga-historie.jpg\" alt=\"Marie-Louise Eta: Die 34-J\u00e4hrige ist die erste Trainerin der Bundesliga-Historie.\" title=\"Marie-Louise Eta: Die 34-J\u00e4hrige ist die erste Trainerin der Bundesliga-Historie.\" width=\"3291\" height=\"1851\" class=\"bg-[url:var(--lqipURL)] bg-cover bg-center flex h-full w-full max-w-full\" decoding=\"async\"\/><img style=\"--width:32;--height:32\" loading=\"lazy\" src=\"https:\/\/www.t-online.de\/s\/paper\/_next\/static\/media\/zoom-in.f7dae02f.svg\" alt=\"Vergr\u00f6\u00dfern des Bildes\" title=\"Vergr\u00f6\u00dfern des Bildes\" class=\"block h-[calc(var(--height)_\/_16_*_1rem)] w-[calc(var(--width)_\/_16_*_1rem)] max-w-none absolute bottom-8 right-8 rounded-4 bg-snow p-8\" decoding=\"async\"\/><\/a><\/p>\n<p>Marie-Louise Eta: Die 34-J\u00e4hrige ist die erste Trainerin der Bundesliga-Historie. (Quelle: IMAGO\/Michael Taeger\/imago-images-bilder)<\/p>\n<p class=\"font-bold text-18 leading-17 user-text-lg:text-22 user-text-xl:text-24\">Die Sachsen \u00e4u\u00dfern sich zur Trainerin des 1. FC Union Berlin und erregen damit Unmut unter den Fans. Der Grund: ein missverst\u00e4ndlicher Satz.<\/p>\n<p class=\"text-18 leading-17 user-text-lg:text-22 user-text-xl:text-24\">Mit einem Beitrag in den sozialen Medien \u00fcber Fu\u00dfball-Trainerin <a class=\"transition-colors duration-200 cursor-pointer text-inherit no-underline text-salemsfur md:hover:text-magenta md:hover:border-magenta md:focus:text-magenta border-current border-b border-solid break-words\" data-tracking=\"{&quot;action&quot;:&quot;click&quot;,&quot;category&quot;:&quot;intextLink&quot;,&quot;label&quot;:&quot;\/themen\/marie-louise-eta\/&quot;}\" href=\"https:\/\/www.t-online.de\/themen\/marie-louise-eta\/\" data-sctrack=\"BodyAnchor\" rel=\"nofollow noopener\" target=\"_blank\">Marie-Louise Eta<\/a> hat <a class=\"transition-colors duration-200 cursor-pointer text-inherit no-underline text-salemsfur md:hover:text-magenta md:hover:border-magenta md:focus:text-magenta border-current border-b border-solid break-words\" data-tracking=\"{&quot;action&quot;:&quot;click&quot;,&quot;category&quot;:&quot;intextLink&quot;,&quot;label&quot;:&quot;\/themen\/rb-leipzig\/&quot;}\" href=\"https:\/\/www.t-online.de\/themen\/rb-leipzig\/\" data-sctrack=\"BodyAnchor\" rel=\"nofollow noopener\" target=\"_blank\">RB Leipzig<\/a> vor dem Bundesliga-Heimspiel gegen den <a class=\"transition-colors duration-200 cursor-pointer text-inherit no-underline text-salemsfur md:hover:text-magenta md:hover:border-magenta md:focus:text-magenta border-current border-b border-solid break-words\" data-tracking=\"{&quot;action&quot;:&quot;click&quot;,&quot;category&quot;:&quot;intextLink&quot;,&quot;label&quot;:&quot;\/themen\/1-fc-union-berlin\/&quot;}\" href=\"https:\/\/www.t-online.de\/themen\/1-fc-union-berlin\/\" data-sctrack=\"BodyAnchor\" rel=\"nofollow noopener\" target=\"_blank\">1. FC Union Berlin<\/a> Wirbel ausgel\u00f6st. Auf einen Beitrag der K\u00f6penicker, die Hinweise f\u00fcr den Stadionbesuch beim ungeliebten Konkurrenten mit den Worten &#8222;Also an Leipzig selbst liegt\u2019s ja nicht \u2013 schon ne sch\u00f6ne Stadt &#8230;&#8220; versehen hatten, reagierten die Sachsen mit Bildern, die Eta mit RB-Spielern und Ex-Trainer <a class=\"transition-colors duration-200 cursor-pointer text-inherit no-underline text-salemsfur md:hover:text-magenta md:hover:border-magenta md:focus:text-magenta border-current border-b border-solid break-words\" data-tracking=\"{&quot;action&quot;:&quot;click&quot;,&quot;category&quot;:&quot;intextLink&quot;,&quot;label&quot;:&quot;\/themen\/marco-rose\/&quot;}\" href=\"https:\/\/www.t-online.de\/themen\/marco-rose\/\" data-sctrack=\"BodyAnchor\" rel=\"nofollow noopener\" target=\"_blank\">Marco Rose<\/a> zeigen: &#8222;Eure Cheftrainerin fand nicht nur die Stadt ganz sch\u00f6n \u2026&#8220;, hie\u00df es \u00fcber dem Beitrag auf X.<\/p>\n<p class=\"text-18 leading-17 user-text-lg:text-22 user-text-xl:text-24\">In den Kommentarspalten warfen einige Nutzer den Leipzigern daraufhin Sexismus vor. Dies wies der Klub zur\u00fcck. &#8222;Sexismus hat bei RB Leipzig keinen Millimeter Platz. Wir freuen uns sehr auf die R\u00fcckkehr von Marie-Louise Eta, die 2022 bei RB Leipzig hospitiert und ihre Zeit im Klub anschlie\u00dfend in einer Foto-Collage auf <a class=\"transition-colors duration-200 cursor-pointer text-inherit no-underline text-salemsfur md:hover:text-magenta md:hover:border-magenta md:focus:text-magenta border-current border-b border-solid break-words\" data-tracking=\"{&quot;action&quot;:&quot;click&quot;,&quot;category&quot;:&quot;intextLink&quot;,&quot;label&quot;:&quot;\/themen\/social-media\/&quot;}\" href=\"https:\/\/www.t-online.de\/themen\/social-media\/\" data-sctrack=\"BodyAnchor\" rel=\"nofollow noopener\" target=\"_blank\">Social Media<\/a> dokumentiert hat&#8220;, teilte RB Leipzig auf Anfrage mit und erkl\u00e4rte: &#8222;Diese Collage haben wir nun erneut \u2013 mit einem Verweis auf ihre sch\u00f6ne Zeit in Leipzig und als Reaktion auf einen vorherigen Union-Post \u2013 ver\u00f6ffentlicht.&#8220; Eta hatte die Bilder am 1. Januar 2023 in ihrem Jahresr\u00fcckblick auf Instagram ver\u00f6ffentlicht.<\/p>\n<p>Empfohlener externer Inhalt<img style=\"--height:24\" loading=\"lazy\" src=\"https:\/\/www.t-online.de\/s\/paper\/_next\/static\/media\/twitter.03437b71.svg\" alt=\"X\" title=\"X\" class=\"block h-[calc(var(--height)_\/_16_*_1rem)] w-[calc(var(--width)_\/_16_*_1rem)] max-w-none undefined\" decoding=\"async\"\/>X<\/p>\n<p class=\"text-14 leading-15\">Wir ben\u00f6tigen Ihre Einwilligung, um den von unserer Redaktion eingebundenen X-Inhalt anzuzeigen. Sie k\u00f6nnen diesen (und damit auch alle weiteren X-Inhalte auf t-online.de) mit einem Klick anzeigen lassen und auch wieder deaktivieren.<\/p>\n<p>X-Inhalte immer anzeigen<\/p>\n<p>Ich bin damit einverstanden, dass mir externe Inhalte angezeigt werden. Damit k\u00f6nnen personenbezogene Daten an Drittplattformen \u00fcbermittelt werden. <a target=\"_blank\" class=\"transition-colors duration-200 cursor-pointer text-inherit no-underline text-magenta\" href=\"https:\/\/www.t-online.de\/datenschutz\/id_88397036\/index#17-externe-inhalte\" rel=\"nofollow noopener\">Mehr dazu in unseren Datenschutzhinweisen<\/a>.<\/p>\n<p class=\"text-18 leading-17 user-text-lg:text-22 user-text-xl:text-24\">Zudem verwies der s\u00e4chsische Bundesligist darauf, dass Frauen bei ihm diverse F\u00fchrungspositionen inneh\u00e4tten. Union wollte den X-Beitrag von RB Leipzig nicht kommentieren. Am Freitag (ab 20.30 Uhr im <a class=\"transition-colors duration-200 cursor-pointer text-inherit no-underline text-salemsfur md:hover:text-magenta md:hover:border-magenta md:focus:text-magenta border-current border-b border-solid break-words\" data-tracking=\"{&quot;action&quot;:&quot;click&quot;,&quot;category&quot;:&quot;intextLink&quot;,&quot;label&quot;:&quot;\/sport\/live-ticker\/heute\/&quot;}\" href=\"https:\/\/www.t-online.de\/sport\/live-ticker\/heute\/\" data-sctrack=\"BodyAnchor\" rel=\"nofollow noopener\" target=\"_blank\">Liveticker<\/a> bei t-online) treffen beide Mannschaften in Leipzig aufeinander. Union und RB sind sich seit Jahren in herzlicher Abneigung verbunden.<\/p>\n<p class=\"text-18 leading-17 user-text-lg:text-22 user-text-xl:text-24\">Im Rahmen ihrer Pro-Lizenz-Ausbildung hatte Eta Ende 2022 bei RB hospitiert und dem damaligen Trainer Rose \u00fcber die Schulter geschaut. &#8222;F\u00fcnf Tage lang tauchte sie in den Trainingsalltag ein, verfolgte Abl\u00e4ufe aus n\u00e4chster N\u00e4he und tauschte sich unter anderem mit Dominik Szoboszlai und <a class=\"transition-colors duration-200 cursor-pointer text-inherit no-underline text-salemsfur md:hover:text-magenta md:hover:border-magenta md:focus:text-magenta border-current border-b border-solid break-words\" data-tracking=\"{&quot;action&quot;:&quot;click&quot;,&quot;category&quot;:&quot;intextLink&quot;,&quot;label&quot;:&quot;\/themen\/emil-forsberg\/&quot;}\" href=\"https:\/\/www.t-online.de\/themen\/emil-forsberg\/\" data-sctrack=\"BodyAnchor\" rel=\"nofollow noopener\" target=\"_blank\">Emil Forsberg<\/a> aus&#8220;, hei\u00dft es auf der Homepage der Leipziger. Etas Mann Benjamin arbeitet als Trainer der Leipziger U20-Frauenmannschaft.<\/p>\n<p class=\"text-18 leading-17 user-text-lg:text-22 user-text-xl:text-24\">Seit ihrer historischen Bef\u00f6rderung zur ersten Cheftrainerin in der M\u00e4nner-Bundesliga wird Eta im Netz mit sexistischen Kommentaren konfrontiert. Union Berlins Gesch\u00e4ftsf\u00fchrer Profifu\u00dfball, <a class=\"transition-colors duration-200 cursor-pointer text-inherit no-underline text-salemsfur md:hover:text-magenta md:hover:border-magenta md:focus:text-magenta border-current border-b border-solid break-words\" data-tracking=\"{&quot;action&quot;:&quot;click&quot;,&quot;category&quot;:&quot;intextLink&quot;,&quot;label&quot;:&quot;\/themen\/horst-heldt\/&quot;}\" href=\"https:\/\/www.t-online.de\/themen\/horst-heldt\/\" data-sctrack=\"BodyAnchor\" rel=\"nofollow noopener\" target=\"_blank\">Horst Heldt<\/a>, hatte die Anfeindungen scharf kritisiert. Die 34-J\u00e4hrige selbst erkl\u00e4rte: &#8222;Es besch\u00e4ftigt mich nicht, es sagt mehr \u00fcber die aus, die das ins Netz stellen als \u00fcber die, \u00fcber die was losgelassen wird.&#8220;<\/p>\n","protected":false},"excerpt":{"rendered":"Sexismus-Vorw\u00fcrfe Post zu Eta: Scharfe Kritik an RB Leipzig \u2013 Klub reagiert 23.04.2026 &#8211; 17:35 UhrLesedauer: 2 Min.&hellip;\n","protected":false},"author":2,"featured_media":967450,"comment_status":"","ping_status":"","sticky":false,"template":"","format":"standard","meta":{"footnotes":"","_share_on_mastodon":"0"},"categories":[136],"tags":[297,29,30,9392,71,4275,29549,1655,265,8412],"class_list":["post-967449","post","type-post","status-publish","format-standard","has-post-thumbnail","category-sport","tag-1-fc-union-berlin","tag-deutschland","tag-germany","tag-klub","tag-leipzig","tag-marco-rose","tag-marie-louise-eta","tag-rb-leipzig","tag-sport","tag-unmut"],"share_on_mastodon":{"url":"https:\/\/pubeurope.com\/@de\/116455005583307123","error":""},"_links":{"self":[{"href":"https:\/\/www.europesays.com\/de\/wp-json\/wp\/v2\/posts\/967449","targetHints":{"allow":["GET"]}}],"collection":[{"href":"https:\/\/www.europesays.com\/de\/wp-json\/wp\/v2\/posts"}],"about":[{"href":"https:\/\/www.europesays.com\/de\/wp-json\/wp\/v2\/types\/post"}],"author":[{"embeddable":true,"href":"https:\/\/www.europesays.com\/de\/wp-json\/wp\/v2\/users\/2"}],"replies":[{"embeddable":true,"href":"https:\/\/www.europesays.com\/de\/wp-json\/wp\/v2\/comments?post=967449"}],"version-history":[{"count":0,"href":"https:\/\/www.europesays.com\/de\/wp-json\/wp\/v2\/posts\/967449\/revisions"}],"wp:featuredmedia":[{"embeddable":true,"href":"https:\/\/www.europesays.com\/de\/wp-json\/wp\/v2\/media\/967450"}],"wp:attachment":[{"href":"https:\/\/www.europesays.com\/de\/wp-json\/wp\/v2\/media?parent=967449"}],"wp:term":[{"taxonomy":"category","embeddable":true,"href":"https:\/\/www.europesays.com\/de\/wp-json\/wp\/v2\/categories?post=967449"},{"taxonomy":"post_tag","embeddable":true,"href":"https:\/\/www.europesays.com\/de\/wp-json\/wp\/v2\/tags?post=967449"}],"curies":[{"name":"wp","href":"https:\/\/api.w.org\/{rel}","templated":true}]}}