{"id":967706,"date":"2026-04-23T19:39:11","date_gmt":"2026-04-23T19:39:11","guid":{"rendered":"https:\/\/www.europesays.com\/de\/967706\/"},"modified":"2026-04-23T19:39:11","modified_gmt":"2026-04-23T19:39:11","slug":"vfb-stuttgart-gegen-sc-freiburg-beide-fanlager-mit-shows-freiburg-mit-choreo-stuttgart-zuendet-pyrotechnik","status":"publish","type":"post","link":"https:\/\/www.europesays.com\/de\/967706\/","title":{"rendered":"VfB Stuttgart gegen SC Freiburg: Beide Fanlager mit Shows \u2013 Freiburg mit Choreo, Stuttgart z\u00fcndet Pyrotechnik"},"content":{"rendered":"<p>\t\t\t\t\t\t\t\t\t\t\t\t\t\t\t\t\t\t\t\t\t\t\t\t\t\t\t\t      \t\t            \t\t             \t\t\t\t   \t\t\t\t\t   <img decoding=\"async\" id=\"article-image\" fetchpriority=\"high\" alt=\"VfB Stuttgart gegen SC Freiburg: Beide Fanlager mit Shows \u2013 Freiburg mit Choreo, Stuttgart z\u00fcndet Pyrotechnik\" onclick=\"var pA=document.createElement('a');pA.setAttribute('href','https:\/\/www.stuttgarter-nachrichten.de\/gallery.vfb-stuttgart-gegen-sc-freiburg-beide-fanlager-mit-shows-freiburg-mit-choreo-stuttgart-zuendet-pyrotechnik.a01c702c-016b-49bf-91b3-e95c0ba19a6e.html'),pA.click();\" title=\"VfB Stuttgart gegen SC Freiburg: Beide Fanlager mit Shows \u2013 Freiburg mit Choreo, Stuttgart z\u00fcndet Pyrotechnik\" src=\"https:\/\/www.europesays.com\/de\/wp-content\/uploads\/2026\/04\/media.media.35cc8239-349d-4daf-8652-731d47f9329c.16x9_700.jpg\" data-linkto=\"https:\/\/www.stuttgarter-nachrichten.de\/gallery.vfb-stuttgart-gegen-sc-freiburg-beide-fanlager-mit-shows-freiburg-mit-choreo-stuttgart-zuendet-pyrotechnik.a01c702c-016b-49bf-91b3-e95c0ba19a6e.html\"\/>\t\t\t\t\t\t\t\t\t\t\t\t\t\t\t\t\t\t\t\t\t\t\t\tDie Stuttgarter Kurve z\u00fcndete massiv Pyrotechnik.\u00a0Foto: Baumann\/Hansi Britsch\t\t\t<\/p>\n<p>Beim DFB-Pokalhalbfinale zwischen dem VfB Stuttgart und dem SC Freiburg gab es auf den R\u00e4ngen einiges zu notieren. Beide Lager hatten etwas vorbereitet.<\/p>\n<p>Das Spiel des <a href=\"https:\/\/www.stuttgarter-nachrichten.de\/thema\/VfB_Stuttgart\" title=\"VfB Stuttgart\" class=\"art_thema\" rel=\"nofollow noopener\" target=\"_blank\">VfB Stuttgart<\/a> gegen den <a href=\"https:\/\/www.stuttgarter-nachrichten.de\/thema\/SC_Freiburg\" title=\"SC Freiburg\" class=\"art_thema\" rel=\"nofollow noopener\" target=\"_blank\">SC Freiburg<\/a> im Halbfinale des <a href=\"https:\/\/www.stuttgarter-nachrichten.de\/thema\/DFB-Pokal\" title=\"DFB-Pokal\" class=\"art_thema\" rel=\"nofollow noopener\" target=\"_blank\">DFB-Pokal<\/a> hatte noch nicht begonnen, da konnte man auf den Trib\u00fcnen bereits Bewegung notieren. Beim von Freiburg besetzten Ausw\u00e4rtsblock wurde weithin sichtbar eine Choreografie vorbereitet. Auf Stuttgarter Seite hatte die Cannstatter Kurve das ber\u00fchmte \u201eFinale!\u201c-Banner mitgebracht, pr\u00e4sentierte es bereits rund eine halbe Stunde vor Anpfiff.<\/p>\n<p>  <img decoding=\"async\" loading=\"lazy\" src=\"https:\/\/www.europesays.com\/de\/wp-content\/uploads\/2026\/04\/media.media.6e41a86e-3448-4260-9afe-181494a4778d.original1024.media.jpeg\"\/>     Die VfB-  <a href=\"https:\/\/www.stuttgarter-nachrichten.de\/thema\/Ultras\" title=\"Ultras\" class=\"art_thema\" rel=\"nofollow noopener\" target=\"_blank\">Ultras<\/a> holten das ber\u00fchmte \u201eFinale!\u201c-Banner raus.    Foto: Baumann\/Hansi Britsch    <\/p>\n<p>Dazu gab es auf beiden Seiten durch Fahnen verh\u00fcllte Bereiche \u2013 meist ein untr\u00fcgliches Zeichen daf\u00fcr, dass es im Verlauf zum Einsatz von Pyrotechnik kommen wird. Und so kam es dann auch. Die Cannstatter Kurve legte eine so in Stuttgart zuvor wohl noch nie gesehene Pyroshow hin. Dutzende Fackeln, auch im Oberrang, erleuchteten und vernebelten im Anschluss das Stadionrund. Die Partie wurde deswegen etwas sp\u00e4ter angepfiffen.<\/p>\n<p>  <img decoding=\"async\" loading=\"lazy\" src=\"https:\/\/www.europesays.com\/de\/wp-content\/uploads\/2026\/04\/media.media.c995689a-9f43-4cab-8b3e-8bddb36be475.original1024.media.jpeg\"\/>     Fahnenmeer statt Pyro-Show: die Freiburger Choreo.    Foto: pma    <\/p>\n<p>Die Freiburger zeigten eine ganz in Rot und Wei\u00df gehaltene F\u00e4hnchen-Choreografie, die den Ausw\u00e4rtsblock in zwei H\u00e4lften teilte. Dar\u00fcber prangte ein riesiges Banner. \u201eUnser Team \u2013 unser Traum\u201c war darauf zu lesen. Dann wurden ein an Fahnenstangen montiertes Motiv hereingetragen und durch den Block gereicht, das die komplette Freiburger Startelf zeigte.<\/p>\n<p>\u00a0<\/p>\n","protected":false},"excerpt":{"rendered":"Die Stuttgarter Kurve z\u00fcndete massiv Pyrotechnik.\u00a0Foto: Baumann\/Hansi Britsch Beim DFB-Pokalhalbfinale zwischen dem VfB Stuttgart und dem SC Freiburg&hellip;\n","protected":false},"author":2,"featured_media":967707,"comment_status":"","ping_status":"","sticky":false,"template":"","format":"standard","meta":{"footnotes":"","_share_on_mastodon":"0"},"categories":[1830],"tags":[1634,5328,3364,29,1264,59168,30,298,1441,10439,2915,187144],"class_list":["post-967706","post","type-post","status-publish","format-standard","has-post-thumbnail","category-stuttgart","tag-baden-wuerttemberg","tag-cannstatter-kurve","tag-de","tag-deutschland","tag-dfb-pokal","tag-fussballfans","tag-germany","tag-sc-freiburg","tag-stuttgart","tag-ultras","tag-vfb-stuttgart","tag-vfbscf"],"share_on_mastodon":{"url":"https:\/\/pubeurope.com\/@de\/116455721482074586","error":""},"_links":{"self":[{"href":"https:\/\/www.europesays.com\/de\/wp-json\/wp\/v2\/posts\/967706","targetHints":{"allow":["GET"]}}],"collection":[{"href":"https:\/\/www.europesays.com\/de\/wp-json\/wp\/v2\/posts"}],"about":[{"href":"https:\/\/www.europesays.com\/de\/wp-json\/wp\/v2\/types\/post"}],"author":[{"embeddable":true,"href":"https:\/\/www.europesays.com\/de\/wp-json\/wp\/v2\/users\/2"}],"replies":[{"embeddable":true,"href":"https:\/\/www.europesays.com\/de\/wp-json\/wp\/v2\/comments?post=967706"}],"version-history":[{"count":0,"href":"https:\/\/www.europesays.com\/de\/wp-json\/wp\/v2\/posts\/967706\/revisions"}],"wp:featuredmedia":[{"embeddable":true,"href":"https:\/\/www.europesays.com\/de\/wp-json\/wp\/v2\/media\/967707"}],"wp:attachment":[{"href":"https:\/\/www.europesays.com\/de\/wp-json\/wp\/v2\/media?parent=967706"}],"wp:term":[{"taxonomy":"category","embeddable":true,"href":"https:\/\/www.europesays.com\/de\/wp-json\/wp\/v2\/categories?post=967706"},{"taxonomy":"post_tag","embeddable":true,"href":"https:\/\/www.europesays.com\/de\/wp-json\/wp\/v2\/tags?post=967706"}],"curies":[{"name":"wp","href":"https:\/\/api.w.org\/{rel}","templated":true}]}}