{"id":967929,"date":"2026-04-23T21:57:26","date_gmt":"2026-04-23T21:57:26","guid":{"rendered":"https:\/\/www.europesays.com\/de\/967929\/"},"modified":"2026-04-23T21:57:26","modified_gmt":"2026-04-23T21:57:26","slug":"vergewaltigungsserie-in-bielefeld-ich-bin-verloren-gegangen-in-dieser-nacht","status":"publish","type":"post","link":"https:\/\/www.europesays.com\/de\/967929\/","title":{"rendered":"Vergewaltigungsserie in Bielefeld: \u201eIch bin verloren gegangen in dieser Nacht\u201c"},"content":{"rendered":"<p id=\"absatz1\">Bielefeld. Eine junge Frau blickt in die Kamera. Anna Loreen hei\u00dft sie \u2013 es ist ihr richtiger Name. Sie will endlich gesehen, geh\u00f6rt und in ihrem Leid ernst genommen werden. Bisher f\u00fchlte sie sich unverstanden, \u00fcbergangen, hilflos. Anna Loreen erz\u00e4hlt, wie sie jahrelang keinerlei Erkl\u00e4rung daf\u00fcr fand, warum sie sich schlecht<b class=\"bold\"> <\/b>f\u00fchlte. Ihre bruchst\u00fcckhaften Erinnerungen an die Tat hielt sie f\u00fcr einen Traum.<\/p>\n<p id=\"absatz2\" class=\"em_text\">Drei lange Jahre habe es gedauert, bis sie endlich dar\u00fcber informiert wurde, was Philipp G. ihr angetan hat. \u201eWarum so sp\u00e4t?\u201c, fragt sie anklagend. Seit jener Nacht sei ihr Leben nicht mehr wie zuvor: keine Unbeschwertheit, kein Gef\u00fchl von Freiheit. \u201eIch bin verloren gegangen in dieser Nacht\u201c, sagt sie unter Tr\u00e4nen.<\/p>\n<p id=\"absatz3\" class=\"em_text\">Diese Videoaufnahme stammt aus dem <a href=\"https:\/\/www.chronikeinesversagens.de\/film\" rel=\"noopener nofollow\" target=\"_blank\">F<\/a><a href=\"https:\/\/www.chronikeinesversagens.de\/film\" rel=\"noopener nofollow\" target=\"_blank\">ilm \u201eChronik eines Versagens\u201c<\/a>, den Filmemacherinnen der Bielefelder Initiative S\/198-20 gedreht haben. Darin berichten mehrere Frauen von ihren Erfahrungen, darunter die zum Tatzeitpunkt 25-j\u00e4hrige Anna Loreen. Auch sie wurde von Assistenzarzt Philipp G. am Evangelischen Klinikum Bethel bet\u00e4ubt und missbraucht. Vielen Betroffenen gehe es \u00e4hnlich wie Anna Loreen, sagt Stefanie H\u00f6ke, die zw\u00f6lf von ihnen juristisch vertritt. Manche litten unter Flashbacks, andere k\u00f6nnten kaum noch Intimit\u00e4t zulassen.<\/p>\n<p id=\"absatz4\" class=\"em_text\">\n<p>\n        \u00d7\n    <\/p>\n<p>\n            Sie erhalten in wenigen Minuten eine E-Mail zur Best\u00e4tigung Ihrer Anmeldung.\n        <\/p>\n<p>Erst danach ist diese abgeschlossen.<\/p>\n<p>Bitte pr\u00fcfen Sie auch den Spam-Ordner.<\/p>\n<p>\n        \u00d7\n    <\/p>\n<p>\n            Sie haben bisher Ihre E-Mail-Adresse noch nicht best\u00e4tigt.\n        <\/p>\n<p>Erst danach ist diese abgeschlossen.<\/p>\n<p>Bitte pr\u00fcfen Sie auch den Spam-Ordner.<\/p>\n<p>\n        \u00d7\n    <\/p>\n<p>\n            Es ist einen Fehler aufgetreten\n        <\/p>\n<p>Bei Fragen hilft unser Newsletter-Support<\/p>\n<p> Newsletter<\/p>\n<p> OstwestF\u00e4lle<\/p>\n<p>W\u00f6chentlich spannende Einblicke in True Crime F\u00e4lle aus OWL.<\/p>\n<p>                Jetzt anmelden<\/p>\n<p>Vergewaltigungsserie am Klinikum Bethel \u2013 das Wichtigste im \u00dcberblick<\/p>\n<ul>\n<li>Philipp G. tritt am 15. Februar 2018 eine Stelle als Assistenzarzt am Evangelischen Klinikum Bethel an.<\/li>\n<li>\nIm September 2019 erstattet Patientin Carina K. Anzeige gegen Philipp G.<\/li>\n<li>\nIm M\u00e4rz 2020 entdeckt die Polizei eine Ermittlungsakte von G. aus dem Jahr 2016. In einem Krankenhaus im Rheinland hat ihn eine Patientin wegen Vergewaltigung angezeigt. Die Staatsanwaltschaft stellte das Verfahren jedoch ein.<\/li>\n<li>\nNach einer Wohnungsdurchsuchung im April k\u00f6nnen Ermittler nach mehreren Monaten endlich die Fotos und Videos entschl\u00fcsseln, die Philipp G. dabei zeigen, wie er 40 Frauen missbraucht und vergewaltigt.<\/li>\n<li>\nAm 22. September 2020 wird Philipp G. deshalb festgenommen. Zwei Tage sp\u00e4ter nimmt er sich in der U-Haft das Leben. Die Staatsanwaltschaft Bielefeld stellt daraufhin das Verfahren gegen ihn ein.<\/li>\n<li>\nWeil deshalb nicht alle betroffenen Frauen \u00fcber die Taten informiert werden, l\u00e4sst das NRW-Justizministerium den Fall ab November 2021 wieder aufrollen. Die Staatsanwaltschaft Duisburg wird mit den Ermittlungen beauftragt und legt im September 2025 ihr Ergebnis vor:<\/li>\n<li>\nAngeklagt wegen \u201efahrl\u00e4ssiger K\u00f6rperverletzung durch Unterlassen\u201c sind der Chefarzt, ein damaliger Oberarzt sowie die damalige Pflegedienstleitung.<\/li>\n<\/ul>\n<p id=\"absatz5\"><b class=\"bold\">Unsere Themenseite im \u00dcberblick:<\/b> <a href=\"https:\/\/www.nw.de\/themen\/lokal\/bielefeld\/vergewaltigungsserie-im-klinikum-bethel\" rel=\"nofollow noopener\" target=\"_blank\">Alles zur Vergewaltigungsserie in Bethel<\/a><\/p>\n<p>        <a href=\"https:\/\/www.nw.de\/_em_daten\/_cache\/image\/1xRDhlVms3Mk03Y3o2VzVYUUVVNzVjVTdlYVR3eGpjaFpyNWhpYTR3K2t1SWxSdmwwY2ZGaENWbzVEeVlobnM2VmNmbm1lZmNiV3dNSDFEL2ZuQUtZQU5vRWtGRHBDcGg5Q3pNN3V2Ky9tKzQ9\/260422-1611-883557995.jpg\" class=\"nw-article-image\" title=\"Bei der Live-Aufnahme des Podcasts \" ostwestf=\"\" hat=\"\" moderatorin=\"\" birgitt=\"\" gottwald=\"\" mit=\"\" ihren=\"\" g=\"\" den=\"\" fall=\"\" der=\"\" vergewaltigungsserie=\"\" am=\"\" evangelischen=\"\" klinikum=\"\" bethel=\"\" besprochen.=\"\" das=\"\" spiegelzelz=\"\" war=\"\" gut=\"\" besucht.=\"\" data-glightbox=\"type: image; description: Bei der Live-Aufnahme des Podcasts &quot;OstwestF\u00e4lle&quot; hat Moderatorin Birgitt Gottwald (Mitte) mit ihren G\u00e4sten den Fall der Vergewaltigungsserie am Evangelischen Klinikum Bethel besprochen. Das Spiegelzelz war gut besucht.  | \u00a9 Sarah Jonek \" rel=\"nofollow noopener\" target=\"_blank\"><br \/>\n            <img decoding=\"async\" src=\"https:\/\/www.europesays.com\/de\/wp-content\/uploads\/2026\/04\/260422-1611-883557995.jpg\" class=\"nw-img-fluid nw-w-full nw-lazy nw-rounded-t-md\" alt=\"Bei der Live-Aufnahme des Podcasts &quot;OstwestF\u00e4lle&quot; hat Moderatorin Birgitt Gottwald (Mitte) mit ihren G\u00e4sten den Fall der Vergewaltigungsserie am Evangelischen Klinikum Bethel besprochen. Das Spiegelzelz war gut besucht. - \u00a9 Sarah Jonek\" data-format=\"16:9\"\/><br \/>\n        <\/a><\/p>\n<p>                Bei der Live-Aufnahme des Podcasts &#8222;OstwestF\u00e4lle&#8220; hat Moderatorin Birgitt Gottwald (Mitte) mit ihren G\u00e4sten den Fall der Vergewaltigungsserie am Evangelischen Klinikum Bethel besprochen. Das Spiegelzelz war gut besucht.<br \/>\n                                    | \u00a9 Sarah Jonek<\/p>\n<p id=\"absatz6\" class=\"em_text\">Die aktuelle Folge von \u201eOstwestF\u00e4lle\u201c, dem True-Crime-Podcast der Neuen Westf\u00e4lischen, wurde live aufgenommen. Moderatorin Birgitt Gottwald hatte im Dezember 2025 vor Publikum durch die Chronologie des Falles gef\u00fchrt. Mit dabei waren Anw\u00e4ltin Stefanie H\u00f6ke, die zw\u00f6lf betroffene Frauen vor Gericht vertreten hat, Strafverteidiger Carsten Ernst, der Assistenzarzt Philipp G. bis zu dessen Suizid vertrat, Norika Creuzmann, NRW-Landtagsabgeordnete mit 30 Jahren Berufserfahrung im Frauenhaus Paderborn und damit Expertin f\u00fcr sexualisierte Gewalt gegen Frauen und NW-Redakteurin Heike Kr\u00fcger, die das Schicksal mehrerer betroffener Frauen journalistisch begleitet und sich dar\u00fcber hinaus intensiv mit den Motiven solcher T\u00e4ter und den psychischen Folgen f\u00fcr ihre Opfer besch\u00e4ftigt hat.<\/p>\n<p>H\u00f6ren Sie auch den ersten Teil zum \u201eFall Bethel\u201c:<br \/>\nAnzeige einer Patientin bringt den Skandal ans Licht<\/p>\n<p id=\"absatz7\" class=\"em_text\">Zu den betroffenen Frauen z\u00e4hlt neben Anna Loreen auch Carina K. (Name ge\u00e4ndert). Im Juli 2019 liegt sie auf der neurologischen Station des Evangelischen Klinikums Bethel (EvKB) in Bielefeld. Abends betritt Philipp G. ihr Zimmer, ein junger Assistenzarzt. Er m\u00fcsse ihr noch ein Medikament verabreichen, sagt er. Kurz darauf verliert Carina K. das Bewusstsein.<\/p>\n<p id=\"absatz8\" class=\"em_text\">Am n\u00e4chsten Morgen kommt die 36-J\u00e4hrige benommen zu sich, hat Sch\u00fcttelfrost \u2013 und findet in ihrem Bett ein Fl\u00e4schchen mit der Aufschrift \u201ePropofol\u201c, ein Narkosemittel. Sie meldet den Fund einer Krankenschwester. Die nimmt das Fl\u00e4schchen an sich \u2013 es taucht nie wieder auf. Carina K. ist irritiert, sch\u00f6pft aber zun\u00e4chst keinen Verdacht. Zwei Monate sp\u00e4ter erlebt sie das Gleiche \u2013 diesmal mit einer Bettnachbarin zusammen. Erst viel sp\u00e4ter wird sie das Ausma\u00df ihrer Erlebnisse begreifen. Carina K. ist aber die erste Patientin, die Anzeige erstattet \u2013 und damit bringt sie die Ermittlungen in einem Fall ins Rollen, der sich als die mutma\u00dflich gr\u00f6\u00dfte Vergewaltigungsserie in einem deutschen Krankenhaus herausstellen wird.<\/p>\n<p id=\"absatz9\"><b class=\"bold\">Nach Vergewaltigungs-Skandal in Bielefeld: <\/b><a href=\"https:\/\/www.nw.de\/lokal\/bielefeld\/mitte\/24166191_Nach-Vergewaltigungs-Skandal-in-Bielefeld-Drei-Bethel-Verantwortliche-wegen-Unterlassung-angeklagt.html\" rel=\"nofollow noopener\" target=\"_blank\">Drei Bethel-Verantwortliche wegen Unterlassung angeklagt<\/a><\/p>\n<p>Philipp G. gibt Patientinnen Bet\u00e4ubungsmittel und missbraucht sie<\/p>\n<p id=\"absatz10\" class=\"em_text\">Mitte Februar 2018 hatte Philipp G. seine T\u00e4tigkeit als Assistenzarzt im Klinikum Bethel aufgenommen, frisch zur\u00fcck aus einem Sabbatjahr in Australien. Er gilt als freundlich, offen, zugewandt \u2013 ein \u201eSchwiegersohntyp\u201c, wie ihn viele beschreiben. Er gibt sich kumpelhaft, gilt als belastbar, \u00fcbernimmt freiwillig Nachtschichten. Dass er diese ausnutzt, um sich an sedierten Patientinnen zu vergehen, bleibt unbemerkt.<\/p>\n<p>        <a href=\"https:\/\/www.nw.de\/_em_daten\/_cache\/image\/1xRDhlVms3Mk03Y3o2VzVYUUVVNzVjVzQzM3E3SWlSZEIwd29PV3pIR3BFVWdGZzNncFg0RGdVQ3ErR1ZDNkRaNGZTeHBYZmhKeFdEaVhPNzhDM1ZBMUpTbGw2cFNQWnJUTS9nU0xsd1N3RGs9\/260422-1611-883557474.jpg\" class=\"nw-article-image\" title=\"Moderatorin Birgitt Gottwald (Mitte) arbeitet im Bielefelder Spiegelzelt die Vergewaltigungsserie im Evangelischen Klinikum Bethel mit ihren G\u00e4sten (v.l.) Norika Creuzmann (MdL), Rechtsanw\u00e4ltin Stefanie H\u00f6ke, NW-Redakteurin Heike Kr\u00fcger und Anwalt Carsten Ernst auf.\" data-glightbox=\"type: image; description: Moderatorin Birgitt Gottwald (Mitte) arbeitet im Bielefelder Spiegelzelt die Vergewaltigungsserie im Evangelischen Klinikum Bethel mit ihren G\u00e4sten (v.l.) Norika Creuzmann (MdL), Rechtsanw\u00e4ltin Stefanie H\u00f6ke, NW-Redakteurin Heike Kr\u00fcger und Anwalt Carsten Ernst auf.  | \u00a9 Sarah Jonek \" rel=\"nofollow noopener\" target=\"_blank\"><br \/>\n            <img decoding=\"async\" src=\"https:\/\/www.europesays.com\/de\/wp-content\/uploads\/2026\/04\/260422-1611-883557474.jpg\" class=\"nw-img-fluid nw-w-full nw-lazy nw-rounded-t-md\" alt=\"Moderatorin Birgitt Gottwald (Mitte) arbeitet im Bielefelder Spiegelzelt die Vergewaltigungsserie im Evangelischen Klinikum Bethel mit ihren G\u00e4sten (v.l.) Norika Creuzmann (MdL), Rechtsanw\u00e4ltin Stefanie H\u00f6ke, NW-Redakteurin Heike Kr\u00fcger und Anwalt Carsten Ernst auf. - \u00a9 Sarah Jonek\" data-format=\"16:9\"\/><br \/>\n        <\/a><\/p>\n<p>                Moderatorin Birgitt Gottwald (Mitte) arbeitet im Bielefelder Spiegelzelt die Vergewaltigungsserie im Evangelischen Klinikum Bethel mit ihren G\u00e4sten (v.l.) Norika Creuzmann (MdL), Rechtsanw\u00e4ltin Stefanie H\u00f6ke, NW-Redakteurin Heike Kr\u00fcger und Anwalt Carsten Ernst auf.<br \/>\n                                    | \u00a9 Sarah Jonek<\/p>\n<p id=\"absatz11\" class=\"em_text\">Sein Vorgehen folgt einem Muster: Sp\u00e4tabends erscheint er in den Zimmern, k\u00fcndigt an, er m\u00fcsse noch ein Medikament verabreichen, etwa f\u00fcr eine Untersuchung am Folgetag. Tats\u00e4chlich verabreicht er den Frauen das Narkotikum Propofol. Die Frauen werden bewusstlos. Danach missbraucht und vergewaltigt er sie. Seine Taten filmt und speichert die Daten mit akribischer Genauigkeit ab. Am n\u00e4chsten Morgen klagen viele Frauen \u00fcber grippe\u00e4hnliche Symptome, Schl\u00e4frigkeit und ein diffuses Gef\u00fchl, dass \u201eetwas nicht stimmt\u201c. Konkrete Erinnerungen fehlen den meisten. Die Taten hinterlassen dennoch Spuren.<\/p>\n<p>Philipp G. wurde bereits 2016 wegen Vergewaltigung angezeigt<\/p>\n<p id=\"absatz12\" class=\"em_text\">\u201eEs gibt ein K\u00f6rperged\u00e4chtnis\u201c, sagt Rechtsanw\u00e4ltin Stefanie H\u00f6ke. Viele der betroffenen Frauen zeigten k\u00f6rperliche Symptome eines \u00dcbergriffs, konnten sich diese aber ohne Erinnerung nicht erkl\u00e4ren. Anders war das bei Philipp G.s mutma\u00dflich erstem bekannten Opfer im Jahr 2016 \u2013 ihr blieb trotz Sedierung eine bruchst\u00fcckhafte Erinnerung. Die Patientin aus Kempen im Kreis Viersen hatte so konkrete Erinnerungen, dass sie Philipp G. wegen Vergewaltigung anzeigte.<\/p>\n<p id=\"absatz13\" class=\"em_text\">Tats\u00e4chlich sicherten die \u00c4rzte DNA-Spuren von Philipp G. im Gesicht der Patientin. Weil aber nicht eindeutig nachvollziehbar gewesen sei, ob die von einem sexuellen \u00dcbergriff oder von einer legitimen \u00e4rztlichen Behandlung stammten, wurde das Verfahren aus Mangel an Beweisen eingestellt, erkl\u00e4rt NW-Redakteurin Heike Kr\u00fcger. Als Philipp G. 2018 in Bethel anf\u00e4ngt, wei\u00df dort niemand von den Vorw\u00fcrfen von damals.<\/p>\n<p id=\"absatz14\"><b class=\"bold\">Wegen zu vieler Akten: <\/b><a href=\"https:\/\/www.nw.de\/lokal\/bielefeld\/mitte\/24304265_Vergewaltigungsserie-in-Bethel-Aktenfuelle-verzoegert-Prozess.html\" rel=\"nofollow noopener\" target=\"_blank\">Prozess der Vergewaltigungsserie in Bethel verz\u00f6gert<\/a><a href=\"https:\/\/www.nw.de\/lokal\/bielefeld\/mitte\/24304265_Vergewaltigungsserie-in-Bethel-Aktenfuelle-verzoegert-Prozess.html\" rel=\"nofollow noopener\" target=\"_blank\"> sich<\/a><\/p>\n<p id=\"absatz15\" class=\"em_text\">Warum? Anw\u00e4ltin H\u00f6ke und Anwalt Ernst verweisen auf die Unschuldsvermutung. Die Vorw\u00fcrfe seien fallen gelassen worden. \u201eDann hat das in einer Personalakte auch nichts zu suchen\u201c, sagt Ernst.<\/p>\n<p>Ermittlungen der Staatsanwaltschaft Bielefeld verz\u00f6gern sich<\/p>\n<p id=\"absatz16\" class=\"em_text\">Im September 2019 liegt Carina K. erneut im Klinikum Bethel. Erneut kommt es zu einem \u00dcbergriff. Carina K. vertraut sich einem Oberarzt an, f\u00fchlt sich aber nicht ernst genommen. Sie erstattet Anzeige. Bis M\u00e4rz 2020 arbeitet Philipp G. weiter im Klinikum Bethel. Dann entdecken die Ermittler seine Akte aus dem Jahr 2016. Die Klinik stellt ihn von der Arbeit frei. Im April durchsuchen Ermittler das WG-Zimmer und den Krankenhausspind von Philipp G. \u2013 und finden verschl\u00fcsselte Speichermedien, Drogen und zahlreiche Medikamente wie Propofol.<\/p>\n<p>        <a href=\"https:\/\/www.nw.de\/_em_daten\/_cache\/image\/1xSmtKbzdDYkJQUkM3SFp0RGdtdmoxMy9aaW56NVFEMmdqeThUMXl5UGdOZ2g2VU0rNXhwWWJaTTJvRlByZnlGa3JVNmpOdFJDeEhVRURXQllLU1lxTFE3aTNjdjVyWVFuU2NiNnhVWVVtOUk9\/260415-1718-883558032.jpg\" class=\"nw-article-image\" title=\"Opferanw\u00e4ltin Stefanie H\u00f6ke (l.) vertritt zw\u00f6lf der betroffenen Frauen im Fall der Vergewaltigungsserie am Klinikum Bethel.\" data-glightbox=\"type: image; description: Opferanw\u00e4ltin Stefanie H\u00f6ke (l.) vertritt zw\u00f6lf der betroffenen Frauen im Fall der Vergewaltigungsserie am Klinikum Bethel.  | \u00a9 Sarah Jonek \" rel=\"nofollow noopener\" target=\"_blank\"><br \/>\n            <img decoding=\"async\" src=\"https:\/\/www.europesays.com\/de\/wp-content\/uploads\/2026\/04\/260415-1718-883558032.jpg\" class=\"nw-img-fluid nw-w-full nw-lazy nw-rounded-t-md\" alt=\"Opferanw\u00e4ltin Stefanie H\u00f6ke (l.) vertritt zw\u00f6lf der betroffenen Frauen im Fall der Vergewaltigungsserie am Klinikum Bethel. - \u00a9 Sarah Jonek\" data-format=\"16:9\"\/><br \/>\n        <\/a><\/p>\n<p>                Opferanw\u00e4ltin Stefanie H\u00f6ke (l.) vertritt zw\u00f6lf der betroffenen Frauen im Fall der Vergewaltigungsserie am Klinikum Bethel.<br \/>\n                                    | \u00a9 Sarah Jonek<\/p>\n<p id=\"absatz17\" class=\"em_text\">Es dauert lange, bis die Ermittler die Verschl\u00fcsselung der Festplatten und USB-Sticks knacken k\u00f6nnen. Schlie\u00dflich finden sie Fotos und Videos von Philipp G.s Taten, archiviert und mit den Namen der Frauen versehen. Am 22. September 2020 wird Philipp G. der Haftbefehl verk\u00fcndet. Zwei Tage sp\u00e4ter nimmt er sich in seiner Zelle das Leben \u2013 und die Staatsanwaltschaft muss das Verfahren gegen ihn einstellen.<\/p>\n<p id=\"absatz18\"><b class=\"bold\">Vergewaltigungsserie in Bethel:<\/b> <a href=\"https:\/\/www.nw.de\/lokal\/bielefeld\/mitte\/24254287_Vergewaltigungsserie-in-Bethel-Land-zahlt-Bielefelder-Opfer-20.000-Euro-Entschaedigung.html\" rel=\"nofollow noopener\" target=\"_blank\">Land zahlt Bielefelder Opfer 20.000 Euro Entsch\u00e4digung<\/a><\/p>\n<p id=\"absatz19\" class=\"em_text\">F\u00fcr die Opfer ist der Suizid des T\u00e4ters ein gro\u00dfer R\u00fcckschlag. Der Assistenzarzt entzieht sich damit dem Verfahren und stiehlt sich aus seiner Verantwortung. Gleichzeitig verhindert er, dass die betroffenen Frauen eine juristische Aufarbeitung des Falles erleben k\u00f6nnen.<\/p>\n<p>        <a href=\"https:\/\/www.nw.de\/_em_daten\/_cache\/image\/1xRDhlVms3Mk03Y3o2VzVYUUVVNzVjVTdlYVR3eGpjaFpyNWhpYTR3K2t1SWxSdmwwY2ZGaENWbzVEeVlobnM2VkxLUmIvYTlNSk01bU1YREJFSlZ2RmZFTWQ4bWJOUE02aGxzU3JqOThKTFE9\/260422-1611-883558051.jpg\" class=\"nw-article-image\" title=\"Im Spiegelzelt haben die G\u00e4ste gemeinsam mit Moderatorin Birgitt Gottwald am 9. Dezember 2025 im Bielefelder Spiegelzelt die Vergewaltigungsserie am Evangelischen Klinikum Bethel besprochen.\" data-glightbox=\"type: image; description: Im Spiegelzelt haben die G\u00e4ste gemeinsam mit Moderatorin Birgitt Gottwald am 9. Dezember 2025 im Bielefelder Spiegelzelt die Vergewaltigungsserie am Evangelischen Klinikum Bethel besprochen.  | \u00a9 Sarah Jonek \" rel=\"nofollow noopener\" target=\"_blank\"><br \/>\n            <img decoding=\"async\" src=\"https:\/\/www.europesays.com\/de\/wp-content\/uploads\/2026\/04\/260422-1611-883558051.jpg\" class=\"nw-img-fluid nw-w-full nw-lazy nw-rounded-t-md\" alt=\"Im Spiegelzelt haben die G\u00e4ste gemeinsam mit Moderatorin Birgitt Gottwald am 9. Dezember 2025 im Bielefelder Spiegelzelt die Vergewaltigungsserie am Evangelischen Klinikum Bethel besprochen. - \u00a9 Sarah Jonek\" data-format=\"16:9\"\/><br \/>\n        <\/a><\/p>\n<p>                Im Spiegelzelt haben die G\u00e4ste gemeinsam mit Moderatorin Birgitt Gottwald am 9. Dezember 2025 im Bielefelder Spiegelzelt die Vergewaltigungsserie am Evangelischen Klinikum Bethel besprochen.<br \/>\n                                    | \u00a9 Sarah Jonek<\/p>\n<p>K\u00f6rperliche Sch\u00e4den nach Vergewaltigungen in Bethel<\/p>\n<p>Einige der betroffenen Frauen h\u00e4tten nicht nur seelisch unter den Folgen des Missbrauchs gelitten, sondern auch k\u00f6rperliche Sch\u00e4den davongetragen. Zu ihnen z\u00e4hlt Anna Loreen. Denn Philipp G. hat<b class=\"bold\"> <\/b>mehrere Frauen mit seinen Geschlechtskrankheiten angesteckt. Unentdeckt k\u00f6nnen solche Infektionen bei Frauen schwerwiegende Folgen haben, sogar zu Unfruchtbarkeit f\u00fchren. Viele der betroffenen Frauen hat die Staatsanwaltschaft erst Jahre sp\u00e4ter informiert, obwohl Foto- und Videodateien ihre Klarnamen enthielten.<\/p>\n<p id=\"absatz21\" class=\"em_text\">Den Grund kann sich Stefanie H\u00f6ke nicht erkl\u00e4ren. Sie habe wiederholt bei der Staatsanwaltschaft Bielefeld nachgehakt und auf z\u00fcgige Information gedr\u00e4ngt. Dort habe man ihr jedoch gesagt, es sei nicht f\u00f6rderlich, Frauen zu kontaktieren, die sich nicht von selbst meldeten \u2013 das k\u00f6nne Traumata ausl\u00f6sen. \u201eMir ist keine Traumatherapeutin bekannt, die empfohlen h\u00e4tte, den Frauen nicht Bescheid zu sagen\u201c, sagt H\u00f6ke.<\/p>\n<p id=\"absatz22\"><b class=\"bold\">Vergewaltigungsserie: <\/b><a href=\"https:\/\/www.nw.de\/lokal\/bielefeld\/mitte\/24231261_Vergewaltigungsserie-in-Bielefeld-Vier-Insider-ruetteln-an-der-Aufarbeitung-des-Bethel-Falls.html\" rel=\"nofollow noopener\" target=\"_blank\">Vier Insider r\u00fctteln an der Aufarbeitung des Bethel-Falls<\/a><\/p>\n<p>Ein internes Krisengespr\u00e4ch fand am Klinikum Bethel schon fr\u00fcher statt<\/p>\n<p id=\"absatz23\" class=\"em_text\">Ein weiterer Punkt sorgt f\u00fcr Unverst\u00e4ndnis. Bereits im Januar 2020 habe es im Evangelischen Klinikum Bethel (EvKB) ein internes Krisengespr\u00e4ch mit Philipp G. gegeben, berichtet NW-Redakteurin Heike Kr\u00fcger. Dabei wurde festgelegt, dass G. kein Propofol mehr verabreichen und sich weiblichen Patientinnen nicht mehr ohne Begleitung einer Pflegekraft n\u00e4hern d\u00fcrfe.<\/p>\n<p id=\"absatz24\" class=\"em_text\">Kontrolliert worden sei das jedoch nicht. Philipp G. vergewaltigte auch nach dem Krisengespr\u00e4ch noch Patientinnen. Ein Ermittlungsverfahren \u201ewegen Beihilfe zur Vergewaltigung durch Unterlassen\u201c gegen Verantwortliche am Klinikum Bethel stellt die Staatsanwaltschaft Bielefeld im Mai 2021 ein.<\/p>\n<p id=\"absatz25\"><b class=\"bold\">\u201eChronik eines Versagens\u201c:<\/b> <a href=\"https:\/\/www.nw.de\/lokal\/bielefeld\/mitte\/24056794_Film-zu-Vergewaltigungsserie-in-Bethel-Chronik-eines-Versagens.html\" rel=\"nofollow noopener\" target=\"_blank\">ARD-Doku zu Vergewaltigungsserie in Bethel<\/a><\/p>\n<p>Die Staatsanwaltschaft Duisburg \u00fcbernimmt die Ermittlungen<\/p>\n<p id=\"absatz26\" class=\"em_text\">Im November greift das Justizministerium Nordrhein-Westfalen ein. Es entzieht den Fall der Bielefelder Staatsanwaltschaft und \u00fcbergibt ihn einer Ermittlungsgruppe bei der Staatsanwaltschaft Duisburg. Diese nimmt die Ermittlungen erneut auf und informiert als erstes alle bis dahin bekannten Opfer der Vergewaltigungsserie.<\/p>\n<p id=\"absatz27\" class=\"em_text\">Weitere Betroffene werden nun identifiziert und ebenfalls \u00fcber die Taten informiert. Am Ende gehen die Ermittler von 30 Patientinnen des EvKB aus, die von Philipp G. vergewaltigt und missbraucht wurden. Zwei weitere Patientinnen soll er in anderen Kliniken in Kempen und in der Schweiz vergewaltigt haben. Hinzu kommen zw\u00f6lf Frauen aus G.s privatem Umfeld, die ebenfalls Opfer des jungen Bielefelders wurden.<\/p>\n<p>        <a href=\"https:\/\/www.nw.de\/_em_daten\/_cache\/image\/1xRDhlVms3Mk03Y3o2VzVYUUVVNzVjVTdlYVR3eGpjaFpyNWhpYTR3K2t1SWxSdmwwY2ZGaENWbzVEeVlobnM2VlYvalNTSC9ya01BU2VTSkJITzVybkZOVkZ3R0xJT0tZUThiV2xySjJxakU9\/260422-1611-883557708.jpg\" class=\"nw-article-image\" title=\"Norika Creuzmann ist NRW-Landtagsabgeordnete und hat 30 Jahre im Frauenhaus in Paderborn gearbeitet. Beim Live-Podcast zur Vergewaltigungsserie im Evangelischen Klinikum Bethel fordert sie, dass Frauen, die von Missbrauch berichten, geglaubt wird.\" data-glightbox=\"type: image; description: Norika Creuzmann ist NRW-Landtagsabgeordnete und hat 30 Jahre im Frauenhaus in Paderborn gearbeitet. Beim Live-Podcast zur Vergewaltigungsserie im Evangelischen Klinikum Bethel fordert sie, dass Frauen, die von Missbrauch berichten, geglaubt wird.  | \u00a9 Sarah Jonek \" rel=\"nofollow noopener\" target=\"_blank\"><br \/>\n            <img decoding=\"async\" src=\"https:\/\/www.europesays.com\/de\/wp-content\/uploads\/2026\/04\/260422-1611-883557708.jpg\" class=\"nw-img-fluid nw-w-full nw-lazy nw-rounded-t-md\" alt=\"Norika Creuzmann ist NRW-Landtagsabgeordnete und hat 30 Jahre im Frauenhaus in Paderborn gearbeitet. Beim Live-Podcast zur Vergewaltigungsserie im Evangelischen Klinikum Bethel fordert sie, dass Frauen, die von Missbrauch berichten, geglaubt wird. - \u00a9 Sarah Jonek\" data-format=\"16:9\"\/><br \/>\n        <\/a><\/p>\n<p>                Norika Creuzmann ist NRW-Landtagsabgeordnete und hat 30 Jahre im Frauenhaus in Paderborn gearbeitet. Beim Live-Podcast zur Vergewaltigungsserie im Evangelischen Klinikum Bethel fordert sie, dass Frauen, die von Missbrauch berichten, geglaubt wird.<br \/>\n                                    | \u00a9 Sarah Jonek<\/p>\n<p id=\"absatz28\" class=\"em_text\">Die Staatsanwaltschaft Duisburg dreht bei ihren Ermittlungen jeden Stein um, befragt zahlreiche Zeugen und f\u00fcllt Dutzende Aktenordner mit Ermittlungsergebnissen. Schlie\u00dflich erhebt sie im September 2025 Anklage gegen den Chefarzt, einen damals dort t\u00e4tigen Oberarzt und den damaligen Pflegedienstleiter \u2013 wegen \u201efahrl\u00e4ssiger K\u00f6rperverletzung durch Unterlassen\u201c. Dabei geht es um das mutma\u00dfliche Wissen der Verantwortlichen, dass G. Patientinnen ohne medizinische Notwendigkeit Propofol verabreichte. Hinweise auf Sexualstraftaten, das betonen die Ermittler, hatten die Vorgesetzten des Assistenzarztes zu keinem Zeitpunkt.<\/p>\n<p id=\"absatz29\"><b class=\"bold\">Vergewaltigungsserie in Bielefeld: <\/b><a href=\"https:\/\/www.nw.de\/lokal\/bielefeld\/mitte\/23995611_Gutachten-zu-Vergewaltigungen-in-Bethel-soll-Bielefelder-Chefarzt-belasten.html\" rel=\"nofollow noopener\" target=\"_blank\">Gutachten zu Vergewaltigungen in Bethel soll Chefarzt belasten<\/a><\/p>\n<p>Prozess um die Vergewaltigungsserie am Klinikum Bethel steht noch aus<\/p>\n<p id=\"absatz30\" class=\"em_text\">Bis heute ist der Prozess in dem Fall nicht er\u00f6ffnet. Das Landgericht, das nach Erhebung der Anklage \u00fcber die Er\u00f6ffnung des Verfahrens zu entscheiden hat, k\u00fcndigte nun an, im dritten Quartal (vermutlich im August) eine abschlie\u00dfende Entscheidung dar\u00fcber treffen zu k\u00f6nnen.<\/p>\n<p id=\"absatz31\" class=\"em_text\">Die NRW-Landtagsabgeordnete Norika Creuzmann und Expertin beim Thema sexualisierte Gewalt gegen Frauen fordert: Dieses Verfahren m\u00fcsse endlich zu einem Abschluss kommen. Viele Betroffene lebten seit Jahren in einem Zustand der Schwebe und k\u00f6nnten mit dem Geschehen nicht abschlie\u00dfen.<\/p>\n<p id=\"absatz32\" class=\"em_text\">Um \u00e4hnliche F\u00e4lle k\u00fcnftig zu verhindern, hat Creuzmann klare Forderungen: \u201eWenn Frauen etwas zur Anzeige bringen, wenn sie sich Hilfe suchend an jemanden wenden, sollte man ihnen unbedingt glauben.\u201c An alle Frauen richtet sie den Appell: \u201eWir m\u00fcssen laut werden.\u201c In der Hoffnung, dass mutma\u00dfliche T\u00e4ter wie Philipp G. k\u00fcnftig schneller gefasst werden. <\/p>\n<p class=\"nw-text-xl nw-uppercase nw-font-bold\" style=\"font-size:24px !important; line-height:32px; padding-bottom: 0px; \">INFORMATION<\/p>\n<p class=\"nw-text-lg nw-font-bold nw-pb-2\" style=\"font-size:20px !important; line-height:28px; padding-bottom: 8px; font-weight:700;\">Hilfsangebote bei sexualisierter Gewalt<\/p>\n<p>Frauen, die von sexualisierter Gewalt betroffen sind, k\u00f6nnen sich bei all ihren Fragen vertraulich an das <a aria-label=\"Link Hilfetelefon \u201eGewalt gegen Frauen\u201c\" href=\"https:\/\/www.hilfetelefon.de\/das-hilfetelefon\/beratung\/telefon-beratung.html\" rel=\"noreferrer noopener nofollow\" target=\"_blank\" title=\"https:\/\/www.hilfetelefon.de\/das-hilfetelefon\/beratung\/telefon-beratung.html\">Hilfetelefon \u201eGewalt gegen Frauen\u201c<\/a> wenden: Die 116 016 ist rund um die Uhr erreichbar, auch an Wochenenden und Feiertagen. Der Anruf ist kostenlos und kann auch ohne Guthaben auf dem Mobiltelefon genutzt werden.<\/p>\n<p>Die interkulturellen Beraterinnen beim Hilfetelefon sind ausgebildete und erfahrene Fachkr\u00e4fte und bieten Beratung in 18 Fremdsprachen an.<\/p>\n<p>Zudem ist t\u00e4glich zwischen 12 und 20 Uhr ein <a aria-label=\"Link Sofort-Chat erreichbar\" href=\"https:\/\/www.hilfetelefon.de\/das-hilfetelefon\/beratung\/sofort-chat.html\" rel=\"noreferrer noopener nofollow\" target=\"_blank\" title=\"https:\/\/www.hilfetelefon.de\/das-hilfetelefon\/beratung\/sofort-chat.html\">Sofort-Chat erreichbar<\/a>. Alle Mitarbeiterinnen sind qualifizierte weibliche Fachkr\u00e4fte. Frauen mit H\u00f6r-Behinderung finden <a aria-label=\"Link hier eine Beratung in Deutscher Geb\u00e4rdensprache und in Geb\u00e4rden-Schriftsprache\" href=\"https:\/\/www.hilfetelefon.de\/das-hilfetelefon\/beratung\/beratung-in-gebaerdensprache.html\" rel=\"noreferrer noopener nofollow\" target=\"_blank\" title=\"https:\/\/www.hilfetelefon.de\/das-hilfetelefon\/beratung\/beratung-in-gebaerdensprache.html\">hier eine Beratung in Deutscher Geb\u00e4rdensprache und in Geb\u00e4rden-Schriftsprache<\/a>.<\/p>\n","protected":false},"excerpt":{"rendered":"Bielefeld. Eine junge Frau blickt in die Kamera. Anna Loreen hei\u00dft sie \u2013 es ist ihr richtiger Name.&hellip;\n","protected":false},"author":2,"featured_media":967930,"comment_status":"","ping_status":"","sticky":false,"template":"","format":"standard","meta":{"footnotes":"","_share_on_mastodon":"0"},"categories":[1841],"tags":[22060,1605,48194,119667,138276,102404,3364,29,3715,30,138461,1293,16379,3523,45834,77632,16392,9307,732,1609,2377,733,16401,198270,736,164252,16384,737,16395,1209,150315,176,22059,727,150316,210201,121,2802,33167,33166,1997,46778,150317,1921,119666],"class_list":["post-967929","post","type-post","status-publish","format-standard","has-post-thumbnail","category-bielefeld","tag-bethel","tag-bielefeld","tag-birgitt-gottwald","tag-carina-k","tag-carsten-ernst","tag-cnt_top-artikel","tag-de","tag-deutschland","tag-duisburg","tag-germany","tag-heike-krger","tag-justizministerium","tag-krperverletzung","tag-kamera","tag-kempen","tag-klinikum-bethel","tag-label_blaulicht","tag-label_foto","tag-label_frei","tag-label_plus-ok","tag-label_startseite","tag-label_unterhalte-mich","tag-label_xxl-200","tag-meta_artikelklasse_evergreen","tag-meta_copyrights_nw","tag-meta_eo_zusammenfassung","tag-meta_themen_blaulicht_sicherheit","tag-meta_userneeds_lenkeab","tag-neue-westflische","tag-nordrhein-westfalen","tag-norika-creuzmann","tag-nrw","tag-owl","tag-paderborn","tag-philipp-g","tag-philipp-g-im","tag-polizei","tag-rheinland","tag-serie_crime","tag-serie_podcast","tag-staatsanwaltschaft","tag-staatsanwaltschaft-bielefeld","tag-stefanie-hke","tag-vergewaltigung","tag-vergewaltigungsserie"],"share_on_mastodon":{"url":"","error":"Validation failed: Text character limit of 500 exceeded"},"_links":{"self":[{"href":"https:\/\/www.europesays.com\/de\/wp-json\/wp\/v2\/posts\/967929","targetHints":{"allow":["GET"]}}],"collection":[{"href":"https:\/\/www.europesays.com\/de\/wp-json\/wp\/v2\/posts"}],"about":[{"href":"https:\/\/www.europesays.com\/de\/wp-json\/wp\/v2\/types\/post"}],"author":[{"embeddable":true,"href":"https:\/\/www.europesays.com\/de\/wp-json\/wp\/v2\/users\/2"}],"replies":[{"embeddable":true,"href":"https:\/\/www.europesays.com\/de\/wp-json\/wp\/v2\/comments?post=967929"}],"version-history":[{"count":0,"href":"https:\/\/www.europesays.com\/de\/wp-json\/wp\/v2\/posts\/967929\/revisions"}],"wp:featuredmedia":[{"embeddable":true,"href":"https:\/\/www.europesays.com\/de\/wp-json\/wp\/v2\/media\/967930"}],"wp:attachment":[{"href":"https:\/\/www.europesays.com\/de\/wp-json\/wp\/v2\/media?parent=967929"}],"wp:term":[{"taxonomy":"category","embeddable":true,"href":"https:\/\/www.europesays.com\/de\/wp-json\/wp\/v2\/categories?post=967929"},{"taxonomy":"post_tag","embeddable":true,"href":"https:\/\/www.europesays.com\/de\/wp-json\/wp\/v2\/tags?post=967929"}],"curies":[{"name":"wp","href":"https:\/\/api.w.org\/{rel}","templated":true}]}}