{"id":967940,"date":"2026-04-23T22:06:26","date_gmt":"2026-04-23T22:06:26","guid":{"rendered":"https:\/\/www.europesays.com\/de\/967940\/"},"modified":"2026-04-23T22:06:26","modified_gmt":"2026-04-23T22:06:26","slug":"russland-internetsperren-in-grossstaedten-putin-aeussert-sich","status":"publish","type":"post","link":"https:\/\/www.europesays.com\/de\/967940\/","title":{"rendered":"Russland: Internetsperren in Gro\u00dfst\u00e4dten \u2013 Putin \u00e4u\u00dfert sich"},"content":{"rendered":"<p>&#8222;Wird immer Priorit\u00e4t haben&#8220; <\/p>\n<p>Internetausf\u00e4lle in russischen Gro\u00dfst\u00e4dten \u2013 Putin \u00e4u\u00dfert sich<\/p>\n<p>23.04.2026 &#8211; 21:24 UhrLesedauer: 2 Min.<\/p>\n<p><a href=\"#focus-0\" class=\"transition-colors duration-200 block text-current relative\" data-sctrack=\"FocusGalleryImage.Reference\"><img fetchpriority=\"high\" data-testid=\"Opener.Image\" style=\"--lqipURL:url('https:\/\/images.t-online.de\/2025\/07\/4zW3jgIxeFgG\/0x180:3308x1861\/fit-in\/150x0\/filters:blur(25)\/wladimir-putin-mit-einem-handy-der-russische-praesident-will-westliche-software-beschraenken-archivbild.jpg')\"   loading=\"eager\" src=\"https:\/\/www.europesays.com\/de\/wp-content\/uploads\/2026\/04\/wladimir-putin-mit-einem-handy-der-russische-praesident-will-westliche-software-beschraenken-archivb.jpeg\" alt=\"imago 80799572\" title=\"imago 80799572\" width=\"3308\" height=\"1861\" class=\"bg-[url:var(--lqipURL)] bg-cover bg-center flex h-full w-full max-w-full\" decoding=\"async\"\/><img style=\"--width:32;--height:32\" loading=\"lazy\" src=\"https:\/\/www.t-online.de\/s\/paper\/_next\/static\/media\/zoom-in.f7dae02f.svg\" alt=\"Vergr\u00f6\u00dfern des Bildes\" title=\"Vergr\u00f6\u00dfern des Bildes\" class=\"block h-[calc(var(--height)_\/_16_*_1rem)] w-[calc(var(--width)_\/_16_*_1rem)] max-w-none absolute bottom-8 right-8 rounded-4 bg-snow p-8\" decoding=\"async\"\/><\/a><\/p>\n<p>Wladimir Putin mit einem Handy: Der russische Pr\u00e4sident erkl\u00e4rt die Internetsperren mit Sicherheitsbedenken. (Quelle: Mikhail Klimentyev\/imago-images-bilder)<\/p>\n<p class=\"font-bold text-18 leading-17 user-text-lg:text-22 user-text-xl:text-24\">Immer massiver schr\u00e4nkt Moskau das Internet ein. Einige Regionen gehen offline. Inzwischen gibt es selbst in regierungstreuen Kreisen Kritik. Nun \u00e4u\u00dfert sich Kremlchef Putin.<\/p>\n<p class=\"text-18 leading-17 user-text-lg:text-22 user-text-xl:text-24\">Kremlchef <a class=\"transition-colors duration-200 cursor-pointer text-inherit no-underline text-salemsfur md:hover:text-magenta md:hover:border-magenta md:focus:text-magenta border-current border-b border-solid break-words\" data-tracking=\"{&quot;action&quot;:&quot;click&quot;,&quot;category&quot;:&quot;intextLink&quot;,&quot;label&quot;:&quot;\/themen\/wladimir-putin\/&quot;}\" href=\"https:\/\/www.t-online.de\/themen\/wladimir-putin\/\" data-sctrack=\"BodyAnchor\" rel=\"nofollow noopener\" target=\"_blank\">Wladimir Putin<\/a> hat die zunehmenden Internetblockaden in <a class=\"transition-colors duration-200 cursor-pointer text-inherit no-underline text-salemsfur md:hover:text-magenta md:hover:border-magenta md:focus:text-magenta border-current border-b border-solid break-words\" data-tracking=\"{&quot;action&quot;:&quot;click&quot;,&quot;category&quot;:&quot;intextLink&quot;,&quot;label&quot;:&quot;\/themen\/russland\/&quot;}\" href=\"https:\/\/www.t-online.de\/themen\/russland\/\" data-sctrack=\"BodyAnchor\" rel=\"nofollow noopener\" target=\"_blank\">Russland<\/a> mit der Verhinderung von <a class=\"transition-colors duration-200 cursor-pointer text-inherit no-underline text-salemsfur md:hover:text-magenta md:hover:border-magenta md:focus:text-magenta border-current border-b border-solid break-words\" data-tracking=\"{&quot;action&quot;:&quot;click&quot;,&quot;category&quot;:&quot;intextLink&quot;,&quot;label&quot;:&quot;\/themen\/terrorismus\/&quot;}\" href=\"https:\/\/www.t-online.de\/themen\/terrorismus\/\" data-sctrack=\"BodyAnchor\" rel=\"nofollow noopener\" target=\"_blank\">Terrorismus<\/a> erkl\u00e4rt. Es gebe Probleme und St\u00f6rungen des Internets in den gro\u00dfen St\u00e4dten, sagte er laut Kreml bei einer Beratung mit der Regierung. Es gehe dann um operative Ma\u00dfnahmen zur Verhinderung von Terroranschl\u00e4gen. &#8222;Die Sicherheit von Menschen wird immer Priorit\u00e4t haben.&#8220;<\/p>\n<p class=\"text-18 leading-17 user-text-lg:text-22 user-text-xl:text-24\">Man m\u00fcsse die Bev\u00f6lkerung aber im Nachhinein informieren, sagte er. Lebenswichtige Dienste wie das staatliche Serviceportal &#8222;Gosuslugi&#8220;, Zahlungssysteme und eine Terminvereinbarung bei \u00c4rzten m\u00fcssten auch in Zeiten von Einschr\u00e4nkungen funktionieren.<\/p>\n<p class=\"text-18 leading-17 user-text-lg:text-22 user-text-xl:text-24\">Die Politologin Tatjana Stanowaja bewertete die \u00c4u\u00dferung des Kremlchefs als typisch f\u00fcr ihn. &#8222;Man sieht das Problem nicht im Ereignis selbst, sondern darin, wie es den Menschen erkl\u00e4rt wird&#8220;, schrieb sie bei Telegram. Putin f\u00fchre soziale Unzufriedenheit oft darauf zur\u00fcck, dass Beamte es schlecht erkl\u00e4rt h\u00e4tten.<\/p>\n<p class=\"text-18 leading-17 user-text-lg:text-22 user-text-xl:text-24\">Die immer massiveren Internetblockaden hatten zuletzt selbst in regierungstreuen Kreisen f\u00fcr Kritik gesorgt. <a class=\"transition-colors duration-200 cursor-pointer text-inherit no-underline text-salemsfur md:hover:text-magenta md:hover:border-magenta md:focus:text-magenta border-current border-b border-solid break-words\" data-tracking=\"{&quot;action&quot;:&quot;click&quot;,&quot;category&quot;:&quot;intextLink&quot;,&quot;label&quot;:&quot;\/themen\/moskau\/&quot;}\" href=\"https:\/\/www.t-online.de\/themen\/moskau\/\" data-sctrack=\"BodyAnchor\" rel=\"nofollow noopener\" target=\"_blank\">Moskau<\/a> baut die Zensur im Internet massiv aus. Zahlreiche Webseiten, Dienste und Messenger wie <a class=\"transition-colors duration-200 cursor-pointer text-inherit no-underline text-salemsfur md:hover:text-magenta md:hover:border-magenta md:focus:text-magenta border-current border-b border-solid break-words\" data-tracking=\"{&quot;action&quot;:&quot;click&quot;,&quot;category&quot;:&quot;intextLink&quot;,&quot;label&quot;:&quot;\/themen\/whatsapp\/&quot;}\" href=\"https:\/\/www.t-online.de\/themen\/whatsapp\/\" data-sctrack=\"BodyAnchor\" rel=\"nofollow noopener\" target=\"_blank\">WhatsApp<\/a> und Telegram sind blockiert und k\u00f6nnen nur \u00fcber einen VPN-Dienst, der den Standort verschleiert, aufgerufen werden. Doch auch dagegen geht Russland zunehmend vor. Immer h\u00e4ufiger wird das mobile Internet regional ganz abgeschaltet, auch in der Hauptstadt.<\/p>\n<p class=\"text-18 leading-17 user-text-lg:text-22 user-text-xl:text-24\">Beh\u00f6rden hatten dies schon in der Vergangenheit mit Sicherheitsma\u00dfnahmen begr\u00fcndet, etwa wenn ukrainische Drohnen im Anflug waren. Putin befahl vor mehr als vier Jahren den Angriffskrieg gegen die Ukraine. An den zuletzt immer h\u00e4ufiger erfolgreichen Gegenschl\u00e4gen Kiews auf die russische \u00d6lindustrie \u00e4ndern die Internetsperren augenscheinlich nichts.<\/p>\n","protected":false},"excerpt":{"rendered":"&#8222;Wird immer Priorit\u00e4t haben&#8220; Internetausf\u00e4lle in russischen Gro\u00dfst\u00e4dten \u2013 Putin \u00e4u\u00dfert sich 23.04.2026 &#8211; 21:24 UhrLesedauer: 2 Min.&hellip;\n","protected":false},"author":2,"featured_media":967941,"comment_status":"","ping_status":"","sticky":false,"template":"","format":"standard","meta":{"footnotes":"","_share_on_mastodon":"0"},"categories":[4013],"tags":[326,331,332,19387,13,76181,73014,210206,5020,308,14,15,51546,4043,4044,850,307,12,2544,312,306],"class_list":["post-967940","post","type-post","status-publish","format-standard","has-post-thumbnail","category-russland","tag-326","tag-aktuelle-nachrichten","tag-aktuelle-news","tag-grossstadt","tag-headlines","tag-internetausfall","tag-internetblockade","tag-internetsperre","tag-kreml","tag-moskau","tag-nachrichten","tag-news","tag-prioritaet","tag-russia","tag-russian-federation","tag-russische-foederation","tag-russland","tag-schlagzeilen","tag-terrorismus","tag-ukrainekrieg","tag-wladimir-putin"],"share_on_mastodon":{"url":"https:\/\/pubeurope.com\/@de\/116456299215681433","error":""},"_links":{"self":[{"href":"https:\/\/www.europesays.com\/de\/wp-json\/wp\/v2\/posts\/967940","targetHints":{"allow":["GET"]}}],"collection":[{"href":"https:\/\/www.europesays.com\/de\/wp-json\/wp\/v2\/posts"}],"about":[{"href":"https:\/\/www.europesays.com\/de\/wp-json\/wp\/v2\/types\/post"}],"author":[{"embeddable":true,"href":"https:\/\/www.europesays.com\/de\/wp-json\/wp\/v2\/users\/2"}],"replies":[{"embeddable":true,"href":"https:\/\/www.europesays.com\/de\/wp-json\/wp\/v2\/comments?post=967940"}],"version-history":[{"count":0,"href":"https:\/\/www.europesays.com\/de\/wp-json\/wp\/v2\/posts\/967940\/revisions"}],"wp:featuredmedia":[{"embeddable":true,"href":"https:\/\/www.europesays.com\/de\/wp-json\/wp\/v2\/media\/967941"}],"wp:attachment":[{"href":"https:\/\/www.europesays.com\/de\/wp-json\/wp\/v2\/media?parent=967940"}],"wp:term":[{"taxonomy":"category","embeddable":true,"href":"https:\/\/www.europesays.com\/de\/wp-json\/wp\/v2\/categories?post=967940"},{"taxonomy":"post_tag","embeddable":true,"href":"https:\/\/www.europesays.com\/de\/wp-json\/wp\/v2\/tags?post=967940"}],"curies":[{"name":"wp","href":"https:\/\/api.w.org\/{rel}","templated":true}]}}