{"id":968195,"date":"2026-04-24T00:38:38","date_gmt":"2026-04-24T00:38:38","guid":{"rendered":"https:\/\/www.europesays.com\/de\/968195\/"},"modified":"2026-04-24T00:38:38","modified_gmt":"2026-04-24T00:38:38","slug":"eu-gipfel-in-zypern-merz-reist-doch-orban-kneift-selenskyj-draengt-politik","status":"publish","type":"post","link":"https:\/\/www.europesays.com\/de\/968195\/","title":{"rendered":"EU-Gipfel in Zypern: Merz reist doch \u2013 Orb\u00e1n kneift, Selenskyj dr\u00e4ngt | Politik"},"content":{"rendered":"<p><a class=\"skip-content skip-content--link\" href=\"#in-content-skip-link-target-v-0-0\">TTS-Player \u00fcberspringen\u21b5<\/a><a id=\"in-content-skip-link-target-v-0-0\" class=\"skip-content--target-link-hidden skip-content skip-content--target-link\" href=\"#in-content-skip-link-target-v-0-0\">Artikel weiterlesen<\/a><\/p>\n<p>Nikosia (Zypern) \u2013\u00a0<b>Eigentlich hatte sich Friedrich Merz (70, CDU) eine strikte Auszeit vom Reisen verordnet. Die Verhandlungen \u00fcber Einsparungen im Haushalt 2027 und die Strukturreformen gehen aus seiner Sicht vor.  Nach dem kommenden Wochenende muss \u2013 jedenfalls, was den Haushalt betrifft \u2013 das Wichtigste unter Dach und Fach sein. Andererseits konnte der Bundeskanzler beim informellen Treffen der Staats- und Regierungschefs der Europ\u00e4ischen Union auf Zypern schlecht fehlen. Also machte er sich doch mit dem Regierungsflieger auf. Auch beim Treffen dabei: Ukraine-Pr\u00e4sident Wolodymyr Selenskyj (48). Wer dagegen fehlte: Viktor Orb\u00e1n (62). <\/b><\/p>\n<p>Nach seinem fast vierst\u00fcndigen Flug konnte sich <a href=\"https:\/\/www.bild.de\/politik\/leute\/friedrich-merz\/friedrich-merz-alle-infos-76682054.bild.html\" class=\"text-link\" rel=\"nofollow noopener\" target=\"_blank\">Merz<\/a> auf gute Stimmung beim Auftakt-Abendessen freuen. Denn ein St\u00f6renfried hat auf seine Teilnahme dankend verzichtet: der abgew\u00e4hlte ungarische Ministerpr\u00e4sident <a href=\"https:\/\/www.bild.de\/politik\/nach-wahlniederlage-in-ungarn-orban-gibt-ukraine-milliarden-frei-69e8aadaff0951f41af8f721\" class=\"text-link\" rel=\"nofollow noopener\" target=\"_blank\">Viktor Orb\u00e1n<\/a>. Merz hatte immer wieder erkennen lassen, wie sehr der Ungar auch ihm pers\u00f6nlich auf die Nerven gegangen war. Und zur Freude des Kanzlers und seiner EU-Staatslenkerkollegen hatte Orb\u00e1n sich nach jahrelangen Blockaden pl\u00f6tzlich sogar als guter Verlierer gezeigt. Er hatte bereits im Vorfeld des Gipfels sein Nein zum von der Ukraine dringend ben\u00f6tigten 90-Milliarden-Kredit der EU aufgehoben. Die k\u00fchle Verabschiedung, die ihn auf Zypern erwartet h\u00e4tte, erspart er sich.<\/p>\n<p><img decoding=\"async\" width=\"992\" height=\"558\" alt=\"Die Pr\u00e4sidentin der Europ\u00e4ischen Kommission, Ursula von der Leyen (67), wird vom zypriotischen Pr\u00e4sidenten Nikos Christodoulides (52) zum EU-Gipfel begr\u00fc\u00dft\" src=\"https:\/\/www.europesays.com\/de\/wp-content\/uploads\/2026\/04\/c670b6edd87f0d2d141dbe0487eed67c,295d9ba4.jpeg\"   class=\"landscape\" loading=\"lazy\"\/><\/p>\n<p class=\"fig__caption__text\">Die Pr\u00e4sidentin der Europ\u00e4ischen Kommission, Ursula von der Leyen (67), wird vom zypriotischen Pr\u00e4sidenten Nikos Christodoulides (52) zum EU-Gipfel begr\u00fc\u00dft<\/p>\n<p>Foto: Petros Karadjias\/AP\/dpa<\/p>\n<p>Selenskyj dr\u00e4ngt in die EU \u2013 so schnell wie m\u00f6glich<\/p>\n<p>Merz und seine Kollegen stellen sich entsprechend auf einen gut gelaunten Wolodymyr Selenskyj als Gast beim Festessen im \u201eEvent Center\u201c von Nikosia ein. Anders als zuvor spekuliert, kommt er direkt angeflogen und wird nicht nur per Video zugeschaltet. <\/p>\n<p><img decoding=\"async\" width=\"992\" height=\"558\" alt=\"Auch Italiens Ministerpr\u00e4sidentin Giorgia Meloni (49) ist vor Ort\" src=\"https:\/\/www.europesays.com\/de\/wp-content\/uploads\/2026\/04\/7c1897e1655ef7a8af484f30edc884f2,9b19287a.jpeg\"   class=\"landscape\" loading=\"lazy\"\/><\/p>\n<p class=\"fig__caption__text\">Auch Italiens Ministerpr\u00e4sidentin Giorgia Meloni (49) ist vor Ort<\/p>\n<p>Foto: Petros Karadjias\/AP\/dpa<\/p>\n<p>Der Ukraine-Pr\u00e4sident bezeichnet die Freigabe des 90-Milliarden-Euro-Kredits als wichtigen Schritt. Mit einem Teil des Geldes werde man die zerst\u00f6rte Energieversorgung fit f\u00fcr den \u2060Winter machen, sagt Selenskyj. Das Geld werde zudem gebraucht, \u200cum eine eigene Produktion von Abwehrraketen gegen \u200bballistische Raketen aufzubauen.<\/p>\n<p><img decoding=\"async\" width=\"992\" height=\"558\" alt=\"Wolodymyr Selenskyj (48) und Friedrich Merz beim Treffen Mitte April in Berlin\" src=\"https:\/\/www.europesays.com\/de\/wp-content\/uploads\/2026\/04\/33fa485ebca8610b10c6db3bf7c454d6,8bb2fe20.jpeg\"   class=\"landscape\" loading=\"lazy\"\/><\/p>\n<p class=\"fig__caption__text\">Wolodymyr Selenskyj (48) und Friedrich Merz beim Treffen Mitte April in Berlin<\/p>\n<p>Foto: Michael Kappeler\/dpa<\/p>\n<p>Andererseits ist allen klar, dass <a href=\"https:\/\/www.bild.de\/politik\/leute\/wolodymyr-selenski\/wolodymyr-selenskyj-alle-infos-79314966.bild.html\" class=\"text-link\" rel=\"nofollow noopener\" target=\"_blank\">Selenskyj<\/a> mehr will \u2013 am liebsten die EU-Mitgliedschaft, am besten schon ab Anfang kommenden Jahres. Merz hat schon in der Vergangenheit klargemacht, dass er das f\u00fcr ausgeschlossen h\u00e4lt. Solange der <a href=\"https:\/\/www.bild.de\/politik\/ausland\/ukraine-konflikt\/ukraine-konflikt-alle-infos-78901514.bild.html\" class=\"text-link\" rel=\"nofollow noopener\" target=\"_blank\">Ukraine-Krieg<\/a> herrscht, sagen sie in der Bundesregierung schon l\u00e4nger, k\u00f6nne es gar nicht gehen. Selenskyj hingegen w\u00e4re wohl eher zu Gebietsabtretungen an Russland bereit, wenn die EU ihm mehr Sicherheit g\u00e4be. Wom\u00f6glich muss daf\u00fcr ein anderer Weg gefunden werden.<\/p>\n","protected":false},"excerpt":{"rendered":"TTS-Player \u00fcberspringen\u21b5Artikel weiterlesen Nikosia (Zypern) \u2013\u00a0Eigentlich hatte sich Friedrich Merz (70, CDU) eine strikte Auszeit vom Reisen verordnet.&hellip;\n","protected":false},"author":2,"featured_media":968196,"comment_status":"","ping_status":"","sticky":false,"template":"","format":"standard","meta":{"footnotes":"","_share_on_mastodon":"0"},"categories":[3],"tags":[158,13,32,14,15,54512,3082,307,12,15929,45,10,8,9,11,317,3081,103,104],"class_list":["post-968195","post","type-post","status-publish","format-standard","has-post-thumbnail","category-welt","tag-europaeische-union","tag-headlines","tag-merz-friedrich","tag-nachrichten","tag-news","tag-orban-viktor","tag-putin-wladimir","tag-russland","tag-schlagzeilen","tag-selenski-wolodymyr","tag-texttospeech","tag-top-news","tag-top-meldungen","tag-topmeldungen","tag-topnews","tag-ukraine","tag-ukraine-konflikt","tag-welt","tag-world"],"share_on_mastodon":{"url":"https:\/\/pubeurope.com\/@de\/116456896027425511","error":""},"_links":{"self":[{"href":"https:\/\/www.europesays.com\/de\/wp-json\/wp\/v2\/posts\/968195","targetHints":{"allow":["GET"]}}],"collection":[{"href":"https:\/\/www.europesays.com\/de\/wp-json\/wp\/v2\/posts"}],"about":[{"href":"https:\/\/www.europesays.com\/de\/wp-json\/wp\/v2\/types\/post"}],"author":[{"embeddable":true,"href":"https:\/\/www.europesays.com\/de\/wp-json\/wp\/v2\/users\/2"}],"replies":[{"embeddable":true,"href":"https:\/\/www.europesays.com\/de\/wp-json\/wp\/v2\/comments?post=968195"}],"version-history":[{"count":0,"href":"https:\/\/www.europesays.com\/de\/wp-json\/wp\/v2\/posts\/968195\/revisions"}],"wp:featuredmedia":[{"embeddable":true,"href":"https:\/\/www.europesays.com\/de\/wp-json\/wp\/v2\/media\/968196"}],"wp:attachment":[{"href":"https:\/\/www.europesays.com\/de\/wp-json\/wp\/v2\/media?parent=968195"}],"wp:term":[{"taxonomy":"category","embeddable":true,"href":"https:\/\/www.europesays.com\/de\/wp-json\/wp\/v2\/categories?post=968195"},{"taxonomy":"post_tag","embeddable":true,"href":"https:\/\/www.europesays.com\/de\/wp-json\/wp\/v2\/tags?post=968195"}],"curies":[{"name":"wp","href":"https:\/\/api.w.org\/{rel}","templated":true}]}}