{"id":968434,"date":"2026-04-24T03:13:11","date_gmt":"2026-04-24T03:13:11","guid":{"rendered":"https:\/\/www.europesays.com\/de\/968434\/"},"modified":"2026-04-24T03:13:11","modified_gmt":"2026-04-24T03:13:11","slug":"duesseldorf-michael-mutzbauer-neuer-pfarrer-in-benrath","status":"publish","type":"post","link":"https:\/\/www.europesays.com\/de\/968434\/","title":{"rendered":"D\u00fcsseldorf: Michael Mutzbauer neuer Pfarrer in Benrath"},"content":{"rendered":"<p class=\"text_ohne_einzug richtext text-em-55 !leading-serif mx-6 desktop:mx-0\">Zuerst waren sie Freunde und sind nun auch Kollegen. F\u00fcr Samuel Coppes und Michael Mutzbauer ein gleich doppeltes Geschenk. Mutzbauer wurde im Februar vom Presbyterium der evangelischen Gemeinde Benrath\/Hassels zum Pfarrer gew\u00e4hlt, seit 1. April ist der 33-J\u00e4hrige nun auch offiziell im Amt. Sein Einf\u00fchrungsgottesdienst findet am Pfingstsonntag, 24. Mai, 15 Uhr, in der Benrather Dankeskirche statt.<\/p>\n<p class=\"richtext text-em-55 !leading-serif mx-6 desktop:mx-0\">Wobei Mutzbauer f\u00fcr die Mitglieder der Gemeinde kein Unbekannter ist. Im September 2025 kam er als Pfarrer im Probedienst, um die nach dem Weggang von Florian Specht vakante Stelle zu besetzen. Samuel Coppes (40) ist schon seit gut zwei Jahren in der Evangelischen Kirchengemeinde D\u00fcsseldorf-Benrath t\u00e4tig, zu der auch der Bereich Hassels mit der Anbetungskirche geh\u00f6rt. Aktuell hat er als Pastor seinen Stellenumfang auf 70 Prozent erh\u00f6ht. Coppes ist offiziell als Diakon angestellt, aber auch f\u00fcr pastorale Dienste zust\u00e4ndig.<\/p>\n<p class=\"richtext text-em-55 !leading-serif mx-6 desktop:mx-0\">Kennengelernt haben sich die beiden schon vor einigen Jahren in der Bewegung \u201eFresh Expressions of Church\u201c unter dem Dach der Evangelischen Kirche in Deutschland. Dabei geht es darum, auf Menschen zuzugehen, die bisher keinen Kontakt zur Kirche oder zu einer Gemeinde haben. Dabei werden auch neue Formen von Kirche ausprobiert.<\/p>\n<p class=\"richtext text-em-55 !leading-serif mx-6 desktop:mx-0\">Und was liegt da nicht n\u00e4her, als zusammen in einer Gemeinde zu arbeiten und dort einerseits neue Ideen zu wagen, dabei aber auch das, was jetzt schon gut funktioniert, nicht aus den Augen zu verlieren. Hei\u00dft: Menschen mit ihrer Leidenschaft f\u00fcr Kirche und den Glauben anzustecken. \u201eKirche\u201c, sagt Samuel Coppes, \u201esoll freundlich sein.\u201c<\/p>\n<p class=\"richtext text-em-55 !leading-serif mx-6 desktop:mx-0\">Nat\u00fcrlich wissen die beiden um die gro\u00dfen Herausforderungen, vor denen auch die evangelische Kirche steht. Aber davor schrecken sie nicht zur\u00fcck. Sie sind davon \u00fcberzeugt, dass diese eine Zukunft hat. Und das haben sie auch schon vor Ort erfahren. \u201eAls ich nach Benrath kam, ergab es sich schnell, dass sich ein Team aus 20 Menschen fand, die alle so zwischen 25 und 40 sind, und Lust haben, mit uns zusammen Kirche und Gemeinde zu gestalten\u201c, erz\u00e4hlt Mutzbauer. Dabei ist ihnen wichtig, langj\u00e4hrige Gemeindeglieder nicht aus den Augen zu verlieren. \u201eWir hatten an Gr\u00fcndonnerstag einen Gottesdienst mit professioneller Musikbegleitung und haben dabei auch modernere Kirchenlieder gesungen. Danach ist eine 94-J\u00e4hrige zu mir gekommen und sagte, was das f\u00fcr eine sch\u00f6ne Atmosph\u00e4re gewesen sei\u201c, erz\u00e4hlt Samuel Coppes.<\/p>\n<p class=\"richtext text-em-55 !leading-serif mx-6 desktop:mx-0\">Nat\u00fcrlich will das Team um das pastorale Duo auch neue Formate ausprobieren, wie die \u201eKirche Kunterbunt\u201c f\u00fcr Familien mit kleinen Kindern am 27. Juni in der Anbetungskirche. Und auch f\u00fcr das <a href=\"https:\/\/rp-online.de\/thema\/sommerfest\/\" rel=\"nofollow noopener\" target=\"_blank\">Sommerfest<\/a> haben sie gro\u00dfe Pl\u00e4ne. Sie tr\u00e4umen davon, daf\u00fcr die Erich-M\u00fcller-Stra\u00dfe zu sperren und alle zum Mitfeiern einzuladen. Ob die beiden dann wieder zu Barkeepern werden wie bei der traditionellen Dankesfeier f\u00fcr die Ehrenamtler im Januar? Oder sind sie dann eher als Barista an der Siebtr\u00e4germaschine zu finden? Die beiden teilen n\u00e4mlich au\u00dfer der Kirche und dem Glauben noch andere Leidenschaften: Die f\u00fcr guten Kaffee, Gespr\u00e4che und Musik. Beide spielen n\u00e4mlich auch noch Gitarre.<\/p>\n<p class=\"richtext text-em-55 !leading-serif mx-6 desktop:mx-0\">Wer wei\u00df, vielleicht mag das f\u00fcr Au\u00dfenstehende fast zu viel des Guten sein. Doch man merkt den beiden an: Da haben sich zwei \u2013 wenn vielleicht auch nicht gesucht \u2013 aber dann doch gefunden. F\u00fcr die Gemeinde, die in den vergangenen Jahren unter personellen Umbr\u00fcchen und K\u00fcrzungen litt, eine Chance, mit neuem Elan durchzustarten.<\/p>\n<p class=\"richtext text-em-55 !leading-serif mx-6 desktop:mx-0\">Auch davon haben die beiden eine Menge. Als sich in D\u00fcsseldorf keine Gemeinde darum riss, am 10. Mai \u2013 und damit rund ein Jahr vor dem evangelischen Kirchentag in der Landeshauptstadt \u2013 einen Gottesdienst zu feiern, bei dem die Motiv-Kampagne f\u00fcr die mehrt\u00e4gige Veranstaltung vorgestellt werden soll, sagten Samuel Coppes und Michael Mutzbauer: \u201eWir haben Lust, das zu machen.\u201c Also findet der Gottesdienst nun ab 17 Uhr in der Benrather Dankeskirche statt.<\/p>\n","protected":false},"excerpt":{"rendered":"Zuerst waren sie Freunde und sind nun auch Kollegen. F\u00fcr Samuel Coppes und Michael Mutzbauer ein gleich doppeltes&hellip;\n","protected":false},"author":2,"featured_media":968435,"comment_status":"","ping_status":"","sticky":false,"template":"","format":"standard","meta":{"footnotes":"","_share_on_mastodon":"0"},"categories":[1831],"tags":[12180,210315,3364,29,3405,31162,30,10014,210314,1209,5754,99213,8682],"class_list":["post-968434","post","type-post","status-publish","format-standard","has-post-thumbnail","category-duesseldorf","tag-benrath","tag-coppes","tag-de","tag-deutschland","tag-duesseldorf","tag-evangelischen","tag-germany","tag-hassels","tag-mutzbauer","tag-nordrhein-westfalen","tag-pfarrer","tag-samuel","tag-xxx"],"share_on_mastodon":{"url":"https:\/\/pubeurope.com\/@de\/116457505249311825","error":""},"_links":{"self":[{"href":"https:\/\/www.europesays.com\/de\/wp-json\/wp\/v2\/posts\/968434","targetHints":{"allow":["GET"]}}],"collection":[{"href":"https:\/\/www.europesays.com\/de\/wp-json\/wp\/v2\/posts"}],"about":[{"href":"https:\/\/www.europesays.com\/de\/wp-json\/wp\/v2\/types\/post"}],"author":[{"embeddable":true,"href":"https:\/\/www.europesays.com\/de\/wp-json\/wp\/v2\/users\/2"}],"replies":[{"embeddable":true,"href":"https:\/\/www.europesays.com\/de\/wp-json\/wp\/v2\/comments?post=968434"}],"version-history":[{"count":0,"href":"https:\/\/www.europesays.com\/de\/wp-json\/wp\/v2\/posts\/968434\/revisions"}],"wp:featuredmedia":[{"embeddable":true,"href":"https:\/\/www.europesays.com\/de\/wp-json\/wp\/v2\/media\/968435"}],"wp:attachment":[{"href":"https:\/\/www.europesays.com\/de\/wp-json\/wp\/v2\/media?parent=968434"}],"wp:term":[{"taxonomy":"category","embeddable":true,"href":"https:\/\/www.europesays.com\/de\/wp-json\/wp\/v2\/categories?post=968434"},{"taxonomy":"post_tag","embeddable":true,"href":"https:\/\/www.europesays.com\/de\/wp-json\/wp\/v2\/tags?post=968434"}],"curies":[{"name":"wp","href":"https:\/\/api.w.org\/{rel}","templated":true}]}}