{"id":968517,"date":"2026-04-24T04:01:50","date_gmt":"2026-04-24T04:01:50","guid":{"rendered":"https:\/\/www.europesays.com\/de\/968517\/"},"modified":"2026-04-24T04:01:50","modified_gmt":"2026-04-24T04:01:50","slug":"wuelfrath-pechpfoten-feiern-jubilaeum-am-tierschutzcafe","status":"publish","type":"post","link":"https:\/\/www.europesays.com\/de\/968517\/","title":{"rendered":"W\u00fclfrath: Pechpfoten feiern Jubil\u00e4um am Tierschutzcaf\u00e9"},"content":{"rendered":"<p class=\"text_ohne_einzug richtext text-em-55 !leading-serif mx-6 desktop:mx-0\">  Das eine liegt in der Hand des Gerichts, das andere aber in den H\u00e4nden der Aktiven des Tierschutzvereins Pechpfoten. Die Tiersch\u00fctzer aus <a href=\"https:\/\/rp-online.de\/thema\/wuppertal\/\" rel=\"nofollow noopener\" target=\"_blank\">Wuppertal<\/a> laden am 3. Mai anl\u00e4sslich ihres zehnj\u00e4hrigen Bestehens zu einem Fr\u00fchlingsfest auf dem Gel\u00e4nde der Bergischen Diakonie am Sch\u00f6nefelder Weg 28 an der Stadtgrenze zu Wuppertal ein. Erstmals \u00f6ffnet an dem Tag von 15 bis 18 Uhr auch das Tierschutzcaf\u00e9 f\u00fcr die \u00d6ffentlichkeit in dem Geb\u00e4ude, das die Pechpfoten in Eigenregie renoviert haben.<\/p>\n<p class=\"richtext text-em-55 !leading-serif mx-6 desktop:mx-0\">Auch wenn die Tiersch\u00fctzer aktuell nach wie vor auf den Berufungstermin beim Oberlandesgericht <a href=\"https:\/\/rp-online.de\/thema\/duesseldorf\/\" rel=\"nofollow noopener\" target=\"_blank\">D\u00fcsseldorf<\/a> warten und somit bei der Er\u00f6ffnung des angedachten Tierschutzzentrums f\u00fcr Wuppertal und Umgebung nicht weiterkommen, gibt es f\u00fcr das Projekt Tierschutzzentrum Wuppertal und das startbereite Geb\u00e4ude eine Sondergenehmigung f\u00fcr einzelne Veranstaltungen im Jubil\u00e4umsjahr, teilt der Verein mit.<\/p>\n<p class=\"richtext text-em-55 !leading-serif mx-6 desktop:mx-0\">Wie berichtet, hat die <a href=\"https:\/\/rp-online.de\/nrw\/staedte\/wuelfrath\/bergische-diakonie-geht-in-berufung-zu-urteil-tierschutzzentrum_aid-141013021\" rel=\"nofollow noopener\" target=\"_blank\">Bergische Diakonie Ende 2025 Berufung gegen das Urteil <\/a>des Landgerichts Wuppertal eingelegt. Die Richterin hatte dem Verein \u2013 nachdem ein Mediationsverfahren gescheitert war \u2013 das Recht zugesprochen und den 2022 geschlossenen Kooperationsvertrag weiterhin als g\u00fcltig erkl\u00e4rt. Den wollte die Diakonie 2024 eigentlich aufk\u00fcndigen, weil eine Zusammenarbeit aus Sicht der Diakonie nicht mehr wie angedacht gegeben sei. Der Verein zog dagegen dann vor Gericht. Nun muss in n\u00e4chster Instanz das Oberlandesgericht entscheiden.<\/p>\n<p class=\"richtext text-em-55 !leading-serif mx-6 desktop:mx-0\">Die Pechpfoten wollen sich davon aber nicht entmutigen lassen. Unter dem Motto \u201eTierisch gut begleitet \u2013 10 Jahre Pechpfoten\u201c erz\u00e4hlen sie unter anderem tierische Vermittlungsgeschichten aus jedem Vereinsjahr, wandern mit vermittelten Hunden und haben eine Jubil\u00e4umszeitung herausgegeben. F\u00fcr alle Interessierten ist zudem ein virtueller Rundgang durch das kernsanierte Geb\u00e4ude entstanden, der \u00fcber die Homepage oder direkt bei YouTube zu finden ist. Und weitere Aktionen seien in Planung, so der Verein.<\/p>\n<p class=\"richtext text-em-55 !leading-serif mx-6 desktop:mx-0\">Die Freude auf das Fr\u00fchlingsfest ist gro\u00df. An dem Tag m\u00f6chte der Verein die bisher geleistete Arbeit pr\u00e4sentieren und hofft auf viele G\u00e4ste und Unterst\u00fctzer. \u201eWir freuen uns auf gute Gespr\u00e4che, gem\u00fctliches Beisammensein und F\u00fchrungen durchs Haus und \u00fcbers Gel\u00e4nde\u201c, sagt die erste Vorsitzende der Pechpfoten, Anke S\u00fcper. Alle Infos zum Fr\u00fchlingsfest und Tipps zur Anfahrt und Parken gibt es unter <a href=\"https:\/\/cas5-0-urlprotect.trendmicro.com\/wis\/clicktime\/v1\/query?url=http%3a%2f%2fwww.pechpfoten.de&amp;umid=54582ecd-f831-4b60-ba0c-8ff578b675ea&amp;rct=1776328261&amp;auth=f8c1baceba2a490369a2d3c8736469ec61ded91a-8f29821afa47ef648816f787cce5a9cdf408ee8b\" target=\"_blank\" rel=\"nofollow noopener\">www.pechpfoten.de<\/a> auf der Homepage des Vereins.<\/p>\n<p class=\"richtext text-em-55 !leading-serif mx-6 desktop:mx-0\">Unterst\u00fctzung f\u00fcr ihr Vorhaben erhalten die Tiersch\u00fctzer \u00fcbrigens auch von vielen Menschen, die sich bereits an einer der Petitionen beteiligt haben oder an der aktuellen beteiligen. 7500 Unterschriften sind bereits an die Diakonie \u00fcberreicht worden. Aktuell l\u00e4uft eine weitere, private Online-Petition von Initiator Dennis S\u00fc\u00df, die sich an die Bergische Diakonie und die Wuppertaler Oberb\u00fcrgermeisterin Miriam Scherff richtet. Stand 22. April, 16 Uhr, waren 2143 der angestrebten 2898 Unterschriften bereits zusammen. Wer sich daran beteiligen m\u00f6chte, findet unter <a href=\"https:\/\/www.openpetition.de\/petition\/online\/buergerinitiative-fuer-das-tierschutzzentrum-an-der-bergischen-diakonie-aprath\" target=\"_blank\" rel=\"nofollow noopener\">https:\/\/www.openpetition.de\/petition\/online\/buergerinitiative-fuer-das-tierschutzzentrum-an-der-bergischen-diakonie-aprath<\/a> mehr Informationen zum Ziel und Teilnahmem\u00f6glichkeit an der Petition.<\/p>\n","protected":false},"excerpt":{"rendered":"Das eine liegt in der Hand des Gerichts, das andere aber in den H\u00e4nden der Aktiven des Tierschutzvereins&hellip;\n","protected":false},"author":2,"featured_media":968518,"comment_status":"","ping_status":"","sticky":false,"template":"","format":"standard","meta":{"footnotes":"","_share_on_mastodon":"0"},"categories":[1840],"tags":[10999,20276,3364,29,15250,7820,2690,30,1209,5775,28077,12026,202219,28076,10434,210336,4418],"class_list":["post-968517","post","type-post","status-publish","format-standard","has-post-thumbnail","category-wuppertal","tag-22https","tag-bergische","tag-de","tag-deutschland","tag-diakonie","tag-fruehlingsfest","tag-gericht","tag-germany","tag-nordrhein-westfalen","tag-oberlandesgericht","tag-pechpfoten","tag-tierschuetzer","tag-tierschutzvereins","tag-tierschutzzentrum","tag-verein","tag-vereinsjahr","tag-wuppertal"],"share_on_mastodon":{"url":"https:\/\/pubeurope.com\/@de\/116457697808261750","error":""},"_links":{"self":[{"href":"https:\/\/www.europesays.com\/de\/wp-json\/wp\/v2\/posts\/968517","targetHints":{"allow":["GET"]}}],"collection":[{"href":"https:\/\/www.europesays.com\/de\/wp-json\/wp\/v2\/posts"}],"about":[{"href":"https:\/\/www.europesays.com\/de\/wp-json\/wp\/v2\/types\/post"}],"author":[{"embeddable":true,"href":"https:\/\/www.europesays.com\/de\/wp-json\/wp\/v2\/users\/2"}],"replies":[{"embeddable":true,"href":"https:\/\/www.europesays.com\/de\/wp-json\/wp\/v2\/comments?post=968517"}],"version-history":[{"count":0,"href":"https:\/\/www.europesays.com\/de\/wp-json\/wp\/v2\/posts\/968517\/revisions"}],"wp:featuredmedia":[{"embeddable":true,"href":"https:\/\/www.europesays.com\/de\/wp-json\/wp\/v2\/media\/968518"}],"wp:attachment":[{"href":"https:\/\/www.europesays.com\/de\/wp-json\/wp\/v2\/media?parent=968517"}],"wp:term":[{"taxonomy":"category","embeddable":true,"href":"https:\/\/www.europesays.com\/de\/wp-json\/wp\/v2\/categories?post=968517"},{"taxonomy":"post_tag","embeddable":true,"href":"https:\/\/www.europesays.com\/de\/wp-json\/wp\/v2\/tags?post=968517"}],"curies":[{"name":"wp","href":"https:\/\/api.w.org\/{rel}","templated":true}]}}