{"id":968652,"date":"2026-04-24T05:23:29","date_gmt":"2026-04-24T05:23:29","guid":{"rendered":"https:\/\/www.europesays.com\/de\/968652\/"},"modified":"2026-04-24T05:23:29","modified_gmt":"2026-04-24T05:23:29","slug":"druesenameise-in-karlsruhe-invasive-art-bedroht-gehwege-und-wohnhaeuser","status":"publish","type":"post","link":"https:\/\/www.europesays.com\/de\/968652\/","title":{"rendered":"Dr\u00fcsenameise in Karlsruhe: Invasive Art bedroht Gehwege und Wohnh\u00e4user"},"content":{"rendered":"<p>Auch Wohnh\u00e4user bedroht <\/p>\n<p>Ameise plagt deutsche Gro\u00dfstadt<\/p>\n<p>Aktualisiert am 24.04.2026 &#8211; 07:04 UhrLesedauer: 2 Min.<\/p>\n<p><a href=\"#focus-0\" class=\"transition-colors duration-200 block text-current relative\" data-sctrack=\"FocusGalleryImage.Reference\"><img fetchpriority=\"high\" data-testid=\"Opener.Image\" style=\"--lqipURL:url('https:\/\/images.t-online.de\/2025\/05\/BEkj6145cx6V\/0x209:4000x2250\/fit-in\/150x0\/filters:blur(25)\/dutzende-grosse-druesenameisen-krabbeln-ueber-den-boden-die-tiere-bilden-superkolonien-mit-tausenden-tieren.jpg')\"   loading=\"eager\" src=\"https:\/\/www.europesays.com\/de\/wp-content\/uploads\/2026\/04\/dutzende-grosse-druesenameisen-krabbeln-ueber-den-boden-die-tiere-bilden-superkolonien-mit-tausenden.jpeg\" alt=\"Dutzende Gro\u00dfe Dr\u00fcsenameisen krabbeln \u00fcber den Boden: Die Tiere bilden Superkolonien mit Tausenden Tieren.\" title=\"Dutzende Gro\u00dfe Dr\u00fcsenameisen krabbeln \u00fcber den Boden: Die Tiere bilden Superkolonien mit Tausenden Tieren.\" width=\"4000\" height=\"2250\" class=\"bg-[url:var(--lqipURL)] bg-cover bg-center flex h-full w-full max-w-full\" decoding=\"async\"\/><img style=\"--width:32;--height:32\" loading=\"lazy\" src=\"https:\/\/www.t-online.de\/s\/paper\/_next\/static\/media\/zoom-in.f7dae02f.svg\" alt=\"Vergr\u00f6\u00dfern des Bildes\" title=\"Vergr\u00f6\u00dfern des Bildes\" class=\"block h-[calc(var(--height)_\/_16_*_1rem)] w-[calc(var(--width)_\/_16_*_1rem)] max-w-none absolute bottom-8 right-8 rounded-4 bg-snow p-8\" decoding=\"async\"\/><\/a><\/p>\n<p>Dutzende Gro\u00dfe Dr\u00fcsenameisen krabbeln \u00fcber den Boden (Symbolbild): Die Tiere bilden Superkolonien mit Tausenden Tieren. (Quelle: Roberto Piras)<\/p>\n<p class=\"font-bold text-18 leading-17 user-text-lg:text-22 user-text-xl:text-24\">Eine Insektenart, die eigentlich im Mittelmeerraum heimisch ist, breitet sich immer mehr in Deutschland aus. Karlsruhe muss schon jetzt reagieren.<\/p>\n<p class=\"text-18 leading-17 user-text-lg:text-22 user-text-xl:text-24\">Die deutsche Gro\u00dfstadt Karlsruhe hat mit einem Ameisenproblem zu k\u00e4mpfen \u2013 und verf\u00fcgt deswegen bereits seit dem vergangenen Jahr \u00fcber eine Ameisenkoordinatorin. Denn: In der Stadt in Baden-W\u00fcrttemberg breitet sich die invasive Ameisenart Tapinoma magnum aus. Ameiskoordinatorin Karen E\u00dfer betont gegen\u00fcber dem &#8222;Spiegel&#8220; in einem Text vom Donnerstag, wie schwerwiegend das Problem ist: &#8222;Sie sind \u00fcberall.&#8220;<\/p>\n<p class=\"text-18 leading-17 user-text-lg:text-22 user-text-xl:text-24\">Urspr\u00fcnglich stammen die auf Deutsch als Dr\u00fcsenameisen bezeichneten Insekten aus dem Mittelmeerraum \u2013 seit mehreren Jahren breitet sie sich aber auch in Deutschland aus. <a class=\"transition-colors duration-200 cursor-pointer text-inherit no-underline text-salemsfur md:hover:text-magenta md:hover:border-magenta md:focus:text-magenta border-current border-b border-solid break-words\" data-tracking=\"{&quot;action&quot;:&quot;click&quot;,&quot;category&quot;:&quot;intextLink&quot;,&quot;label&quot;:&quot;\/heim-garten\/garten\/tiere\/insekten\/id_100787470\/invasive-ameise-in-deutschland-gefahr-fuer-infrastruktur-und-haeuser.html&quot;}\" href=\"https:\/\/www.t-online.de\/heim-garten\/garten\/tiere\/insekten\/id_100787470\/invasive-ameise-in-deutschland-gefahr-fuer-infrastruktur-und-haeuser.html\" data-sctrack=\"BodyAnchor\" rel=\"nofollow noopener\" target=\"_blank\">Die Dr\u00fcsenameisen bilden oft Superkolonien mit mehreren K\u00f6niginnen.<\/a> Da sie in Deutschland kaum nat\u00fcrliche Fressfeinde hat, kann sie sich hier so stark ausbreiten. Auch dass ein Ameisenbau mehrere K\u00f6niginnen hat, macht die Bek\u00e4mpfung schwieriger.<\/p>\n<p class=\"text-18 leading-17 user-text-lg:text-22 user-text-xl:text-24\">Beim Bau ihrer Nester &#8222;unterh\u00f6hlt&#8220; die Ameise Gehwege. Sie kann auch f\u00fcr das Fundament von Wohnh\u00e4usern zu einer Bedrohung werden. Auf der Suche nach Nahrung k\u00f6nnen die Ameisen zudem in K\u00fcchen und Vorratskammern eindringen.<\/p>\n<p class=\"text-18 leading-17 user-text-lg:text-22 user-text-xl:text-24\">Wie E\u00dfrich dem &#8222;Spiegel&#8220; erkl\u00e4rte, findet sich die Ameisenart inzwischen \u00fcberall in der Karlruhe: In Stromk\u00e4sten, in Hausfundamenten und unter Gehwegen. Die Ameisenart hat sich in acht Stadtteilen ausgebreitet. In einer Nachbarstadt ist die Plage so schlimm, dass es deswegen bereits Strom- und Internetausf\u00e4lle gegeben habe.<\/p>\n<p class=\"text-18 leading-17 user-text-lg:text-22 user-text-xl:text-24\">Wie der <a class=\"transition-colors duration-200 cursor-pointer text-inherit no-underline text-salemsfur md:hover:text-magenta md:hover:border-magenta md:focus:text-magenta border-current border-b border-solid break-words\" data-tracking=\"{&quot;action&quot;:&quot;click&quot;,&quot;category&quot;:&quot;intextLink&quot;,&quot;label&quot;:&quot;\/themen\/swr\/&quot;}\" href=\"https:\/\/www.t-online.de\/themen\/swr\/\" data-sctrack=\"BodyAnchor\" rel=\"nofollow noopener\" target=\"_blank\">SWR<\/a> berichtet, hat die Stadt deswegen bereits reagiert. Nicht nur die Stelle von Karen E\u00dfrich wurde geschaffen. Zudem gibt es seit dem vergangenen Jahr zwei professionelle Ameisenbek\u00e4mpfer, die bei der Stadt angestellt sind. F\u00fcr sie hat Karlsruhe auch ein Spezialger\u00e4t angeschafft, mit dem sich die Insekten mit Wasserdampf bek\u00e4mpfen lassen.<\/p>\n","protected":false},"excerpt":{"rendered":"Auch Wohnh\u00e4user bedroht Ameise plagt deutsche Gro\u00dfstadt Aktualisiert am 24.04.2026 &#8211; 07:04 UhrLesedauer: 2 Min. Dutzende Gro\u00dfe Dr\u00fcsenameisen&hellip;\n","protected":false},"author":2,"featured_media":967631,"comment_status":"","ping_status":"","sticky":false,"template":"","format":"standard","meta":{"footnotes":"","_share_on_mastodon":"0"},"categories":[1844],"tags":[1434,17244,1634,3364,29,76179,30,26749,206065,8903,15865,65751],"class_list":["post-968652","post","type-post","status-publish","format-standard","has-post-thumbnail","category-karlsruhe","tag-1434","tag-ameise","tag-baden-wuerttemberg","tag-de","tag-deutschland","tag-druesenameise","tag-germany","tag-insektenart","tag-karen-essrich","tag-karlsruhe","tag-mittelmeerraum","tag-superkolonie"],"share_on_mastodon":{"url":"https:\/\/pubeurope.com\/@de\/116458016460259045","error":""},"_links":{"self":[{"href":"https:\/\/www.europesays.com\/de\/wp-json\/wp\/v2\/posts\/968652","targetHints":{"allow":["GET"]}}],"collection":[{"href":"https:\/\/www.europesays.com\/de\/wp-json\/wp\/v2\/posts"}],"about":[{"href":"https:\/\/www.europesays.com\/de\/wp-json\/wp\/v2\/types\/post"}],"author":[{"embeddable":true,"href":"https:\/\/www.europesays.com\/de\/wp-json\/wp\/v2\/users\/2"}],"replies":[{"embeddable":true,"href":"https:\/\/www.europesays.com\/de\/wp-json\/wp\/v2\/comments?post=968652"}],"version-history":[{"count":0,"href":"https:\/\/www.europesays.com\/de\/wp-json\/wp\/v2\/posts\/968652\/revisions"}],"wp:featuredmedia":[{"embeddable":true,"href":"https:\/\/www.europesays.com\/de\/wp-json\/wp\/v2\/media\/967631"}],"wp:attachment":[{"href":"https:\/\/www.europesays.com\/de\/wp-json\/wp\/v2\/media?parent=968652"}],"wp:term":[{"taxonomy":"category","embeddable":true,"href":"https:\/\/www.europesays.com\/de\/wp-json\/wp\/v2\/categories?post=968652"},{"taxonomy":"post_tag","embeddable":true,"href":"https:\/\/www.europesays.com\/de\/wp-json\/wp\/v2\/tags?post=968652"}],"curies":[{"name":"wp","href":"https:\/\/api.w.org\/{rel}","templated":true}]}}