{"id":968735,"date":"2026-04-24T06:14:19","date_gmt":"2026-04-24T06:14:19","guid":{"rendered":"https:\/\/www.europesays.com\/de\/968735\/"},"modified":"2026-04-24T06:14:19","modified_gmt":"2026-04-24T06:14:19","slug":"die-grosse-glaubensfrage-ein-streit-ums-fastenbrechen-spaltet-einen-berliner-bezirk","status":"publish","type":"post","link":"https:\/\/www.europesays.com\/de\/968735\/","title":{"rendered":"Die gro\u00dfe Glaubensfrage: Ein Streit ums Fastenbrechen spaltet einen Berliner Bezirk"},"content":{"rendered":"<p class=\"tspBRma tspBRmb\">Die Bezirksverordnetenversammlung von <a href=\"https:\/\/www.tagesspiegel.de\/berlin\/bezirke\/reinickendorf\/\" target=\"_blank\" rel=\"noopener nofollow\" class=\"link link--external\" data-gtm-class=\"article-text-link\" data-gtm-val=\"external\" aria-describedby=\"message-target-blank\">Berlin-Reinickendorf<\/a> tagt schon zwei Stunden, da wird es ungew\u00f6hnlich voll auf den Besucherb\u00e4nken im Ratssaal. Fast alle Pl\u00e4tze sind belegt, das kommt selten vor. Die meisten Zuschauer geh\u00f6ren den Moscheegemeinden im Bezirk an. Sie sind nur f\u00fcr einen Tagesordnungspunkt hier: Heute entscheidet sich hier der Streit ums Fastenbrechen. <\/p>\n<p class=\"tspBRma\">Im Zentrum des Konflikts steht der FDP-Politiker David Jahn: Er wirft B\u00fcrgermeisterin Emine Demirb\u00fcken-Wegner (CDU) vor, sie habe Islamisten und Verfassungsfeinde ins Rathaus eingeladen. Seit einem Jahr geht das nun schon. F\u00fcr Differenzierung ist in dem Streit l\u00e4ngst kein Platz mehr. Was ist schiefgelaufen?<\/p>\n","protected":false},"excerpt":{"rendered":"Die Bezirksverordnetenversammlung von Berlin-Reinickendorf tagt schon zwei Stunden, da wird es ungew\u00f6hnlich voll auf den Besucherb\u00e4nken im Ratssaal.&hellip;\n","protected":false},"author":2,"featured_media":968736,"comment_status":"","ping_status":"","sticky":false,"template":"","format":"standard","meta":{"footnotes":"","_share_on_mastodon":"0"},"categories":[1825],"tags":[296,31,29,291,187,30,3659,555,3313,770,3573,184,419],"class_list":["post-968735","post","type-post","status-publish","format-standard","has-post-thumbnail","category-berlin","tag-berlin","tag-cdu","tag-deutschland","tag-facebook","tag-fdp","tag-germany","tag-integration","tag-islam","tag-ramadan","tag-rechtsextremismus","tag-reinickendorf","tag-spd","tag-verfassungsschutz"],"share_on_mastodon":{"url":"https:\/\/pubeurope.com\/@de\/116458217043869639","error":""},"_links":{"self":[{"href":"https:\/\/www.europesays.com\/de\/wp-json\/wp\/v2\/posts\/968735","targetHints":{"allow":["GET"]}}],"collection":[{"href":"https:\/\/www.europesays.com\/de\/wp-json\/wp\/v2\/posts"}],"about":[{"href":"https:\/\/www.europesays.com\/de\/wp-json\/wp\/v2\/types\/post"}],"author":[{"embeddable":true,"href":"https:\/\/www.europesays.com\/de\/wp-json\/wp\/v2\/users\/2"}],"replies":[{"embeddable":true,"href":"https:\/\/www.europesays.com\/de\/wp-json\/wp\/v2\/comments?post=968735"}],"version-history":[{"count":0,"href":"https:\/\/www.europesays.com\/de\/wp-json\/wp\/v2\/posts\/968735\/revisions"}],"wp:featuredmedia":[{"embeddable":true,"href":"https:\/\/www.europesays.com\/de\/wp-json\/wp\/v2\/media\/968736"}],"wp:attachment":[{"href":"https:\/\/www.europesays.com\/de\/wp-json\/wp\/v2\/media?parent=968735"}],"wp:term":[{"taxonomy":"category","embeddable":true,"href":"https:\/\/www.europesays.com\/de\/wp-json\/wp\/v2\/categories?post=968735"},{"taxonomy":"post_tag","embeddable":true,"href":"https:\/\/www.europesays.com\/de\/wp-json\/wp\/v2\/tags?post=968735"}],"curies":[{"name":"wp","href":"https:\/\/api.w.org\/{rel}","templated":true}]}}