{"id":968904,"date":"2026-04-24T07:53:18","date_gmt":"2026-04-24T07:53:18","guid":{"rendered":"https:\/\/www.europesays.com\/de\/968904\/"},"modified":"2026-04-24T07:53:18","modified_gmt":"2026-04-24T07:53:18","slug":"ministerpraesident-guenther-setzt-sich-gerichtlich-gegen-nius-durch","status":"publish","type":"post","link":"https:\/\/www.europesays.com\/de\/968904\/","title":{"rendered":"Ministerpr\u00e4sident G\u00fcnther setzt sich gerichtlich gegen &#8222;Nius&#8220; durch"},"content":{"rendered":"<p>        <img decoding=\"async\" src=\"https:\/\/www.europesays.com\/de\/wp-content\/uploads\/2026\/04\/guenther-200.webp\" alt=\"Schleswig-Holsteins Ministerpr\u00e4sident Daniel G\u00fcnther ist zu Gast in der NDR Talk Show am 27. Juni 2025.\" title=\"Das Oberverwaltungsgericht Sc | NDR Fernsehen\/Uwe Ernst, Uwe Ernst\" class=\"responsive\"\/><\/p>\n<p>AUDIO: Nachrichten 08:00 Uhr &#8211; 24.04.2026 (6 Min)<\/p>\n<p>\n                Stand: 24.04.2026 09:43 Uhr<\/p>\n<p class=\"preface\">Das Online-Portal &#8222;Nius&#8220; hatte gegen Ministerpr\u00e4sident Daniel G\u00fcnther (CDU) geklagt. Es ging dabei um Aussagen des Politiker in einer Fernsehsendung. Das Oberwaltungsgericht hat jetzt f\u00fcr den Politiker entschieden.<\/p>\n<p class=\"\">Das Schleswig-Holsteinische Oberverwaltungsgericht (OVG) hat eine Beschwerde des Online-Portals &#8222;Nius&#8220; gegen Ministerpr\u00e4sident Daniel G\u00fcnther (CDU) zur\u00fcckgewiesen. Hintergrund war ein Auftritt G\u00fcnthers in der ZDF-Sendung &#8222;Markus Lanz&#8220; am 7. Januar 2026 gewesen. Dort hatte sich der CDU-Politiker im Zusammenhang mit einem Social-Media-Verbot f\u00fcr unter 16-J\u00e4hrige auch zu &#8222;Nius&#8220; ge\u00e4u\u00dfert. Konkret ging es in dem Verfahren um zwei Aussagen G\u00fcnthers. &#8222;Wir m\u00fcssen aufwachen und sehen, dass das unsere Gegner und auch die Feinde von Demokratie sind&#8220; und &#8222;Wenn ich mir Nius-Artikel angucke, mit denen ich irgendwas zu tun habe: Da stimmt in der Regel nichts drin. Das ist \u2026 vollkommen faktenfrei.&#8220;<\/p>\n<p>    OVG: G\u00fcnther hat als Parteipolitiker gesprochen<\/p>\n<p class=\"\">Das Online-Portal <a href=\"https:\/\/www.ndr.de\/nachrichten\/schleswig-holstein\/nach-aussage-von-daniel-guenther-portal-nius-reicht-klage-ein,guenther-258.html\" title=\"Nach Aussage von Daniel G\u00fcnther: Portal &quot;Nius&quot; reicht Klage ein\" rel=\"nofollow noopener\" target=\"_blank\">klagte gegen den CDU-Politiker<\/a>, weil dieser sich als Ministerpr\u00e4sident ge\u00e4u\u00dfert habe. Als Amtsperson gelte hingegen das Neutralit\u00e4ts- und das Sachlichkeitsgebot, argumentierte hingegen &#8222;Nius&#8220;. Das OVG hat nun zugunsten G\u00fcnthers entschieden. Denn dieser habe die \u00c4u\u00dferungen nicht &#8222;in seiner Funktion als Ministerpr\u00e4sident des Landes Schleswig-Holstein getroffen, sondern als Parteipolitiker&#8220;, teilte das Gericht in einer Pressemitteilung mit. Bereits im Februar hatte das OVG <a href=\"https:\/\/www.ndr.de\/nachrichten\/schleswig-holstein\/daniel-guenthers-aussagen-ueber-nius-gericht-weist-eilantrag-zurueck,guenther-270.html\" title=\"Daniel G\u00fcnthers Aussagen \u00fcber &quot;Nius&quot;: Gericht weist Eilantrag zur\u00fcck\" rel=\"nofollow noopener\" target=\"_blank\">einen Eilantrag gegen G\u00fcnther abgelehnt<\/a>.<\/p>\n<p>    G\u00fcnther: &#8222;Sieg f\u00fcr die Meinungsfreiheit&#8220;<\/p>\n<p class=\"\">Der CDU-Politiker selbst freute sich \u00fcber die aktuelle Entscheidung: &#8222;Das ist ein Sieg f\u00fcr die Meinungsfreiheit&#8220;, sagte G\u00fcnther. Der Anwalt des Online-Portals &#8222;Nius&#8220;, Joachim Steinh\u00f6fel, kritisierte die Entscheidung. Der Beschluss &#8222;wirkt wie ein Schulterschluss zugunsten staatlicher Kommunikationsmacht. F\u00fcr \u00c4u\u00dferungen des Ministerpr\u00e4sidenten wird eine private Schutzzone konstruiert, in der Grundrechtsverletzungen folgenlos bleiben&#8220;. Er k\u00fcndigte an, die Entscheidung in Karlsruhe \u00fcberpr\u00fcfen zu lassen.<\/p>\n<p>        <img decoding=\"async\" src=\"https:\/\/www.europesays.com\/de\/wp-content\/uploads\/2026\/03\/podcastlogo104.webp.webp\" alt=\"Ein Mikrofon vor zwei Menschen.\" title=\"Ein Mikrofon vor zwei Menschen. | NDR, Janis R\u00f6hlig\" class=\"responsive\" loading=\"lazy\"\/><\/p>\n<p>Alles, was f\u00fcr Schleswig-Holstein wichtig ist: Im Nachrichten-Podcast von NDR 1 Welle Nord h\u00f6ren Sie das Neueste aus Schleswig-Holstein, Deutschland und der Welt.<\/p>\n","protected":false},"excerpt":{"rendered":"AUDIO: Nachrichten 08:00 Uhr &#8211; 24.04.2026 (6 Min) Stand: 24.04.2026 09:43 Uhr Das Online-Portal &#8222;Nius&#8220; hatte gegen Ministerpr\u00e4sident&hellip;\n","protected":false},"author":2,"featured_media":968905,"comment_status":"","ping_status":"","sticky":false,"template":"","format":"standard","meta":{"footnotes":"","_share_on_mastodon":"0"},"categories":[2],"tags":[11776,29,30,13,1789,2496,62,11314,14,15,98501,12,10,8,9,11],"class_list":["post-968904","post","type-post","status-publish","format-standard","has-post-thumbnail","category-deutschland","tag-daniel-guenther","tag-deutschland","tag-germany","tag-headlines","tag-klage","tag-markus-lanz","tag-medien","tag-meinungsfreiheit","tag-nachrichten","tag-news","tag-nius","tag-schlagzeilen","tag-top-news","tag-top-meldungen","tag-topmeldungen","tag-topnews"],"share_on_mastodon":{"url":"https:\/\/pubeurope.com\/@de\/116458606472273566","error":""},"_links":{"self":[{"href":"https:\/\/www.europesays.com\/de\/wp-json\/wp\/v2\/posts\/968904","targetHints":{"allow":["GET"]}}],"collection":[{"href":"https:\/\/www.europesays.com\/de\/wp-json\/wp\/v2\/posts"}],"about":[{"href":"https:\/\/www.europesays.com\/de\/wp-json\/wp\/v2\/types\/post"}],"author":[{"embeddable":true,"href":"https:\/\/www.europesays.com\/de\/wp-json\/wp\/v2\/users\/2"}],"replies":[{"embeddable":true,"href":"https:\/\/www.europesays.com\/de\/wp-json\/wp\/v2\/comments?post=968904"}],"version-history":[{"count":0,"href":"https:\/\/www.europesays.com\/de\/wp-json\/wp\/v2\/posts\/968904\/revisions"}],"wp:featuredmedia":[{"embeddable":true,"href":"https:\/\/www.europesays.com\/de\/wp-json\/wp\/v2\/media\/968905"}],"wp:attachment":[{"href":"https:\/\/www.europesays.com\/de\/wp-json\/wp\/v2\/media?parent=968904"}],"wp:term":[{"taxonomy":"category","embeddable":true,"href":"https:\/\/www.europesays.com\/de\/wp-json\/wp\/v2\/categories?post=968904"},{"taxonomy":"post_tag","embeddable":true,"href":"https:\/\/www.europesays.com\/de\/wp-json\/wp\/v2\/tags?post=968904"}],"curies":[{"name":"wp","href":"https:\/\/api.w.org\/{rel}","templated":true}]}}