{"id":969352,"date":"2026-04-24T12:00:04","date_gmt":"2026-04-24T12:00:04","guid":{"rendered":"https:\/\/www.europesays.com\/de\/969352\/"},"modified":"2026-04-24T12:00:04","modified_gmt":"2026-04-24T12:00:04","slug":"fridays-for-future-kein-klimastreik-auf-a215-in-kiel","status":"publish","type":"post","link":"https:\/\/www.europesays.com\/de\/969352\/","title":{"rendered":"Fridays for Future: Kein Klimastreik auf A215 in Kiel"},"content":{"rendered":"<p>        <img decoding=\"async\" src=\"https:\/\/www.europesays.com\/de\/wp-content\/uploads\/2026\/04\/fridaysforfuture-128.webp\" alt=\"Menschen bei einer &quot;Fridays for future&quot; Demonstration\" title=\"Menschen bei einer &quot;Fridays for future&quot; Demonstration | NDR; Alexander Scheck\" class=\"responsive\"\/><\/p>\n<p>AUDIO: Nachrichten aus dem Studio Kiel 9:30 Uhr &#8211; 24.04.2026 (2 Min)<\/p>\n<p>\n                Stand: 24.04.2026 13:37 Uhr<\/p>\n<p class=\"preface\">Die Stadt Kiel hatte die Demo-Route \u00fcber die Autobahn verboten. Trotzdem gibt es heute immer wieder Verkehrseinschr\u00e4nkungen in Kiel. Und auch in anderen Orten sind Klimastreiks geplant.<\/p>\n<p class=\"\">Die Klimaschutzinitiative Fridays for Future organisiert heute einen bundesweiten Aktionstag gegen die Politik der Bundesregierung &#8211; auch in Schleswig-Holstein finden Demonstrationen statt. Dazu z\u00e4hlen unter anderem <a href=\"https:\/\/www.ndr.de\/nachrichten\/schleswig-holstein\/Kiel-Aktuelle-Nachrichten-News-und-Videos,kiel7262.html\" title=\"Kiel - Aktuelle Nachrichten und Videos\" rel=\"nofollow noopener\" target=\"_blank\">Kiel<\/a>, <a href=\"https:\/\/www.ndr.de\/nachrichten\/schleswig-holstein\/Luebeck-Aktuelle-Nachrichten-und-Videos-,luebeck2802.html\" title=\"L\u00fcbeck - Aktuelle Nachrichten und Videos\" rel=\"nofollow noopener\" target=\"_blank\">L\u00fcbeck<\/a> und <a href=\"https:\/\/www.ndr.de\/nachrichten\/schleswig-holstein\/Elmshorn-Aktuelle-Nachrichten-und-Videos,elmshorn556.html\" title=\"Elmshorn: Aktuelle Nachrichten und Videos\" rel=\"nofollow noopener\" target=\"_blank\">Elmshorn<\/a> (<a href=\"https:\/\/www.ndr.de\/nachrichten\/schleswig-holstein\/Kreis-Pinneberg-Aktuelle-Nachrichten-und-Videos,pinneberg280.html\" title=\"Kreis Pinneberg - Aktuelle Nachrichten und Videos\" rel=\"nofollow noopener\" target=\"_blank\">Kreis Pinneberg<\/a>).<\/p>\n<p class=\"\">\u00dcber die Route in Kiel gab es im Vorfeld Streit. Eigentlich wollten die Organisatoren \u00fcber die A215 laufen. Die Stadt Kiel hatte die Demo \u00fcber die Autobahn aber verboten. Mit einem Eilantrag wollte Fridays for Future das Verbot kippen. Doch das Verwaltungsgericht gab letztendlich der Stadt recht.<\/p>\n<p>    Einschr\u00e4nkungen f\u00fcr Autofahrer: Alternative Route f\u00fchrt durch die Stadt<\/p>\n<p class=\"\">Das Gericht begr\u00fcndet die Entscheidung mit der Verkehrssicherheit &#8211; und es gibt eine Alternativroute. Um 12.05 Uhr ging es auf dem Exerzierplatz los. \u00dcber Sophienblatt, Theodor-Heuss-Ring in Richtung Eckernf\u00f6rde und nach einer Kundgebung am Westring\/Ecke Sch\u00fctzenwall geht es zur\u00fcck zum Exerzierplatz. Bis circa 17.30 Uhr muss in der Landeshaupstadt mit Verkehrsbehinderungen gerechnet werden. Nach Angaben der Polizei beteiligen sich 600 Menschen an der Demo in Kiel.<\/p>\n<p>    Fridays for Future kritisiert geplanten Tankrabatt<\/p>\n<p class=\"\">Viele sind von der Stadt Kiel entt\u00e4uscht, aber auch von der Bundespolitik. Fridays for Future kritisiert unter anderem den Tankrabatt, den der Bundestag am Mittag beschlossen hat. Bei der Kundgebung heute war vor allem viel Kritik an Bundeswirtschaftsministerin Katharina Reiche (CDU) zu sehen. Obwohl eine Knappheit von \u00d6l und Gas drohe, signalisiere die Regierung, dass weiter fr\u00f6hlich Auto gefahren werden solle &#8211; so lautete der Vorwurf im Vorfeld.<\/p>\n<p>        <img decoding=\"async\" src=\"https:\/\/www.europesays.com\/de\/wp-content\/uploads\/2026\/04\/screenshot-149746.webp.webp\" alt=\"Eine Frau tankt ihr Auto. \" title=\"Eine Frau tankt ihr Auto.  | Screenshot\" class=\"responsive\" loading=\"lazy\"\/><\/p>\n<p>Die Bundesregierung will Autofahrende entlasten. Aus norddeutschen Landesregierungen kommt Lob von SPD und CDU, Gr\u00fcne und Umweltverb\u00e4nde kritisieren die Pl\u00e4ne.<\/p>\n","protected":false},"excerpt":{"rendered":"AUDIO: Nachrichten aus dem Studio Kiel 9:30 Uhr &#8211; 24.04.2026 (2 Min) Stand: 24.04.2026 13:37 Uhr Die Stadt&hellip;\n","protected":false},"author":2,"featured_media":969353,"comment_status":"","ping_status":"","sticky":false,"template":"","format":"standard","meta":{"footnotes":"","_share_on_mastodon":"0"},"categories":[1852],"tags":[26919,5543,3364,3387,29,41543,548,663,3934,14646,30,13,4949,2858,14,15,12,1971,190295],"class_list":["post-969352","post","type-post","status-publish","format-standard","has-post-thumbnail","category-kiel","tag-a215","tag-autobahn","tag-de","tag-demo","tag-deutschland","tag-elmshorn","tag-eu","tag-europa","tag-europe","tag-fridays-for-future","tag-germany","tag-headlines","tag-kiel","tag-luebeck","tag-nachrichten","tag-news","tag-schlagzeilen","tag-schleswig-holstein","tag-tankrabatt"],"share_on_mastodon":{"url":"https:\/\/pubeurope.com\/@de\/116459577665952681","error":""},"_links":{"self":[{"href":"https:\/\/www.europesays.com\/de\/wp-json\/wp\/v2\/posts\/969352","targetHints":{"allow":["GET"]}}],"collection":[{"href":"https:\/\/www.europesays.com\/de\/wp-json\/wp\/v2\/posts"}],"about":[{"href":"https:\/\/www.europesays.com\/de\/wp-json\/wp\/v2\/types\/post"}],"author":[{"embeddable":true,"href":"https:\/\/www.europesays.com\/de\/wp-json\/wp\/v2\/users\/2"}],"replies":[{"embeddable":true,"href":"https:\/\/www.europesays.com\/de\/wp-json\/wp\/v2\/comments?post=969352"}],"version-history":[{"count":0,"href":"https:\/\/www.europesays.com\/de\/wp-json\/wp\/v2\/posts\/969352\/revisions"}],"wp:featuredmedia":[{"embeddable":true,"href":"https:\/\/www.europesays.com\/de\/wp-json\/wp\/v2\/media\/969353"}],"wp:attachment":[{"href":"https:\/\/www.europesays.com\/de\/wp-json\/wp\/v2\/media?parent=969352"}],"wp:term":[{"taxonomy":"category","embeddable":true,"href":"https:\/\/www.europesays.com\/de\/wp-json\/wp\/v2\/categories?post=969352"},{"taxonomy":"post_tag","embeddable":true,"href":"https:\/\/www.europesays.com\/de\/wp-json\/wp\/v2\/tags?post=969352"}],"curies":[{"name":"wp","href":"https:\/\/api.w.org\/{rel}","templated":true}]}}