{"id":969492,"date":"2026-04-24T13:21:25","date_gmt":"2026-04-24T13:21:25","guid":{"rendered":"https:\/\/www.europesays.com\/de\/969492\/"},"modified":"2026-04-24T13:21:25","modified_gmt":"2026-04-24T13:21:25","slug":"national-rape-day-warnung-vor-fake-an-aachener-schulen","status":"publish","type":"post","link":"https:\/\/www.europesays.com\/de\/969492\/","title":{"rendered":"National Rape Day: Warnung vor Fake an Aachener Schulen"},"content":{"rendered":"<p>Fake News an Schulen <\/p>\n<p>Warnung vor &#8222;nationalem Vergewaltigungstag&#8220;<\/p>\n<p>24.04.2026 &#8211; 10:30 UhrLesedauer: 1 Min.<\/p>\n<p><a href=\"#focus-0\" class=\"transition-colors duration-200 block text-current relative\" data-sctrack=\"FocusGalleryImage.Reference\"><img fetchpriority=\"high\" data-testid=\"Opener.Image\" style=\"--lqipURL:url('https:\/\/images.t-online.de\/2026\/04\/viLELiiUCl6O\/353x49:3628x2041\/fit-in\/150x0\/filters:blur(25)\/junge-handy-nutzerin-vor-social-media-apps-symbolfoto-in-der-staedteregion-kursieren-offenbar-fake-news-an-den-schulen.jpg')\"   loading=\"eager\" src=\"https:\/\/www.europesays.com\/de\/wp-content\/uploads\/2026\/04\/junge-handy-nutzerin-vor-social-media-apps-symbolfoto-in-der-staedteregion-kursieren-offenbar-fake-n.jpeg\" alt=\"Junge Handy-Nutzerin vor Social-Media-Apps (Symbolfoto): In der St\u00e4dteregion kursieren offenbar Fake News an den Schulen.\" title=\"Junge Handy-Nutzerin vor Social-Media-Apps (Symbolfoto): In der St\u00e4dteregion kursieren offenbar Fake News an den Schulen.\" width=\"3628\" height=\"2041\" class=\"bg-[url:var(--lqipURL)] bg-cover bg-center flex h-full w-full max-w-full\" decoding=\"async\"\/><img style=\"--width:32;--height:32\" loading=\"lazy\" src=\"https:\/\/aachen.t-online.de\/s\/paper\/_next\/static\/media\/zoom-in.f7dae02f.svg\" alt=\"Vergr\u00f6\u00dfern des Bildes\" title=\"Vergr\u00f6\u00dfern des Bildes\" class=\"block h-[calc(var(--height)_\/_16_*_1rem)] w-[calc(var(--width)_\/_16_*_1rem)] max-w-none absolute bottom-8 right-8 rounded-4 bg-snow p-8\" decoding=\"async\"\/><\/a><\/p>\n<p>Junge Handy-Nutzerin vor Social-Media-Apps (Symbolfoto): In der St\u00e4dteregion kursieren offenbar Fake News an den Schulen. (Quelle: IMAGO\/Jochen Tack)<\/p>\n<p class=\"font-bold text-18 leading-17 user-text-lg:text-22 user-text-xl:text-24\">Offenbar kursiert eine brisante L\u00fcge an Schulen: Ein TikTok-Trend behauptet, \u00dcbergriffe auf Frauen seien am Freitag straffrei. Was Aachens Schulamt jetzt unternimmt.<\/p>\n<p class=\"text-18 leading-17 user-text-lg:text-22 user-text-xl:text-24\">Das Aachener Schulamt hat s\u00e4mtliche Schulen der Stadt vor einem gef\u00e4hrlichen Fake-News-Trend auf TikTok gewarnt. Das berichten die &#8222;Aachener Zeitung&#8220; und der Radiosender Antenne Aachen. t-online hat die St\u00e4dteregion zu den Berichten angefragt und wird diesen Artikel aktualisieren, wenn eine Stellungnahme vorliegt.<\/p>\n<p class=\"text-18 leading-17 user-text-lg:text-22 user-text-xl:text-24\">Den Berichten zufolge erkl\u00e4rt Tobias Grundmann, Leiter des Fachbereichs Jugend und Schule, in dem Schreiben, dass sich derzeit in den sozialen Medien Videos verbreiten w\u00fcrden, in denen von einem angeblichen &#8222;National Rape Day&#8220; die Rede sei. Darin werde &#8222;f\u00e4lschlicherweise behauptet, sexuelle \u00dcbergriffe auf M\u00e4dchen und Frauen seien am Freitag, dem 24. April, legal und straffrei.&#8220;<\/p>\n<p class=\"text-18 leading-17 user-text-lg:text-22 user-text-xl:text-24\">Grundmann betonte demnach in dem Schreiben ausdr\u00fccklich: &#8222;Hierbei handelt es sich eindeutig um Falschinformationen.&#8220; Er rief die Schulen dazu auf, in ihren Arbeitsbereichen einen &#8222;sensiblen und aufmerksamen Umgang&#8220; mit den kursierenden Inhalten zu gew\u00e4hrleisten. Mehrere Schulen haben die Warnung den Berichten zufolge bereits an die Erziehungsberechtigten weitergegeben.<\/p>\n<p class=\"text-18 leading-17 user-text-lg:text-22 user-text-xl:text-24\">Der sogenannte &#8222;Rape Day&#8220;-Trend ist kein neues Ph\u00e4nomen. Erstmals tauchte er 2021 in einem TikTok-Video auf, das dazu aufrief, am 24. April junge Frauen und M\u00e4dchen anzufassen und zu bel\u00e4stigen \u2013 mit der falschen Behauptung, solche Handlungen blieben an diesem Tag straflos.<\/p>\n<p class=\"text-18 leading-17 user-text-lg:text-22 user-text-xl:text-24\">Das Video wurde laut der Nachrichtenagentur dpa damals gel\u00f6scht und die Behauptung als Falschmeldung enttarnt. Dennoch h\u00e4lt sich der Mythos hartn\u00e4ckig und erlebt offenbar jedes Jahr erneut eine Verbreitungswelle, unter anderem in Schul-Chats.<\/p>\n","protected":false},"excerpt":{"rendered":"Fake News an Schulen Warnung vor &#8222;nationalem Vergewaltigungstag&#8220; 24.04.2026 &#8211; 10:30 UhrLesedauer: 1 Min. Junge Handy-Nutzerin vor Social-Media-Apps&hellip;\n","protected":false},"author":2,"featured_media":969493,"comment_status":"","ping_status":"","sticky":false,"template":"","format":"standard","meta":{"footnotes":"","_share_on_mastodon":"0"},"categories":[1853],"tags":[56420,522,1424,2945,3364,29,548,663,3934,30,13,49554,14,15,1209,12,966,3501,154,18025,151,210519,10325,210518],"class_list":["post-969492","post","type-post","status-publish","format-standard","has-post-thumbnail","category-aachen","tag-schulamt","tag-522","tag-aachen","tag-aachener-zeitung","tag-de","tag-deutschland","tag-eu","tag-europa","tag-europe","tag-germany","tag-headlines","tag-luege","tag-nachrichten","tag-news","tag-nordrhein-westfalen","tag-schlagzeilen","tag-schule","tag-sexuelle-uebergriffe","tag-social-media","tag-staedteregion","tag-tiktok","tag-tobias-grundmann","tag-uebergriff","tag-vergewaltigungstag"],"share_on_mastodon":{"url":"https:\/\/pubeurope.com\/@de\/116459897312235784","error":""},"_links":{"self":[{"href":"https:\/\/www.europesays.com\/de\/wp-json\/wp\/v2\/posts\/969492","targetHints":{"allow":["GET"]}}],"collection":[{"href":"https:\/\/www.europesays.com\/de\/wp-json\/wp\/v2\/posts"}],"about":[{"href":"https:\/\/www.europesays.com\/de\/wp-json\/wp\/v2\/types\/post"}],"author":[{"embeddable":true,"href":"https:\/\/www.europesays.com\/de\/wp-json\/wp\/v2\/users\/2"}],"replies":[{"embeddable":true,"href":"https:\/\/www.europesays.com\/de\/wp-json\/wp\/v2\/comments?post=969492"}],"version-history":[{"count":0,"href":"https:\/\/www.europesays.com\/de\/wp-json\/wp\/v2\/posts\/969492\/revisions"}],"wp:featuredmedia":[{"embeddable":true,"href":"https:\/\/www.europesays.com\/de\/wp-json\/wp\/v2\/media\/969493"}],"wp:attachment":[{"href":"https:\/\/www.europesays.com\/de\/wp-json\/wp\/v2\/media?parent=969492"}],"wp:term":[{"taxonomy":"category","embeddable":true,"href":"https:\/\/www.europesays.com\/de\/wp-json\/wp\/v2\/categories?post=969492"},{"taxonomy":"post_tag","embeddable":true,"href":"https:\/\/www.europesays.com\/de\/wp-json\/wp\/v2\/tags?post=969492"}],"curies":[{"name":"wp","href":"https:\/\/api.w.org\/{rel}","templated":true}]}}