{"id":969874,"date":"2026-04-24T16:53:16","date_gmt":"2026-04-24T16:53:16","guid":{"rendered":"https:\/\/www.europesays.com\/de\/969874\/"},"modified":"2026-04-24T16:53:16","modified_gmt":"2026-04-24T16:53:16","slug":"tvb-stuttgart-verkuendet-turkish-airlines-wird-premium-partner-tvb-stuttgart-news-aus-der-handball-bundesliga","status":"publish","type":"post","link":"https:\/\/www.europesays.com\/de\/969874\/","title":{"rendered":"TVB Stuttgart verk\u00fcndet: Turkish Airlines wird Premium-Partner &#8211; TVB Stuttgart: News aus der Handball-Bundesliga"},"content":{"rendered":"<p><strong>Waiblingen\/Stuttgart<\/strong>. Turkish Airlines wird Premiumpartner des TVB Stuttgart. Das hat der Handball-Bundesligist am Freitagabend (24.04.) bekannt gegeben.<\/p>\n<p>Schweikardt: \u201eUnterstreicht die Strahlkraft des TVB\u201c<\/p>\n<p>\u201eDass sich eine derart renommierte Fluggesellschaft f\u00fcr ein Engagement bei uns entschieden hat, unterstreicht die Strahlkraft des TVB Stuttgart in der Region\u201c, l\u00e4sst sich Gesch\u00e4ftsf\u00fchrer J\u00fcrgen Schweikardt in der Pressemitteilung zitieren. Der neue Partner<\/p>\n","protected":false},"excerpt":{"rendered":"Waiblingen\/Stuttgart. Turkish Airlines wird Premiumpartner des TVB Stuttgart. Das hat der Handball-Bundesligist am Freitagabend (24.04.) bekannt gegeben. Schweikardt:&hellip;\n","protected":false},"author":2,"featured_media":969875,"comment_status":"","ping_status":"","sticky":false,"template":"","format":"standard","meta":{"footnotes":"","_share_on_mastodon":"0"},"categories":[1830],"tags":[1634,3364,29,30,1441,48455,7401],"class_list":["post-969874","post","type-post","status-publish","format-standard","has-post-thumbnail","category-stuttgart","tag-baden-wuerttemberg","tag-de","tag-deutschland","tag-germany","tag-stuttgart","tag-turkish-airlines","tag-tvb-stuttgart"],"share_on_mastodon":{"url":"https:\/\/pubeurope.com\/@de\/116460729655941637","error":""},"_links":{"self":[{"href":"https:\/\/www.europesays.com\/de\/wp-json\/wp\/v2\/posts\/969874","targetHints":{"allow":["GET"]}}],"collection":[{"href":"https:\/\/www.europesays.com\/de\/wp-json\/wp\/v2\/posts"}],"about":[{"href":"https:\/\/www.europesays.com\/de\/wp-json\/wp\/v2\/types\/post"}],"author":[{"embeddable":true,"href":"https:\/\/www.europesays.com\/de\/wp-json\/wp\/v2\/users\/2"}],"replies":[{"embeddable":true,"href":"https:\/\/www.europesays.com\/de\/wp-json\/wp\/v2\/comments?post=969874"}],"version-history":[{"count":0,"href":"https:\/\/www.europesays.com\/de\/wp-json\/wp\/v2\/posts\/969874\/revisions"}],"wp:featuredmedia":[{"embeddable":true,"href":"https:\/\/www.europesays.com\/de\/wp-json\/wp\/v2\/media\/969875"}],"wp:attachment":[{"href":"https:\/\/www.europesays.com\/de\/wp-json\/wp\/v2\/media?parent=969874"}],"wp:term":[{"taxonomy":"category","embeddable":true,"href":"https:\/\/www.europesays.com\/de\/wp-json\/wp\/v2\/categories?post=969874"},{"taxonomy":"post_tag","embeddable":true,"href":"https:\/\/www.europesays.com\/de\/wp-json\/wp\/v2\/tags?post=969874"}],"curies":[{"name":"wp","href":"https:\/\/api.w.org\/{rel}","templated":true}]}}