{"id":970019,"date":"2026-04-24T18:16:18","date_gmt":"2026-04-24T18:16:18","guid":{"rendered":"https:\/\/www.europesays.com\/de\/970019\/"},"modified":"2026-04-24T18:16:18","modified_gmt":"2026-04-24T18:16:18","slug":"mitten-im-berufsverkehr-einsatz-fuer-die-enten-retter","status":"publish","type":"post","link":"https:\/\/www.europesays.com\/de\/970019\/","title":{"rendered":"Mitten im Berufsverkehr: Einsatz f\u00fcr die Enten-Retter"},"content":{"rendered":"<p>Tiere auf Abwegen <\/p>\n<p>Mitten im Berufsverkehr: Einsatz f\u00fcr die Enten-Retter<\/p>\n<p>Aktualisiert am 24.04.2026 &#8211; 19:53 UhrLesedauer: 1 Min.<\/p>\n<p><a href=\"#focus-0\" class=\"transition-colors duration-200 block text-current relative\" data-sctrack=\"FocusGalleryImage.Reference\"><img fetchpriority=\"high\" data-testid=\"Opener.Image\" style=\"--lqipURL:url('https:\/\/images.t-online.de\/2026\/04\/O4VhFtNXn9ZD\/0x107:2048x1152\/fit-in\/150x0\/filters:blur(25)\/eine-entenfamilie-wie-diese-beschaeftigte-die-einsatzkraefte-in-stuttgart-symbolbild.jpg')\"   loading=\"eager\" src=\"https:\/\/www.europesays.com\/de\/wp-content\/uploads\/2026\/04\/eine-entenfamilie-wie-diese-beschaeftigte-die-einsatzkraefte-in-stuttgart-symbolbild.jpg\" alt=\"Entenspaziergang\" title=\"Entenspaziergang\" width=\"2048\" height=\"1152\" class=\"bg-[url:var(--lqipURL)] bg-cover bg-center flex h-full w-full max-w-full\" decoding=\"async\"\/><img style=\"--width:32;--height:32\" loading=\"lazy\" src=\"https:\/\/www.t-online.de\/s\/paper\/_next\/static\/media\/zoom-in.f7dae02f.svg\" alt=\"Vergr\u00f6\u00dfern des Bildes\" title=\"Vergr\u00f6\u00dfern des Bildes\" class=\"block h-[calc(var(--height)_\/_16_*_1rem)] w-[calc(var(--width)_\/_16_*_1rem)] max-w-none absolute bottom-8 right-8 rounded-4 bg-snow p-8\" decoding=\"async\"\/><\/a><\/p>\n<p>Eine Entenfamilie wie diese besch\u00e4ftigte die Einsatzkr\u00e4fte in Stuttgart. (Symbolbild) (Quelle: Federico Gambarini\/dpa\/dpa-bilder)<\/p>\n<p class=\"font-bold text-18 leading-17 user-text-lg:text-22 user-text-xl:text-24\">Mit ihren K\u00fcken im Schlepptau verirrt sich eine Entenmutter in Stuttgart im dichten Feierabendverkehr. Ein Rettungswagen sieht die kleine Familie \u2013 dann r\u00fccken professionelle Helfer aus.<\/p>\n<p class=\"text-18 leading-17 user-text-lg:text-22 user-text-xl:text-24\">Ausgerechnet im dichten Stuttgarter Berufsverkehr war am Nachmittag eine Entenmutter mit ihren f\u00fcnf K\u00fcken auf Abwegen unterwegs. Wie die Feuerwehr mitteilte, entdeckte ein Rettungswagen zuf\u00e4llig die gefiederte Familie im Schwanenplatztunnel auf der Bundesstra\u00dfe 14. Die Helfer sicherten die Einsatzstelle mit Blaulicht ab, bis die Feuerwehr mit spezieller Ausr\u00fcstung f\u00fcr Tierrettungen anr\u00fcckte.<\/p>\n<p class=\"text-18 leading-17 user-text-lg:text-22 user-text-xl:text-24\">Die Einsatzkr\u00e4fte fingen die Entenk\u00fcken den Angaben zufolge per Hand ein, die Mutter machten sie mit der Hilfe eines Keschers dingfest. Anschlie\u00dfend wurden die sechs Tiere in einer Transportkiste zu einem Teich in den Unteren Schlossgarten gebracht und frei gelassen. Laut Feuerwehr haben alle das Abenteuer wohlauf \u00fcberstanden.<\/p>\n","protected":false},"excerpt":{"rendered":"Tiere auf Abwegen Mitten im Berufsverkehr: Einsatz f\u00fcr die Enten-Retter Aktualisiert am 24.04.2026 &#8211; 19:53 UhrLesedauer: 1 Min.&hellip;\n","protected":false},"author":2,"featured_media":970020,"comment_status":"","ping_status":"","sticky":false,"template":"","format":"standard","meta":{"footnotes":"","_share_on_mastodon":"0"},"categories":[1830],"tags":[1634,22621,3364,29,2540,44541,38921,985,30,5989,210574,1441],"class_list":["post-970019","post","type-post","status-publish","format-standard","has-post-thumbnail","category-stuttgart","tag-baden-wuerttemberg","tag-berufsverkehr","tag-de","tag-deutschland","tag-einsatzkraft","tag-entenfamilie","tag-feierabendverkehr","tag-feuerwehr","tag-germany","tag-rettungswagen","tag-schlepptau","tag-stuttgart"],"share_on_mastodon":{"url":"https:\/\/pubeurope.com\/@de\/116461056228420466","error":""},"_links":{"self":[{"href":"https:\/\/www.europesays.com\/de\/wp-json\/wp\/v2\/posts\/970019","targetHints":{"allow":["GET"]}}],"collection":[{"href":"https:\/\/www.europesays.com\/de\/wp-json\/wp\/v2\/posts"}],"about":[{"href":"https:\/\/www.europesays.com\/de\/wp-json\/wp\/v2\/types\/post"}],"author":[{"embeddable":true,"href":"https:\/\/www.europesays.com\/de\/wp-json\/wp\/v2\/users\/2"}],"replies":[{"embeddable":true,"href":"https:\/\/www.europesays.com\/de\/wp-json\/wp\/v2\/comments?post=970019"}],"version-history":[{"count":0,"href":"https:\/\/www.europesays.com\/de\/wp-json\/wp\/v2\/posts\/970019\/revisions"}],"wp:featuredmedia":[{"embeddable":true,"href":"https:\/\/www.europesays.com\/de\/wp-json\/wp\/v2\/media\/970020"}],"wp:attachment":[{"href":"https:\/\/www.europesays.com\/de\/wp-json\/wp\/v2\/media?parent=970019"}],"wp:term":[{"taxonomy":"category","embeddable":true,"href":"https:\/\/www.europesays.com\/de\/wp-json\/wp\/v2\/categories?post=970019"},{"taxonomy":"post_tag","embeddable":true,"href":"https:\/\/www.europesays.com\/de\/wp-json\/wp\/v2\/tags?post=970019"}],"curies":[{"name":"wp","href":"https:\/\/api.w.org\/{rel}","templated":true}]}}