{"id":970036,"date":"2026-04-24T18:26:17","date_gmt":"2026-04-24T18:26:17","guid":{"rendered":"https:\/\/www.europesays.com\/de\/970036\/"},"modified":"2026-04-24T18:26:17","modified_gmt":"2026-04-24T18:26:17","slug":"hamburger-kandidatur-mit-musik-sport-und-optimismus-fuer-olympia-in-hamburg","status":"publish","type":"post","link":"https:\/\/www.europesays.com\/de\/970036\/","title":{"rendered":"Hamburger Kandidatur: Mit Musik, Sport und Optimismus f\u00fcr Olympia in Hamburg"},"content":{"rendered":"<p>Die Initiative \u201eOlympJA\u201c hat mit einer ungew\u00f6hnlichen Kundgebung in der Hamburger Innenstadt ein Zeichen f\u00fcr Olympische Spiele in der Hansestadt gesetzt \u2013 genau in dem Moment, in dem die Briefwahlunterlagen f\u00fcr das Olympia-Referendum in den Briefk\u00e4sten landen.<\/p>\n<p class=\"is-first-paragraph\" data-external=\"Article.FirstParagraph\">Mit Musik, Sportkleidung und Booten auf der Alster hat die Initiative \u201eOlympJA Hamburg\u201c am Donnerstag ein sichtbares Zeichen f\u00fcr Olympische und Paralympische Spiele in der Hansestadt gesetzt. Einige Tausend Menschen \u2013 so die Veranstalterangabe \u2013 versammelten sich am Nachmittag auf dem Jungfernstieg, parallel beteiligten sich Segelboote, SUPs, Kanus und Ruderboote auf der Binnenalster an der Kundgebung. In einer Phase, in der die Briefwahlunterlagen f\u00fcr das Olympia\u2011Referendum verschickt werden, sollte die Demonstration R\u00fcckenwind f\u00fcr das Pro\u2011Lager erzeugen.<\/p>\n<p>Hamburg hat in den vergangenen Jahren zahlreiche, teils sehr gro\u00dfe Demonstrationen auf dem Jungfernstieg erlebt \u2013 doch selten war eine Kundgebung, wenn auch kleiner in der Teilnehmerzahl, so deutlich auf positive Stimmung und Zuversicht ausgerichtet wie diese. Statt Sprechch\u00f6ren und Transparenten dominierten Sporttrikots, Musik und Vereinsfarben das Bild. Viele Teilnehmende waren mit ihren Familien gekommen, zahlreiche Hamburger Sportvereine folgten dem Aufruf \u201eBeweg dich f\u00fcr Olympia!\u201c.<\/p>\n<p>Die Binnenalster wurde dabei bewusst in das Geschehen einbezogen. Wassersportler nutzten das Gew\u00e4sser als B\u00fchne und verwiesen damit auf einen zentralen Teil des Hamburger Bewerbungskonzepts, das auf bestehende Orte und maritime Kulissen setzt. Die Organisatoren sprachen von einem \u201eVorgeschmack\u201c auf m\u00f6gliche Wettk\u00e4mpfe in der Stadt.<\/p>\n<p>Auf der B\u00fchne auf der Reesendammbr\u00fccke wechselten sich Musik, kurze Talks und sportliche Aktionen ab. Unter den Unterst\u00fctzern waren Pers\u00f6nlichkeiten aus Sport, Medien, Kultur und Wirtschaft, darunter TV\u2011Moderator Steven G\u00e4tjen, der Hallensprecher der Hamburg Towers, Isaac Hoffmann, Schauspieler Marek Erhardt, die Pr\u00e4sidentin des Hamburger Sportbunds, Katharina von Kodolitsch, OMR\u2011Gr\u00fcnder Philipp Westermeyer und Paralympics\u2011Siegerin Edina M\u00fcller. F\u00fcr den musikalischen Rahmen sorgten unter anderem Alex Christensen, Pohlmann (mit Tonproblemen), Marc Atlas sowie die HipHop Academy Hamburg.<\/p>\n<p>Initiator Matthias Onken sprach von einem Signal aus der Mitte der Stadt. \u201eHamburg hat heute gezeigt, was m\u00f6glich ist, wenn viele Menschen gemeinsam f\u00fcr eine Idee eintreten\u201c, sagte er. Es gehe um eine Vision, die \u00fcber Sport hinausreiche. Co\u2011Initiator Christian Gerlach betonte, Olympia sei kein abstraktes Gro\u00dfprojekt, sondern ein Thema, das die Stadtgesellschaft bewege.<\/p>\n<p>Das Pro\u2011Olympia\u2011Lager sucht derzeit gezielt die \u00d6ffentlichkeit. W\u00e4hrend Bef\u00fcrworter die Chance auf internationale Aufmerksamkeit, Investitionen und neue Sportinfrastruktur hervorheben, warnen Kritiker vor Kostenrisiken, Sicherheitsfragen und langfristigen Belastungen f\u00fcr die Stadt. Die Erinnerung an das gescheiterte Referendum von 2015 ist pr\u00e4sent, entsprechend intensiv wird der aktuelle Abstimmungskampf gef\u00fchrt.<\/p>\n<p>Vor diesem Hintergrund f\u00e4llt der Zeitpunkt der Kundgebung nicht zuf\u00e4llig: In diesen Tagen gehen die Briefwahlunterlagen an die Hamburgerinnen und Hamburger. Die kommenden Wochen sind damit entscheidend f\u00fcr den Ausgang des Referendums. Demonstrationen und \u00f6ffentliche Aktionen gelten auf beiden Seiten als Mittel, Unentschlossene zu erreichen und die eigene Erz\u00e4hlung zu besetzen.<\/p>\n<p>Die Kundgebung am Jungfernstieg setzte dabei weniger auf politische Zuspitzung als auf Bilder von Gemeinschaft und Bewegung. Organisiert wurde sie von Ehrenamtlichen, getragen von Vereinen und Einzelinitiativen. Genau darin sehen die Veranstalter ihre St\u00e4rke: Olympia nicht als Verwaltungsprojekt, sondern als gemeinschaftliche Idee zu pr\u00e4sentieren.<\/p>\n<p>Ob diese positive Energie auch an der Wahlurne tr\u00e4gt, wird sich bald zeigen. Fest steht: Der Abstimmungskampf um Olympische Spiele in Hamburg ist in eine hei\u00dfe Phase eingetreten \u2013 und wird nun sichtbar auch auf den Stra\u00dfen und auf dem Wasser gef\u00fchrt.<\/p>\n<p>jlau<\/p>\n","protected":false},"excerpt":{"rendered":"Die Initiative \u201eOlympJA\u201c hat mit einer ungew\u00f6hnlichen Kundgebung in der Hamburger Innenstadt ein Zeichen f\u00fcr Olympische Spiele in&hellip;\n","protected":false},"author":2,"featured_media":970037,"comment_status":"","ping_status":"","sticky":false,"template":"","format":"standard","meta":{"footnotes":"","_share_on_mastodon":"0"},"categories":[1826],"tags":[29,12214,30,692,8923,55954,13025,45],"class_list":["post-970036","post","type-post","status-publish","format-standard","has-post-thumbnail","category-hamburg","tag-deutschland","tag-dosb","tag-germany","tag-hamburg","tag-lauterbach-joern","tag-olympia-2024","tag-olympische-spiele","tag-texttospeech"],"share_on_mastodon":{"url":"https:\/\/pubeurope.com\/@de\/116461095427997098","error":""},"_links":{"self":[{"href":"https:\/\/www.europesays.com\/de\/wp-json\/wp\/v2\/posts\/970036","targetHints":{"allow":["GET"]}}],"collection":[{"href":"https:\/\/www.europesays.com\/de\/wp-json\/wp\/v2\/posts"}],"about":[{"href":"https:\/\/www.europesays.com\/de\/wp-json\/wp\/v2\/types\/post"}],"author":[{"embeddable":true,"href":"https:\/\/www.europesays.com\/de\/wp-json\/wp\/v2\/users\/2"}],"replies":[{"embeddable":true,"href":"https:\/\/www.europesays.com\/de\/wp-json\/wp\/v2\/comments?post=970036"}],"version-history":[{"count":0,"href":"https:\/\/www.europesays.com\/de\/wp-json\/wp\/v2\/posts\/970036\/revisions"}],"wp:featuredmedia":[{"embeddable":true,"href":"https:\/\/www.europesays.com\/de\/wp-json\/wp\/v2\/media\/970037"}],"wp:attachment":[{"href":"https:\/\/www.europesays.com\/de\/wp-json\/wp\/v2\/media?parent=970036"}],"wp:term":[{"taxonomy":"category","embeddable":true,"href":"https:\/\/www.europesays.com\/de\/wp-json\/wp\/v2\/categories?post=970036"},{"taxonomy":"post_tag","embeddable":true,"href":"https:\/\/www.europesays.com\/de\/wp-json\/wp\/v2\/tags?post=970036"}],"curies":[{"name":"wp","href":"https:\/\/api.w.org\/{rel}","templated":true}]}}