{"id":970127,"date":"2026-04-24T19:20:20","date_gmt":"2026-04-24T19:20:20","guid":{"rendered":"https:\/\/www.europesays.com\/de\/970127\/"},"modified":"2026-04-24T19:20:20","modified_gmt":"2026-04-24T19:20:20","slug":"ermittlungen-gegen-chef-der-us-notenbank-jerome-powell-eingestellt","status":"publish","type":"post","link":"https:\/\/www.europesays.com\/de\/970127\/","title":{"rendered":"Ermittlungen gegen Chef der US-Notenbank Jerome Powell eingestellt"},"content":{"rendered":"<p>            <img loading=\"lazy\" decoding=\"async\" class=\"ts-image\" src=\"https:\/\/www.europesays.com\/de\/wp-content\/uploads\/2026\/04\/powell-214.jpg\" alt=\"Jerome Powell\" title=\"Jerome Powell | AFP\"\/><\/p>\n<p class=\"metatextline\">Stand: 24.04.2026 \u2022 19:34 Uhr<\/p>\n<p class=\"article-head__shorttext\">\n        <strong>Wegen angeblich ausufernder Renovierungskosten der US-Notenbank wurde gegen dessen Chef Powell ermittelt. Die Ermittlungen wurden nun eingestellt. Das k\u00f6nnte Bewegung in die Wahl von Powells Nachfolger bringen.<\/strong>\n    <\/p>\n<p class=\"textabsatz m-ten m-offset-one l-eight l-offset-two columns twelve\">Die strafrechtlichen Ermittlungen gegen US-Notenbankchef Jerome Powell wegen angeblich \u00fcberzogener Renovierungskosten an der Federal Reserve (Fed) sind eingestellt worden. Das teilte die Bezirksstaatsanw\u00e4ltin Jeanine Pirro, die als Verb\u00fcndete von US-Pr\u00e4sident Donald Trump gilt, mit. Demnach wird die interne Aufsicht der Fed die Kosten f\u00fcr die Renovierung des Notenbankgeb\u00e4udes weiter untersuchen. Zugleich betonte Pirro im Netzwerk X, erneut strafrechtliche Ermittlungen aufzunehmen, &#8222;sollten die Fakten dies rechtfertigen&#8220;.<\/p>\n<p class=\"textabsatz m-ten m-offset-one l-eight l-offset-two columns twelve\">Die Untersuchung drehte sich um Kosten\u00fcberschreitungen f\u00fcr ein Renovierungsprojekt an der Fed-Zentrale im Umfang von 2,5 Milliarden Dollar. Bisher konnten die Ermittler aber keine Beweise vorlegen, dass sich Powell irgendetwas zuschulden kommen hat lassen.<\/p>\n<p class=\"textabsatz m-ten m-offset-one l-eight l-offset-two columns twelve\">Mitte Januar war Powell in einem \u00e4u\u00dferst ungew\u00f6hnlichen Schritt an die \u00d6ffentlichkeit getreten und hatte die Ermittlungen gegen ihn publik gemacht. Eine drohende Anklage ordnete er als Versuch der Einflussnahme auf die Arbeit der Fed ein. &#8222;Die Drohung mit einer Anklage ist eine Folge davon, dass die Federal Reserve die Zinss\u00e4tze nach bestem Wissen und Gewissen im \u00f6ffentlichen Interesse festlegt und nicht den Pr\u00e4ferenzen des Pr\u00e4sidenten folgt&#8220;, sagte Powell.<\/p>\n<p>    Kritiker f\u00fcrchten um Unabh\u00e4ngigkeit der Fed<\/p>\n<p class=\"textabsatz m-ten m-offset-one l-eight l-offset-two columns twelve\">Trump pocht seit Langem darauf, dass die Fed den Leitzins senkt &#8211; in den vergangenen zwei Sitzungen blieb dieser aber stabil. Trump fiel vor allem im vergangenen Jahr durch zahlreiche Beschimpfungen und Entlassungsdrohungen gegen Powell auf.<\/p>\n<p class=\"textabsatz m-ten m-offset-one l-eight l-offset-two columns twelve\">Aktuell besch\u00e4ftigt sich der Bankenausschuss des Senats mit dem nominierten Nachfolger von Powell, dem fr\u00fcheren Fed-Vorstandsmitglied Kevin Warsh. Mit der Einstellung der Ermittlungen wurde eine gro\u00dfe H\u00fcrde f\u00fcr die Best\u00e4tigung von Trumps Wunschnachfolger Warsh beseitigt. Auch f\u00fchrende Republikaner im Senat wollten Warsh nicht als neuen Fed-Chef best\u00e4tigen, solange die Untersuchung lief.<\/p>\n<p class=\"textabsatz m-ten m-offset-one l-eight l-offset-two columns twelve\">Kritiker bef\u00fcrchten, dass der von Trump vorgeschlagene Kandidat die Unabh\u00e4ngigkeit der wichtigsten Zentralbank der Welt untergraben k\u00f6nnte. Warsh versichert, objektiv handeln zu wollen.<\/p>\n<p>    Wei\u00dfes Haus erwartet zeitnahe Abstimmung<\/p>\n<p class=\"textabsatz m-ten m-offset-one l-eight l-offset-two columns twelve\">Powells Amtszeit an der Fed-Spitze endet am 15. Mai. Sollte bis dahin kein Nachfolger gefunden sein, will er die Fed eventuell \u00fcbergangsweise weiterf\u00fchren. Die Trump-Regierung sei &#8222;nach wie vor zuversichtlich, dass der Senat Kevin Warsh rasch als n\u00e4chsten Vorsitzenden der Federal Reserve best\u00e4tigen wird&#8220;, erkl\u00e4rte der Sprecher des Wei\u00dfen Hauses, Kush Desair, kurz nach Einstellung der Ermittlungen gegen Powell.<\/p>\n<p class=\"textabsatz m-ten m-offset-one l-eight l-offset-two columns twelve\">Die Senatorin Elizabeth Warren von den oppositionellen Demokraten, die ebenfalls im Bankenausschuss sitzt, \u00e4u\u00dferte sich weiter kritisch. Das Justizministerium habe &#8222;gedroht, die unbegr\u00fcndete strafrechtliche Untersuchung gegen Fed-Chef Powell jederzeit wieder aufzunehmen&#8220; und bleibe \u00fcberdies bei seinem juristischen Vorgehen gegen die Fed-Gouverneurin Lisa Cook, sagte Warren.<\/p>\n<p class=\"textabsatz m-ten m-offset-one l-eight l-offset-two columns twelve\">Damit verwies sie auf einen Versuch Trumps, die Zentralbank-Vorst\u00e4ndin <a href=\"https:\/\/www.tagesschau.de\/wirtschaft\/weltwirtschaft\/supreme-court-fed-vorstaendin-lisa-cook-100.html\" title=\"Supreme Court stoppt Entlassung von Fed-Gouverneurin Lisa Cook\" rel=\"nofollow noopener\" target=\"_blank\">Lisa Cook zu entlassen<\/a>. Trump hatte im August Cooks Rauswurf verk\u00fcndet und dies mit angeblichen Falschangaben bei Immobilienkrediten begr\u00fcndet. Mit dem Fall befasst sich derzeit das Oberste Gericht der USA.<\/p>\n","protected":false},"excerpt":{"rendered":"Stand: 24.04.2026 \u2022 19:34 Uhr Wegen angeblich ausufernder Renovierungskosten der US-Notenbank wurde gegen dessen Chef Powell ermittelt. Die&hellip;\n","protected":false},"author":2,"featured_media":970128,"comment_status":"","ping_status":"","sticky":false,"template":"","format":"standard","meta":{"footnotes":"","_share_on_mastodon":"0"},"categories":[5],"tags":[331,332,3364,29,11397,30,13,14,15,23894,12,64],"class_list":["post-970127","post","type-post","status-publish","format-standard","has-post-thumbnail","category-nachrichten","tag-aktuelle-nachrichten","tag-aktuelle-news","tag-de","tag-deutschland","tag-fed","tag-germany","tag-headlines","tag-nachrichten","tag-news","tag-powell","tag-schlagzeilen","tag-usa"],"share_on_mastodon":{"url":"https:\/\/pubeurope.com\/@de\/116461307893976134","error":""},"_links":{"self":[{"href":"https:\/\/www.europesays.com\/de\/wp-json\/wp\/v2\/posts\/970127","targetHints":{"allow":["GET"]}}],"collection":[{"href":"https:\/\/www.europesays.com\/de\/wp-json\/wp\/v2\/posts"}],"about":[{"href":"https:\/\/www.europesays.com\/de\/wp-json\/wp\/v2\/types\/post"}],"author":[{"embeddable":true,"href":"https:\/\/www.europesays.com\/de\/wp-json\/wp\/v2\/users\/2"}],"replies":[{"embeddable":true,"href":"https:\/\/www.europesays.com\/de\/wp-json\/wp\/v2\/comments?post=970127"}],"version-history":[{"count":0,"href":"https:\/\/www.europesays.com\/de\/wp-json\/wp\/v2\/posts\/970127\/revisions"}],"wp:featuredmedia":[{"embeddable":true,"href":"https:\/\/www.europesays.com\/de\/wp-json\/wp\/v2\/media\/970128"}],"wp:attachment":[{"href":"https:\/\/www.europesays.com\/de\/wp-json\/wp\/v2\/media?parent=970127"}],"wp:term":[{"taxonomy":"category","embeddable":true,"href":"https:\/\/www.europesays.com\/de\/wp-json\/wp\/v2\/categories?post=970127"},{"taxonomy":"post_tag","embeddable":true,"href":"https:\/\/www.europesays.com\/de\/wp-json\/wp\/v2\/tags?post=970127"}],"curies":[{"name":"wp","href":"https:\/\/api.w.org\/{rel}","templated":true}]}}