{"id":970177,"date":"2026-04-24T19:48:15","date_gmt":"2026-04-24T19:48:15","guid":{"rendered":"https:\/\/www.europesays.com\/de\/970177\/"},"modified":"2026-04-24T19:48:15","modified_gmt":"2026-04-24T19:48:15","slug":"150-mal-schatten-neue-baeume-bereichern-bald-die-altstadt","status":"publish","type":"post","link":"https:\/\/www.europesays.com\/de\/970177\/","title":{"rendered":"150 Mal Schatten: Neue B\u00e4ume bereichern bald die Altstadt"},"content":{"rendered":"<p>expand_lessexpand_more<\/p>\n<p>Auf einer Seite sorgt der Schatten der H\u00e4user f\u00fcr K\u00fchle und in der Mitte werden bald gro\u00dfe B\u00e4ume die Besucher der M\u00fcnchner Fu\u00dfg\u00e4ngerzone erfreuen.  (Visualisierung: mahl gebhard konzepte)<\/p>\n<p>expand_lessexpand_more<\/p>\n<p>Auf einer Seite sorgt der Schatten der H\u00e4user f\u00fcr K\u00fchle und in der Mitte werden bald gro\u00dfe B\u00e4ume die Besucher der M\u00fcnchner Fu\u00dfg\u00e4ngerzone erfreuen.  (Visualisierung: mahl gebhard konzepte)<\/p>\n","protected":false},"excerpt":{"rendered":"expand_lessexpand_more Auf einer Seite sorgt der Schatten der H\u00e4user f\u00fcr K\u00fchle und in der Mitte werden bald gro\u00dfe&hellip;\n","protected":false},"author":2,"featured_media":970178,"comment_status":"","ping_status":"","sticky":false,"template":"","format":"standard","meta":{"footnotes":"","_share_on_mastodon":"0"},"categories":[1827],"tags":[1582,2922,772,29,5715,30,1268,6237],"class_list":["post-970177","post","type-post","status-publish","format-standard","has-post-thumbnail","category-muenchen","tag-allgemein","tag-altstadt","tag-bayern","tag-deutschland","tag-fussgaenger","tag-germany","tag-muenchen","tag-natur"],"share_on_mastodon":{"url":"https:\/\/pubeurope.com\/@de\/116461417826231888","error":""},"_links":{"self":[{"href":"https:\/\/www.europesays.com\/de\/wp-json\/wp\/v2\/posts\/970177","targetHints":{"allow":["GET"]}}],"collection":[{"href":"https:\/\/www.europesays.com\/de\/wp-json\/wp\/v2\/posts"}],"about":[{"href":"https:\/\/www.europesays.com\/de\/wp-json\/wp\/v2\/types\/post"}],"author":[{"embeddable":true,"href":"https:\/\/www.europesays.com\/de\/wp-json\/wp\/v2\/users\/2"}],"replies":[{"embeddable":true,"href":"https:\/\/www.europesays.com\/de\/wp-json\/wp\/v2\/comments?post=970177"}],"version-history":[{"count":0,"href":"https:\/\/www.europesays.com\/de\/wp-json\/wp\/v2\/posts\/970177\/revisions"}],"wp:featuredmedia":[{"embeddable":true,"href":"https:\/\/www.europesays.com\/de\/wp-json\/wp\/v2\/media\/970178"}],"wp:attachment":[{"href":"https:\/\/www.europesays.com\/de\/wp-json\/wp\/v2\/media?parent=970177"}],"wp:term":[{"taxonomy":"category","embeddable":true,"href":"https:\/\/www.europesays.com\/de\/wp-json\/wp\/v2\/categories?post=970177"},{"taxonomy":"post_tag","embeddable":true,"href":"https:\/\/www.europesays.com\/de\/wp-json\/wp\/v2\/tags?post=970177"}],"curies":[{"name":"wp","href":"https:\/\/api.w.org\/{rel}","templated":true}]}}