{"id":970379,"date":"2026-04-24T21:43:18","date_gmt":"2026-04-24T21:43:18","guid":{"rendered":"https:\/\/www.europesays.com\/de\/970379\/"},"modified":"2026-04-24T21:43:18","modified_gmt":"2026-04-24T21:43:18","slug":"verkaufsoffener-sonntag-am-26-april-2026-diese-staedte-in-baden-wuerttemberg-oeffnen","status":"publish","type":"post","link":"https:\/\/www.europesays.com\/de\/970379\/","title":{"rendered":"Verkaufsoffener Sonntag am 26. April 2026: Diese St\u00e4dte in Baden-W\u00fcrttemberg \u00f6ffnen"},"content":{"rendered":"<p class=\"mb-6 text-xs md:text-m lg:text-l font-serif group-[.font-sans]:font-sans \">\n    Shoppen,<a href=\"https:\/\/www.ka-news.de\/baden-wuerttemberg\/michelin-guide-mai-2026-restaurant-der-philosoph-in-baden-wuerttemberg-ist-neu-dabei-24-4-26-114027217\" target=\"_self\" class=\"underline \" rel=\"nofollow noopener\"> schlemmen<\/a>, sparen! Ein verkaufsoffener Sonntag ist f\u00fcr Schn\u00e4ppchenj\u00e4ger die perfekte Gelegenheit, in Gesch\u00e4ften nach Aktionen und Rabatten zu st\u00f6bern. <strong class=\"font-bold\">In <a href=\"https:\/\/www.ka-news.de\/baden-wuerttemberg\/baden-wuerttemberg-staedte-flaeche-einwohnerzahl-und-sehenswuerdigkeiten-16-4-26-113173158\" target=\"_self\" class=\"underline \" rel=\"nofollow noopener\">Baden-W\u00fcrttemberg<\/a> nehmen am 26. April gleich mehrere St\u00e4dte am verkaufsoffenen Sonntag teil. <\/strong>Wo, wann und aus welchem Anlass? Das erfahren Sie hier.\n  <\/p>\n<p>            Verkaufsoffener Sonntag, 26. April 2026: Murrhadter Fr\u00fchling<\/p>\n<p class=\"mb-6 text-xs md:text-m lg:text-l font-serif group-[.font-sans]:font-sans \">\n    Marktst\u00e4nde im\u00a0Klosterhof\u00a0und in der\u00a0Fu\u00dfg\u00e4ngerzone, Kinderkarussell\u00a0und\u00a0Spielkisten am Marktplatz. Der Murrhardter Fr\u00fchling mit verkaufsoffenem Sonntag ist ein Event f\u00fcr die ganze Familie. Am\u00a0Ch\u00e2teau-Gontier-Platz\u00a0finden zudem Fahrten mit Oldtimern zugunsten der\u00a0Murrhardter Tafel statt.\n  <\/p>\n<ul rel=\"\" class=\"[&amp;&gt;li]:relative list-none  [&amp;&gt;li]:pl-[1.2em] [&amp;&gt;li]:marker:text-[0] [&amp;&gt;li]:relative [&amp;&gt;li]:before:absolute [&amp;&gt;li]:before:w-3 [&amp;&gt;li]:before:h-3 [&amp;&gt;li]:before:bg-brand [&amp;&gt;li]:before:left-0 [&amp;&gt;li]:before:top-[8px] [&amp;&gt;li]:before:rounded-full  my-5\">\n<li class=\" mb-3 text-xs md:text-m lg:text-l\">Wann: 12 bis 17 Uhr<\/li>\n<li class=\" mb-3 text-xs md:text-m lg:text-l\">Wo: Murrhardt, Innenstadt\u00a0<\/li>\n<li class=\" mb-3 text-xs md:text-m lg:text-l\">Weitere Informationen: <a href=\"https:\/\/www.murrhardt.de\/veranstaltungen\/Veranstaltung?view=publish&amp;item=eventDate&amp;id=15413\" rel=\"nofollow noopener\" target=\"_blank\" class=\"underline \">https:\/\/www.murrhardt.de\/veranstaltungen\/Veranstaltung<\/a><\/li>\n<\/ul>\n<p>    <img decoding=\"async\" src=\"https:\/\/www.europesays.com\/de\/wp-content\/uploads\/2026\/04\/1777066996_199_fest-der-sinne-tribut-carl-benz.jpg\" alt=\"Oldtimer auf einer Auto-Schau.\" title=\"Oldtimer auf einer Auto-Schau.\" loading=\"lazy\" class=\"h-full w-full object-cover\"\/><\/p>\n<p>      Icon vergr\u00f6\u00dfern<\/p>\n<p>    Oldtimer auf einer Auto-Schau.<br \/>\n    Foto: Thomas Riedel (Symbolbild)<\/p>\n<p>        Schlie\u00dfen <\/p>\n<p>      Icon Schlie\u00dfen<\/p>\n<p>        Icon vergr\u00f6\u00dfern<\/p>\n<p>        Icon verkleinern<\/p>\n<p>      Icon Pfeil bewegen<\/p>\n<p>    Oldtimer auf einer Auto-Schau.<br \/>\n    Foto: Thomas Riedel (Symbolbild)<\/p>\n<p>            Verkaufsoffener Sonntag, 26. April: Dornhaner Fr\u00fchlingsfest<\/p>\n<p class=\"mb-6 text-xs md:text-m lg:text-l font-serif group-[.font-sans]:font-sans \">\n    Flohmarkt trifft verkaufsoffenen Sonntag auf dem Fr\u00fchlingsfest in Dornhan bei Rottweil. F\u00fcr Unterhaltung sorgt ein B\u00fchnenprogramm und etwas Leckeres auf der Hand gibt es nat\u00fcrlich auch.\n  <\/p>\n<ul rel=\"\" class=\"[&amp;&gt;li]:relative list-none  [&amp;&gt;li]:pl-[1.2em] [&amp;&gt;li]:marker:text-[0] [&amp;&gt;li]:relative [&amp;&gt;li]:before:absolute [&amp;&gt;li]:before:w-3 [&amp;&gt;li]:before:h-3 [&amp;&gt;li]:before:bg-brand [&amp;&gt;li]:before:left-0 [&amp;&gt;li]:before:top-[8px] [&amp;&gt;li]:before:rounded-full  my-5\">\n<li class=\" mb-3 text-xs md:text-m lg:text-l\">Wann: 12 bis 17 Uhr (Gesch\u00e4fte)<\/li>\n<li class=\" mb-3 text-xs md:text-m lg:text-l\">Wo: Stadtmitte Dornhan<\/li>\n<li class=\" mb-3 text-xs md:text-m lg:text-l\">Weitere Informationen: <a href=\"https:\/\/www.facebook.com\/permalink.php?story_fbid=pfbid0HPLXkM9oaroBcMAHML92wT8VFkcaUcdUmgLF8AaXpA8GXv1RzYB9VFRGFfWJ2435l&amp;id=100068518337062\" rel=\"nofollow noopener\" target=\"_blank\" class=\"underline \">https:\/\/www.facebook.com\/<\/a><\/li>\n<\/ul>\n<p>    <img decoding=\"async\" src=\"https:\/\/images.mgpd.de\/img\/114005994\/crop\/c16_9-w100\/278790526\/561212473\/einzelhandel.jpg\" alt=\"Verkaufsoffener Sonntag in Dornhan\" title=\"Verkaufsoffener Sonntag in Dornhan\" loading=\"lazy\" class=\"h-full w-full object-cover\"\/><\/p>\n<p>      Icon vergr\u00f6\u00dfern<\/p>\n<p>    Verkaufsoffener Sonntag in Dornhan<br \/>\n    Foto: Monika Skolimowska\/dpa (Archivbild)<\/p>\n<p>        Schlie\u00dfen <\/p>\n<p>      Icon Schlie\u00dfen<\/p>\n<p>        Icon vergr\u00f6\u00dfern<\/p>\n<p>        Icon verkleinern<\/p>\n<p>      Icon Pfeil bewegen<\/p>\n<p>    Verkaufsoffener Sonntag in Dornhan<br \/>\n    Foto: Monika Skolimowska\/dpa (Archivbild)<\/p>\n<p>            Verkaufsoffener Sonntag, 26. April 2026: Albstadt<\/p>\n<p class=\"mb-6 text-xs md:text-m lg:text-l font-serif group-[.font-sans]:font-sans \">\n    Gemeinsames Angrillen, Kinderflohmarkt, verkaufsoffener Sonntag: In Albstadt-Ebingen ist zum Wochenende einiges los. Zudem gibt es feinstes Streetfood in der Innenstadt und eine gro\u00dfe Auto-Schau zu bestaunen.\n  <\/p>\n<ul rel=\"\" class=\"[&amp;&gt;li]:relative list-none  [&amp;&gt;li]:pl-[1.2em] [&amp;&gt;li]:marker:text-[0] [&amp;&gt;li]:relative [&amp;&gt;li]:before:absolute [&amp;&gt;li]:before:w-3 [&amp;&gt;li]:before:h-3 [&amp;&gt;li]:before:bg-brand [&amp;&gt;li]:before:left-0 [&amp;&gt;li]:before:top-[8px] [&amp;&gt;li]:before:rounded-full  my-5\">\n<li class=\" mb-3 text-xs md:text-m lg:text-l\">Wann: 13 bis 18 Uhr (Gesch\u00e4fte)<\/li>\n<li class=\" mb-3 text-xs md:text-m lg:text-l\">Wo: Stadtteil Ebingen \u2013 obere Vorstadt (Angrillen), Untere Vorstadt Ebingen (Flohmarkt)<\/li>\n<li class=\" mb-3 text-xs md:text-m lg:text-l\">Weitere Informationen: <a href=\"https:\/\/angrillen.fun\/\" rel=\"nofollow noopener\" target=\"_blank\" class=\"underline \">https:\/\/angrillen.fun\/<\/a><\/li>\n<\/ul>\n<p>    <img decoding=\"async\" src=\"https:\/\/images.mgpd.de\/img\/113976371\/crop\/c16_9-w100\/2035365536\/1983919936\/foto-main-post-8614167.jpg\" alt=\"Verkaufsoffener Sonntag in Albstadt\" title=\"Verkaufsoffener Sonntag in Albstadt\" loading=\"lazy\" class=\"h-full w-full object-cover\"\/><\/p>\n<p>      Icon vergr\u00f6\u00dfern<\/p>\n<p>    Verkaufsoffener Sonntag in Albstadt<br \/>\n    Foto: Henning Kaiser\/dpa (Archivbild)<\/p>\n<p>        Schlie\u00dfen <\/p>\n<p>      Icon Schlie\u00dfen<\/p>\n<p>        Icon vergr\u00f6\u00dfern<\/p>\n<p>        Icon verkleinern<\/p>\n<p>      Icon Pfeil bewegen<\/p>\n<p>    Verkaufsoffener Sonntag in Albstadt<br \/>\n    Foto: Henning Kaiser\/dpa (Archivbild)<\/p>\n<p>            Verkaufsoffener Sonntag, 26. April 2026: Leistungs- und Verkaufsschau in Heroldstatt<\/p>\n<p class=\"mb-6 text-xs md:text-m lg:text-l font-serif group-[.font-sans]:font-sans \">\n    Am\u00a0<strong class=\"font-bold\">25. und 26. April 2026<\/strong>\u00a0ist in\u00a0<strong class=\"font-bold\">Heroldstatt<\/strong>\u00a0wieder LVS-Zeit. Hei\u00dft unterm Strich: Besucher k\u00f6nnen entspannt durchs Gemeindegebiet ziehen und die\u00a0Betriebe vor Ort aus Handwerk, Dienstleistung, Technik, Food &amp; Co.\u00a0direkt kennenlernen. Damit du nicht alles zu Fu\u00df \u201ezusammenpuzzeln\u201c musst, f\u00e4hrt w\u00e4hrend der LVS ein\u00a0<strong class=\"font-bold\">B\u00e4hnle<\/strong>\u00a0die Stationen ab \u2013\u00a0<strong class=\"font-bold\">Start jeweils um 11 Uhr<\/strong>.\u00a0\n  <\/p>\n<ul rel=\"\" class=\"[&amp;&gt;li]:relative list-none  [&amp;&gt;li]:pl-[1.2em] [&amp;&gt;li]:marker:text-[0] [&amp;&gt;li]:relative [&amp;&gt;li]:before:absolute [&amp;&gt;li]:before:w-3 [&amp;&gt;li]:before:h-3 [&amp;&gt;li]:before:bg-brand [&amp;&gt;li]:before:left-0 [&amp;&gt;li]:before:top-[8px] [&amp;&gt;li]:before:rounded-full  my-5\">\n<li class=\" mb-3 text-xs md:text-m lg:text-l\">Wann: 11 bis 16 Uhr (Leistungs und Verkaufsschau)<\/li>\n<li class=\" mb-3 text-xs md:text-m lg:text-l\">Wo: Gemeinde Heroldstatt<\/li>\n<li class=\" mb-3 text-xs md:text-m lg:text-l\">Weitere Informationen und Lageplan: <a href=\"https:\/\/www.heroldstatt.de\/fileadmin\/Dateien\/Bilder\/LVS_2026\/Flyer_LVS_2026.pdf\" rel=\"nofollow noopener\" target=\"_blank\" class=\"underline \">https:\/\/www.heroldstatt.de\/fileadmin\/Dateien\/Bilder\/LVS_2026\/Flyer_LVS_2026.pdf<\/a><\/li>\n<\/ul>\n<p>    <img decoding=\"async\" src=\"https:\/\/images.mgpd.de\/img\/113778109\/crop\/c16_9-w100\/2112388155\/1842970403\/verkaufsoffener-sonntag.jpg\" alt=\"Verkaufsoffener Sonntag in Heroldstatt\" title=\"Verkaufsoffener Sonntag in Heroldstatt\" loading=\"lazy\" class=\"h-full w-full object-cover\"\/><\/p>\n<p>      Icon vergr\u00f6\u00dfern<\/p>\n<p>    Verkaufsoffener Sonntag in Heroldstatt<br \/>\n    Foto: Bodo Marks (dpa) (Archivbild)<\/p>\n<p>        Schlie\u00dfen <\/p>\n<p>      Icon Schlie\u00dfen<\/p>\n<p>        Icon vergr\u00f6\u00dfern<\/p>\n<p>        Icon verkleinern<\/p>\n<p>      Icon Pfeil bewegen<\/p>\n<p>    Verkaufsoffener Sonntag in Heroldstatt<br \/>\n    Foto: Bodo Marks (dpa) (Archivbild)<\/p>\n<p>            Verkaufsoffener Sonntag, 26. April 2026: Fest der Sinne in Karlsruhe<\/p>\n<p class=\"mb-6 text-xs md:text-m lg:text-l font-serif group-[.font-sans]:font-sans \">\n    Das Fest der Sinne bildet den Veranstaltungs-Auftakt der Outdoor-Events in <a href=\"https:\/\/www.ka-news.de\/promis\/karlsruhe-kulturlandschaft-technologieregion-und-residenz-des-rechts-die-faecherstadt-im-ueberblick-art-2783253\" target=\"_self\" class=\"underline \" rel=\"nofollow noopener\">Karlsruhe<\/a>. Zwei Tage lang wird geschlemmt, geschlendert und geshoppt. Beim <a href=\"https:\/\/www.ka-news.de\/karlsruhe\/freizeit-und-veranstaltungen\/verkaufsoffene-sonntage-2026-karlsruhe-alle-termine-und-orte-im-ueberblick-16-4-26-113543564\" target=\"_self\" class=\"underline \" rel=\"nofollow noopener\">verkaufsoffenen Sonntag in Karlsruhe<\/a> \u00f6ffnen unter anderem das Ettlinger Tor und die Postgalerie. Zudem \u00f6ffnen im benachbarten Durlach unter dem Namen \u201eDurlach bl\u00fcht auf\u201c die Gesch\u00e4fte.\n  <\/p>\n<ul rel=\"\" class=\"[&amp;&gt;li]:relative list-none  [&amp;&gt;li]:pl-[1.2em] [&amp;&gt;li]:marker:text-[0] [&amp;&gt;li]:relative [&amp;&gt;li]:before:absolute [&amp;&gt;li]:before:w-3 [&amp;&gt;li]:before:h-3 [&amp;&gt;li]:before:bg-brand [&amp;&gt;li]:before:left-0 [&amp;&gt;li]:before:top-[8px] [&amp;&gt;li]:before:rounded-full  my-5\">\n<li class=\" mb-3 text-xs md:text-m lg:text-l\">Wann: 13 bis 18 Uhr<\/li>\n<li class=\" mb-3 text-xs md:text-m lg:text-l\">Wo: Karlsruhe Innenstadt<\/li>\n<li class=\" mb-3 text-xs md:text-m lg:text-l\">Weitere Informationen: <a href=\"https:\/\/www.ka-news.de\/karlsruhe\/freizeit-und-veranstaltungen\/fest-der-sinne-karlsruhe-2026-zeigt-oldtimer-strassenkunst-und-spiele-fuer-familien-24-4-26-113842365\" rel=\"nofollow noopener\" target=\"_blank\" class=\"underline \">https:\/\/www.ka-news.de\/fest-der-sinne-karlsruhe-2026<\/a><\/li>\n<\/ul>\n<p>    <img decoding=\"async\" src=\"https:\/\/www.europesays.com\/de\/wp-content\/uploads\/2026\/04\/1777066997_996_fest-der-sinne-tribut-carl-benz.jpg\" alt=\"Oldtimer auf dem Schlossplatz beim Fest der Sinne.\" title=\"Oldtimer auf dem Schlossplatz beim Fest der Sinne.\" loading=\"lazy\" class=\"h-full w-full object-cover\"\/><\/p>\n<p>      Icon vergr\u00f6\u00dfern<\/p>\n<p>    Oldtimer auf dem Schlossplatz beim Fest der Sinne.<br \/>\n    Foto: Thomas Riedel (Archivbild)<\/p>\n<p>        Schlie\u00dfen <\/p>\n<p>      Icon Schlie\u00dfen<\/p>\n<p>        Icon vergr\u00f6\u00dfern<\/p>\n<p>        Icon verkleinern<\/p>\n<p>      Icon Pfeil bewegen<\/p>\n<p>    Oldtimer auf dem Schlossplatz beim Fest der Sinne.<br \/>\n    Foto: Thomas Riedel (Archivbild)<\/p>\n<p>            Verkaufsoffener Sonntag, 26. April 2026: Pforzheimer Wirtschaftswunder<\/p>\n<p class=\"mb-6 text-xs md:text-m lg:text-l font-serif group-[.font-sans]:font-sans \">\n    Unter dem Motto\u00a0<strong class=\"font-bold\">\u201eHeute war alles besser\u201c<\/strong>\u00a0wird die\u00a0<strong class=\"font-bold\">Pforzheimer Innenstadt<\/strong>\u00a0jedes Fr\u00fchjahr einmal kurz zur Zeitmaschine:\u00a0<strong class=\"font-bold\">Elvis-Sound, Petticoats und Cadillacs<\/strong>\u00a0\u2013 und dazu diese ganz eigene Retro-Atmosph\u00e4re.\u00a0F\u00fcr viele eines der Highlights im Goldstadt-Kalender.\n  <\/p>\n<ul rel=\"\" class=\"[&amp;&gt;li]:relative list-none  [&amp;&gt;li]:pl-[1.2em] [&amp;&gt;li]:marker:text-[0] [&amp;&gt;li]:relative [&amp;&gt;li]:before:absolute [&amp;&gt;li]:before:w-3 [&amp;&gt;li]:before:h-3 [&amp;&gt;li]:before:bg-brand [&amp;&gt;li]:before:left-0 [&amp;&gt;li]:before:top-[8px] [&amp;&gt;li]:before:rounded-full  my-5\">\n<li class=\" mb-3 text-xs md:text-m lg:text-l\">Wann: 13 bis 18 Uhr<\/li>\n<li class=\" mb-3 text-xs md:text-m lg:text-l\">Wo: Pforzheim Innenstadt<\/li>\n<li class=\" mb-3 text-xs md:text-m lg:text-l\">Weitere Informationen: <a href=\"https:\/\/www.ka-news.de\/pforzheim\/verkaufsoffene-sonntage-2026-finden-an-vier-terminen-in-pforzheim-statt-24-4-26-113920812\" rel=\"nofollow noopener\" target=\"_blank\" class=\"underline \">https:\/\/www.ka-news.de\/pforzheim\/verkaufsoffene-sonntage-2026<\/a><\/li>\n<\/ul>\n<p>    <img decoding=\"async\" src=\"https:\/\/images.mgpd.de\/img\/113921279\/crop\/c16_9-w100\/1797208383\/1940366277\/adobestock246803607.jpg\" alt=\"Pforzheim Innenstadt.\" title=\"Pforzheim Innenstadt.\" loading=\"lazy\" class=\"h-full w-full object-cover\"\/><\/p>\n<p>      Icon vergr\u00f6\u00dfern<\/p>\n<p>    Pforzheim Innenstadt.<br \/>\n    Foto: Adobe Stock &#8211; Vincent (Symbolbild)<\/p>\n<p>        Schlie\u00dfen <\/p>\n<p>      Icon Schlie\u00dfen<\/p>\n<p>        Icon vergr\u00f6\u00dfern<\/p>\n<p>        Icon verkleinern<\/p>\n<p>      Icon Pfeil bewegen<\/p>\n<p>    Pforzheim Innenstadt.<br \/>\n    Foto: Adobe Stock &#8211; Vincent (Symbolbild)<\/p>\n","protected":false},"excerpt":{"rendered":"Shoppen, schlemmen, sparen! Ein verkaufsoffener Sonntag ist f\u00fcr Schn\u00e4ppchenj\u00e4ger die perfekte Gelegenheit, in Gesch\u00e4ften nach Aktionen und Rabatten&hellip;\n","protected":false},"author":2,"featured_media":970380,"comment_status":"","ping_status":"","sticky":false,"template":"","format":"standard","meta":{"footnotes":"","_share_on_mastodon":"0"},"categories":[1844],"tags":[976,210610,1634,3364,29,66195,7820,30,210609,8903,51418,23960,7764],"class_list":["post-970379","post","type-post","status-publish","format-standard","has-post-thumbnail","category-karlsruhe","tag-albstadt","tag-albstadt-ebingen","tag-baden-wuerttemberg","tag-de","tag-deutschland","tag-dornhan","tag-fruehlingsfest","tag-germany","tag-heroldstatt","tag-karlsruhe","tag-rabatte","tag-rottweil","tag-uhrzeit"],"share_on_mastodon":{"url":"https:\/\/pubeurope.com\/@de\/116461870303538484","error":""},"_links":{"self":[{"href":"https:\/\/www.europesays.com\/de\/wp-json\/wp\/v2\/posts\/970379","targetHints":{"allow":["GET"]}}],"collection":[{"href":"https:\/\/www.europesays.com\/de\/wp-json\/wp\/v2\/posts"}],"about":[{"href":"https:\/\/www.europesays.com\/de\/wp-json\/wp\/v2\/types\/post"}],"author":[{"embeddable":true,"href":"https:\/\/www.europesays.com\/de\/wp-json\/wp\/v2\/users\/2"}],"replies":[{"embeddable":true,"href":"https:\/\/www.europesays.com\/de\/wp-json\/wp\/v2\/comments?post=970379"}],"version-history":[{"count":0,"href":"https:\/\/www.europesays.com\/de\/wp-json\/wp\/v2\/posts\/970379\/revisions"}],"wp:featuredmedia":[{"embeddable":true,"href":"https:\/\/www.europesays.com\/de\/wp-json\/wp\/v2\/media\/970380"}],"wp:attachment":[{"href":"https:\/\/www.europesays.com\/de\/wp-json\/wp\/v2\/media?parent=970379"}],"wp:term":[{"taxonomy":"category","embeddable":true,"href":"https:\/\/www.europesays.com\/de\/wp-json\/wp\/v2\/categories?post=970379"},{"taxonomy":"post_tag","embeddable":true,"href":"https:\/\/www.europesays.com\/de\/wp-json\/wp\/v2\/tags?post=970379"}],"curies":[{"name":"wp","href":"https:\/\/api.w.org\/{rel}","templated":true}]}}