{"id":97039,"date":"2025-05-09T13:38:12","date_gmt":"2025-05-09T13:38:12","guid":{"rendered":"https:\/\/www.europesays.com\/de\/97039\/"},"modified":"2025-05-09T13:38:12","modified_gmt":"2025-05-09T13:38:12","slug":"union-berlin-verabschiedet-quintett-um-torwart-schwolow","status":"publish","type":"post","link":"https:\/\/www.europesays.com\/de\/97039\/","title":{"rendered":"Union Berlin verabschiedet Quintett um Torwart Schwolow"},"content":{"rendered":"<p>Darunter zwei Leihspieler\u00a0<\/p>\n<p>                                    <img decoding=\"async\" src=\"https:\/\/www.europesays.com\/de\/wp-content\/uploads\/2025\/05\/alexander-schwolow-union-2025-1746701904-167427.jpg\" title=\"Union Berlin verabschiedet Quintett um Torwart Schwolow\" alt=\"Union Berlin verabschiedet Quintett um Torwart Schwolow\"\/><\/p>\n<p>\n                                       \u00a9IMAGO\n                                    <\/p>\n<p>Der\u00a0<a title=\"1.FC Union Berlin\" href=\"https:\/\/www.transfermarkt.ch\/1fc-union-berlin\/startseite\/verein\/89\" target=\"_blank\" rel=\"nofollow noopener\">1. FC Union Berlin<\/a> hat am Freitagnachmittag f\u00fcnf Abg\u00e4nge zum Saisonende bekanntgegeben. Angreifer <a title=\"Kevin Volland\" href=\"https:\/\/www.transfermarkt.ch\/kevin-volland\/profil\/spieler\/82009\" target=\"_blank\" rel=\"nofollow noopener\">Kevin Volland<\/a>, Torh\u00fcter <a title=\"Alexander Schwolow\" href=\"https:\/\/www.transfermarkt.ch\/alexander-schwolow\/profil\/spieler\/93763\" target=\"_blank\" rel=\"nofollow noopener\">Alexander Schwolow<\/a>, Mittelst\u00fcrmer <a title=\"Andrej Ilic\" href=\"https:\/\/www.transfermarkt.ch\/andrej-ilic\/profil\/spieler\/583699\" target=\"_blank\" rel=\"nofollow noopener\">Andrej Ilic<\/a>, der offensive Mittelfeldmann\u00a0<a title=\"Woo-yeong Jeong\" href=\"https:\/\/www.transfermarkt.ch\/woo-yeong-jeong\/profil\/spieler\/297583\" target=\"_blank\" rel=\"nofollow noopener\">Woo-yeong Jeong<\/a> sowie Linksverteidiger\u00a0<a title=\"J\u00e9r\u00f4me Roussillon\" href=\"https:\/\/www.transfermarkt.ch\/j-r-me-roussillon\/profil\/spieler\/127076\" target=\"_blank\" rel=\"nofollow noopener\">J\u00e9r\u00f4me Roussillon<\/a> werden die Eisernen im Sommer verlassen.<\/p>\n<p><\/p>\n<p>Beim 32-j\u00e4hrigen Volland war bereits klar, dass er sich seinem fr\u00fcheren Klub\u00a0<a title=\"TSV 1860 M\u00fcnchen\" href=\"https:\/\/www.transfermarkt.ch\/tsv-1860-m-nchen\/startseite\/verein\/72\" target=\"_blank\" rel=\"nofollow noopener\">TSV 1860 M\u00fcnchen<\/a> anschlie\u00dfen wird. Ilic (25) geht nach Ablauf seiner Leihe zun\u00e4chst zur\u00fcck zu seinem Stammverein <a title=\"LOSC Lille\" href=\"https:\/\/www.transfermarkt.ch\/losc-lille\/startseite\/verein\/1082\" target=\"_blank\" rel=\"nofollow noopener\">LOSC Lille<\/a>, gleiches gilt f\u00fcr Jeong (25), der beim\u00a0<a title=\"VfB Stuttgart\" href=\"https:\/\/www.transfermarkt.ch\/vfb-stuttgart\/startseite\/verein\/79\" target=\"_blank\" rel=\"nofollow noopener\">VfB Stuttgart<\/a> wieder auf der Matte steht. Die Vertr\u00e4ge von Roussillon (32) und Schwolow (32) enden.<\/p>\n<p><\/p>\n<p>Die K\u00f6penicker schrieben in einer Vereinsmitteilung: \u201eJeder dieser f\u00fcnf Spieler hat auf seine Weise zur Entwicklung und zum Erfolg des 1. FC Union Berlin beigetragen. F\u00fcr ihren Einsatz, ihre Leidenschaft und viele gemeinsame Momente sagt Union Danke und verabschiedet sie vor dem Heimspiel gegen den 1. FC Heidenheim 1846 mit dem geb\u00fchrenden Respekt. Woo-yeong Jeong wird bei der Verabschiedung leider nicht anwesend sein k\u00f6nnen, da er sich nach seiner Verletzung zur Reha in seiner Heimat befindet.\u201c<\/p>\n<p><\/p>\n","protected":false},"excerpt":{"rendered":"Darunter zwei Leihspieler\u00a0 \u00a9IMAGO Der\u00a01. FC Union Berlin hat am Freitagnachmittag f\u00fcnf Abg\u00e4nge zum Saisonende bekanntgegeben. Angreifer Kevin&hellip;\n","protected":false},"author":2,"featured_media":97040,"comment_status":"","ping_status":"","sticky":false,"template":"","format":"standard","meta":{"footnotes":"","_share_on_mastodon":"0"},"categories":[1825],"tags":[297,39283,39284,296,299,29,30,24646,39285,10057],"class_list":["post-97039","post","type-post","status-publish","format-standard","has-post-thumbnail","category-berlin","tag-1-fc-union-berlin","tag-alexander-schwolow","tag-andrej-ilic","tag-berlin","tag-bundesliga","tag-deutschland","tag-germany","tag-kevin-volland","tag-woo-yeong-jeong","tag-xabi-alonso"],"share_on_mastodon":{"url":"https:\/\/pubeurope.com\/@de\/114478153962021862","error":""},"_links":{"self":[{"href":"https:\/\/www.europesays.com\/de\/wp-json\/wp\/v2\/posts\/97039","targetHints":{"allow":["GET"]}}],"collection":[{"href":"https:\/\/www.europesays.com\/de\/wp-json\/wp\/v2\/posts"}],"about":[{"href":"https:\/\/www.europesays.com\/de\/wp-json\/wp\/v2\/types\/post"}],"author":[{"embeddable":true,"href":"https:\/\/www.europesays.com\/de\/wp-json\/wp\/v2\/users\/2"}],"replies":[{"embeddable":true,"href":"https:\/\/www.europesays.com\/de\/wp-json\/wp\/v2\/comments?post=97039"}],"version-history":[{"count":0,"href":"https:\/\/www.europesays.com\/de\/wp-json\/wp\/v2\/posts\/97039\/revisions"}],"wp:featuredmedia":[{"embeddable":true,"href":"https:\/\/www.europesays.com\/de\/wp-json\/wp\/v2\/media\/97040"}],"wp:attachment":[{"href":"https:\/\/www.europesays.com\/de\/wp-json\/wp\/v2\/media?parent=97039"}],"wp:term":[{"taxonomy":"category","embeddable":true,"href":"https:\/\/www.europesays.com\/de\/wp-json\/wp\/v2\/categories?post=97039"},{"taxonomy":"post_tag","embeddable":true,"href":"https:\/\/www.europesays.com\/de\/wp-json\/wp\/v2\/tags?post=97039"}],"curies":[{"name":"wp","href":"https:\/\/api.w.org\/{rel}","templated":true}]}}