{"id":970683,"date":"2026-04-25T00:31:21","date_gmt":"2026-04-25T00:31:21","guid":{"rendered":"https:\/\/www.europesays.com\/de\/970683\/"},"modified":"2026-04-25T00:31:21","modified_gmt":"2026-04-25T00:31:21","slug":"wuppertaler-sv-vor-abstieg-in-5-liga-aber-viele-sponsoren-wollen-bleiben","status":"publish","type":"post","link":"https:\/\/www.europesays.com\/de\/970683\/","title":{"rendered":"Wuppertaler SV vor Abstieg in 5. Liga \u2013 aber viele Sponsoren wollen bleiben"},"content":{"rendered":"<p class=\"text_ohne_einzug richtext text-em-55 !leading-serif mx-6 desktop:mx-0\">Noch sind vier Spiele zu spielen und ist nichts amtlich, doch bei Wuppertals traditionsreichem und hochklassigsten Fu\u00dfballverein Wuppertaler SV muss man sich mit dem Szenario Abstieg aus der Regionalliga in die Oberliga auseinandersetzen. Statt Rot-Wei\u00df Oberhausen, Fortuna K\u00f6ln, FC G\u00fctersloh oder den Zweitvertretungen von Dortmund, Paderborn oder Bochum hie\u00dfen die Gegner dann Schonnebeck, Dingden, Monheim oder B\u00fcderich.<\/p>\n","protected":false},"excerpt":{"rendered":"Noch sind vier Spiele zu spielen und ist nichts amtlich, doch bei Wuppertals traditionsreichem und hochklassigsten Fu\u00dfballverein Wuppertaler&hellip;\n","protected":false},"author":2,"featured_media":970684,"comment_status":"","ping_status":"","sticky":false,"template":"","format":"standard","meta":{"footnotes":"","_share_on_mastodon":"0"},"categories":[1840],"tags":[13054,3364,29,347,3727,30,2699,11173,23744,210668,1551,13762,1209,12006,3459,36742,210667,37035,10434,25005,6227,4418,6226],"class_list":["post-970683","post","type-post","status-publish","format-standard","has-post-thumbnail","category-wuppertal","tag-abstieg","tag-de","tag-deutschland","tag-fussball","tag-fussballverein","tag-germany","tag-gespraech","tag-gespraeche","tag-guetersloh","tag-hauptsponsoren","tag-insolvenz","tag-liga","tag-nordrhein-westfalen","tag-oberliga","tag-regionalliga","tag-sponsoren","tag-sponsorengespraechen","tag-traditionsverein","tag-verein","tag-vereinsstruktur","tag-wsv","tag-wuppertal","tag-wuppertaler"],"share_on_mastodon":{"url":"https:\/\/pubeurope.com\/@de\/116462531552401463","error":""},"_links":{"self":[{"href":"https:\/\/www.europesays.com\/de\/wp-json\/wp\/v2\/posts\/970683","targetHints":{"allow":["GET"]}}],"collection":[{"href":"https:\/\/www.europesays.com\/de\/wp-json\/wp\/v2\/posts"}],"about":[{"href":"https:\/\/www.europesays.com\/de\/wp-json\/wp\/v2\/types\/post"}],"author":[{"embeddable":true,"href":"https:\/\/www.europesays.com\/de\/wp-json\/wp\/v2\/users\/2"}],"replies":[{"embeddable":true,"href":"https:\/\/www.europesays.com\/de\/wp-json\/wp\/v2\/comments?post=970683"}],"version-history":[{"count":0,"href":"https:\/\/www.europesays.com\/de\/wp-json\/wp\/v2\/posts\/970683\/revisions"}],"wp:featuredmedia":[{"embeddable":true,"href":"https:\/\/www.europesays.com\/de\/wp-json\/wp\/v2\/media\/970684"}],"wp:attachment":[{"href":"https:\/\/www.europesays.com\/de\/wp-json\/wp\/v2\/media?parent=970683"}],"wp:term":[{"taxonomy":"category","embeddable":true,"href":"https:\/\/www.europesays.com\/de\/wp-json\/wp\/v2\/categories?post=970683"},{"taxonomy":"post_tag","embeddable":true,"href":"https:\/\/www.europesays.com\/de\/wp-json\/wp\/v2\/tags?post=970683"}],"curies":[{"name":"wp","href":"https:\/\/api.w.org\/{rel}","templated":true}]}}