{"id":970787,"date":"2026-04-25T01:30:15","date_gmt":"2026-04-25T01:30:15","guid":{"rendered":"https:\/\/www.europesays.com\/de\/970787\/"},"modified":"2026-04-25T01:30:15","modified_gmt":"2026-04-25T01:30:15","slug":"lets-dance-bianca-bibi-heinicke-ist-wieder-raus","status":"publish","type":"post","link":"https:\/\/www.europesays.com\/de\/970787\/","title":{"rendered":"&#8222;Let&#8217;s Dance&#8220;: Bianca &#8222;Bibi&#8220; Heinicke ist wieder raus"},"content":{"rendered":"<p>Keine weitere Chance <\/p>\n<p>Dieser Promi muss &#8222;Let&#8217;s Dance&#8220; verlassen<\/p>\n<p>25.04.2026 &#8211; 00:14 UhrLesedauer: 2 Min.<\/p>\n<p><a href=\"#focus-0\" class=\"transition-colors duration-200 block text-current relative\" data-sctrack=\"FocusGalleryImage.Reference\"><img fetchpriority=\"high\" data-testid=\"Opener.Image\" style=\"--lqipURL:url('https:\/\/images.t-online.de\/2026\/04\/dRPeA8wG-5Bw\/527x75:1320x743\/fit-in\/150x0\/filters:blur(25)\/victoria-swarovski-und-daniel-hartwich-sie-moderieren-let-s-dance.jpg')\"   loading=\"eager\" src=\"https:\/\/www.europesays.com\/de\/wp-content\/uploads\/2026\/04\/victoria-swarovski-und-daniel-hartwich-sie-moderieren-let-s-dance.jpg\" alt=\"Victoria Swarovski und Daniel Hartwich: Sie moderieren &quot;Let's Dance&quot;.\" title=\"Victoria Swarovski und Daniel Hartwich: Sie moderieren &quot;Let's Dance&quot;.\" width=\"1320\" height=\"743\" class=\"bg-[url:var(--lqipURL)] bg-cover bg-center flex h-full w-full max-w-full\" decoding=\"async\"\/><img style=\"--width:32;--height:32\" loading=\"lazy\" src=\"https:\/\/www.t-online.de\/s\/paper\/_next\/static\/media\/zoom-in.f7dae02f.svg\" alt=\"Vergr\u00f6\u00dfern des Bildes\" title=\"Vergr\u00f6\u00dfern des Bildes\" class=\"block h-[calc(var(--height)_\/_16_*_1rem)] w-[calc(var(--width)_\/_16_*_1rem)] max-w-none absolute bottom-8 right-8 rounded-4 bg-snow p-8\" decoding=\"async\"\/><\/a><\/p>\n<p>Victoria Swarovski und Daniel Hartwich: Sie moderieren &#8222;Let&#8217;s Dance&#8220;. (Quelle: Rolf Vennenbernd\/dpa)<\/p>\n<p class=\"font-bold text-18 leading-17 user-text-lg:text-22 user-text-xl:text-24\"><strong class=\"font-bold\"><strong class=\"font-bold\"><strong class=\"font-bold\"><strong class=\"font-bold\">Aufgrund eines Krankheitsfalls durfte sie nach ihrem Ausscheiden wieder zur\u00fcckkehren. Doch nun musste Bianca Heinicke <\/strong><\/strong>&#8222;Let&#8217;s Dance&#8220; erneut verlassen.<\/strong><\/strong><\/p>\n<p class=\"text-18 leading-17 user-text-lg:text-22 user-text-xl:text-24\">&#8222;Let&#8217;s Dance&#8220; geht in die hei\u00dfe Phase, bis zum gro\u00dfen Finale sind es nur noch wenige Wochen. Von den 14 Promis, die Ende Februar zur 19. Staffel antraten, war am Freitagabend nur noch die H\u00e4lfte \u00fcbrig. Denn am Ende der siebten Entscheidungsshow musste sich ein weiterer Star von der Sendung verabschieden \u2013 und das zum zweiten Mal.<\/p>\n<p class=\"text-18 leading-17 user-text-lg:text-22 user-text-xl:text-24\">In der vergangenen Woche war Bianca &#8222;Bibi&#8220; Heinicke zu &#8222;Let&#8217;s Dance&#8220; zur\u00fcckgekehrt, da <a class=\"transition-colors duration-200 cursor-pointer text-inherit no-underline text-salemsfur md:hover:text-magenta md:hover:border-magenta md:focus:text-magenta border-current border-b border-solid break-words\" data-tracking=\"{&quot;action&quot;:&quot;click&quot;,&quot;category&quot;:&quot;intextLink&quot;,&quot;label&quot;:&quot;\/themen\/esther-schweins\/&quot;}\" href=\"https:\/\/www.t-online.de\/themen\/esther-schweins\/\" data-sctrack=\"BodyAnchor\" rel=\"nofollow noopener\" target=\"_blank\">Esther Schweins<\/a> aufgrund einer Verletzung nicht weiter teilnehmen konnte. Die YouTuberin nutzte ihre zweite Chance, \u00fcberzeugte Jury und Publikum und kam \u00fcberraschend weiter. Doch ihr Comeback war nicht von Dauer, denn diesmal erhielt sie nicht genug Anrufe der Zuschauer.<\/p>\n<p class=\"text-18 leading-17 user-text-lg:text-22 user-text-xl:text-24\">Und auch von der Jury hatten Bianca Heinicke und Zsolt S\u00e1ndor Cseke mit 23 Punkten f\u00fcr ihren Charleston zu &#8222;Dick &amp; Doof&#8220; die niedrigste Bewertung des Abends bekommen. \u00dcberzeugen konnten hingegen gleich zwei Promis auf ganzer Linie: No-Angels-Star <a class=\"transition-colors duration-200 cursor-pointer text-inherit no-underline text-salemsfur md:hover:text-magenta md:hover:border-magenta md:focus:text-magenta border-current border-b border-solid break-words\" data-tracking=\"{&quot;action&quot;:&quot;click&quot;,&quot;category&quot;:&quot;intextLink&quot;,&quot;label&quot;:&quot;\/themen\/nadja-benaissa\/&quot;}\" href=\"https:\/\/www.t-online.de\/themen\/nadja-benaissa\/\" data-sctrack=\"BodyAnchor\" rel=\"nofollow noopener\" target=\"_blank\">Nadja Benaissa<\/a> und Musiker <a class=\"transition-colors duration-200 cursor-pointer text-inherit no-underline text-salemsfur md:hover:text-magenta md:hover:border-magenta md:focus:text-magenta border-current border-b border-solid break-words\" data-tracking=\"{&quot;action&quot;:&quot;click&quot;,&quot;category&quot;:&quot;intextLink&quot;,&quot;label&quot;:&quot;\/themen\/milano\/&quot;}\" href=\"https:\/\/www.t-online.de\/themen\/milano\/\" data-sctrack=\"BodyAnchor\" rel=\"nofollow noopener\" target=\"_blank\">Milano<\/a>.<\/p>\n<p class=\"text-18 leading-17 user-text-lg:text-22 user-text-xl:text-24\">Beide wurden f\u00fcr ihre Darbietungen auf der Tanzfl\u00e4che mit 30 von 30 m\u00f6glichen Punkten belohnt. Die S\u00e4ngerin und ihr Tanzpartner Vadim Garbuzov bekamen f\u00fcr ihren Contemporary zu &#8222;Crazy in Love&#8220; von Beyonc\u00e9 sogar Standing Ovations von der gesamten Jury.<\/p>\n<p class=\"text-18 leading-17 user-text-lg:text-22 user-text-xl:text-24\">Sieben Promis haben &#8222;Let&#8217;s Dance&#8220; nun bereits verlassen m\u00fcssen: Moderatorin <a class=\"transition-colors duration-200 cursor-pointer text-inherit no-underline text-salemsfur md:hover:text-magenta md:hover:border-magenta md:focus:text-magenta border-current border-b border-solid break-words\" data-tracking=\"{&quot;action&quot;:&quot;click&quot;,&quot;category&quot;:&quot;intextLink&quot;,&quot;label&quot;:&quot;\/themen\/sonya-kraus\/&quot;}\" href=\"https:\/\/www.t-online.de\/themen\/sonya-kraus\/\" data-sctrack=\"BodyAnchor\" rel=\"nofollow noopener\" target=\"_blank\">Sonya Kraus<\/a> war die Erste, die rausgew\u00e4hlt wurde. Eine Woche sp\u00e4ter traf es Ex-&#8222;Princess Charming&#8220; <a class=\"transition-colors duration-200 cursor-pointer text-inherit no-underline text-salemsfur md:hover:text-magenta md:hover:border-magenta md:focus:text-magenta border-current border-b border-solid break-words\" data-tracking=\"{&quot;action&quot;:&quot;click&quot;,&quot;category&quot;:&quot;intextLink&quot;,&quot;label&quot;:&quot;\/themen\/vanessa-borck\/&quot;}\" href=\"https:\/\/www.t-online.de\/themen\/vanessa-borck\/\" data-sctrack=\"BodyAnchor\" rel=\"nofollow noopener\" target=\"_blank\">Vanessa Borck<\/a>, danach war auch f\u00fcr Comedian <a class=\"transition-colors duration-200 cursor-pointer text-inherit no-underline text-salemsfur md:hover:text-magenta md:hover:border-magenta md:focus:text-magenta border-current border-b border-solid break-words\" data-tracking=\"{&quot;action&quot;:&quot;click&quot;,&quot;category&quot;:&quot;intextLink&quot;,&quot;label&quot;:&quot;\/themen\/simon-gosejohann\/&quot;}\" href=\"https:\/\/www.t-online.de\/themen\/simon-gosejohann\/\" data-sctrack=\"BodyAnchor\" rel=\"nofollow noopener\" target=\"_blank\">Simon Gosejohann<\/a> die Reise vorbei. Ihm folgten Model <a class=\"transition-colors duration-200 cursor-pointer text-inherit no-underline text-salemsfur md:hover:text-magenta md:hover:border-magenta md:focus:text-magenta border-current border-b border-solid break-words\" data-tracking=\"{&quot;action&quot;:&quot;click&quot;,&quot;category&quot;:&quot;intextLink&quot;,&quot;label&quot;:&quot;\/themen\/betty-taube\/&quot;}\" href=\"https:\/\/www.t-online.de\/themen\/betty-taube\/\" data-sctrack=\"BodyAnchor\" rel=\"nofollow noopener\" target=\"_blank\">Betty Taube<\/a>, Influencer Willi Banner, Bianca Heinecke und aus gesundheitlichen Gr\u00fcnden Schauspielerin <a class=\"transition-colors duration-200 cursor-pointer text-inherit no-underline text-salemsfur md:hover:text-magenta md:hover:border-magenta md:focus:text-magenta border-current border-b border-solid break-words\" data-tracking=\"{&quot;action&quot;:&quot;click&quot;,&quot;category&quot;:&quot;intextLink&quot;,&quot;label&quot;:&quot;\/themen\/esther-schweins\/&quot;}\" href=\"https:\/\/www.t-online.de\/themen\/esther-schweins\/\" data-sctrack=\"BodyAnchor\" rel=\"nofollow noopener\" target=\"_blank\">Esther Schweins<\/a>.<\/p>\n<p class=\"text-18 leading-17 user-text-lg:text-22 user-text-xl:text-24\">Sieben Stars sind damit noch im Rennen. Das &#8222;Let&#8217;s Dance&#8220;-Finale findet am 29. Mai statt. Dann entscheidet sich, wer in die Fu\u00dfstapfen von Diego Pooth tritt und &#8222;Dancing Star 2026&#8220; wird. Moderiert wird die Show wie auch in den vergangenen Jahren von <a class=\"transition-colors duration-200 cursor-pointer text-inherit no-underline text-salemsfur md:hover:text-magenta md:hover:border-magenta md:focus:text-magenta border-current border-b border-solid break-words\" data-tracking=\"{&quot;action&quot;:&quot;click&quot;,&quot;category&quot;:&quot;intextLink&quot;,&quot;label&quot;:&quot;\/themen\/daniel-hartwich\/&quot;}\" href=\"https:\/\/www.t-online.de\/themen\/daniel-hartwich\/\" data-sctrack=\"BodyAnchor\" rel=\"nofollow noopener\" target=\"_blank\">Daniel Hartwich<\/a> und <a class=\"transition-colors duration-200 cursor-pointer text-inherit no-underline text-salemsfur md:hover:text-magenta md:hover:border-magenta md:focus:text-magenta border-current border-b border-solid break-words\" data-tracking=\"{&quot;action&quot;:&quot;click&quot;,&quot;category&quot;:&quot;intextLink&quot;,&quot;label&quot;:&quot;\/themen\/victoria-swarovski\/&quot;}\" href=\"https:\/\/www.t-online.de\/themen\/victoria-swarovski\/\" data-sctrack=\"BodyAnchor\" rel=\"nofollow noopener\" target=\"_blank\">Victoria Swarovski<\/a>. In der Jury sitzen <a class=\"transition-colors duration-200 cursor-pointer text-inherit no-underline text-salemsfur md:hover:text-magenta md:hover:border-magenta md:focus:text-magenta border-current border-b border-solid break-words\" data-tracking=\"{&quot;action&quot;:&quot;click&quot;,&quot;category&quot;:&quot;intextLink&quot;,&quot;label&quot;:&quot;\/themen\/motsi-mabuse\/&quot;}\" href=\"https:\/\/www.t-online.de\/themen\/motsi-mabuse\/\" data-sctrack=\"BodyAnchor\" rel=\"nofollow noopener\" target=\"_blank\">Motsi Mabuse<\/a>, Jorge Gonz\u00e1lez und <a class=\"transition-colors duration-200 cursor-pointer text-inherit no-underline text-salemsfur md:hover:text-magenta md:hover:border-magenta md:focus:text-magenta border-current border-b border-solid break-words\" data-tracking=\"{&quot;action&quot;:&quot;click&quot;,&quot;category&quot;:&quot;intextLink&quot;,&quot;label&quot;:&quot;\/themen\/joachim-llambi\/&quot;}\" href=\"https:\/\/www.t-online.de\/themen\/joachim-llambi\/\" data-sctrack=\"BodyAnchor\" rel=\"nofollow noopener\" target=\"_blank\">Joachim Llambi<\/a>.<\/p>\n","protected":false},"excerpt":{"rendered":"Keine weitere Chance Dieser Promi muss &#8222;Let&#8217;s Dance&#8220; verlassen 25.04.2026 &#8211; 00:14 UhrLesedauer: 2 Min. Victoria Swarovski und&hellip;\n","protected":false},"author":2,"featured_media":970788,"comment_status":"","ping_status":"","sticky":false,"template":"","format":"standard","meta":{"footnotes":"","_share_on_mastodon":"0"},"categories":[155],"tags":[210718,142992,3537,29,214,198917,30,95778,639,215,3538],"class_list":["post-970787","post","type-post","status-publish","format-standard","has-post-thumbnail","category-unterhaltung","tag-bianca-bibi-heinicke","tag-bianca-heinicke","tag-daniel-hartwich","tag-deutschland","tag-entertainment","tag-esther-schweins","tag-germany","tag-krankheitsfall","tag-lets-dance","tag-unterhaltung","tag-victoria-swarovski"],"share_on_mastodon":{"url":"https:\/\/pubeurope.com\/@de\/116462762697046862","error":""},"_links":{"self":[{"href":"https:\/\/www.europesays.com\/de\/wp-json\/wp\/v2\/posts\/970787","targetHints":{"allow":["GET"]}}],"collection":[{"href":"https:\/\/www.europesays.com\/de\/wp-json\/wp\/v2\/posts"}],"about":[{"href":"https:\/\/www.europesays.com\/de\/wp-json\/wp\/v2\/types\/post"}],"author":[{"embeddable":true,"href":"https:\/\/www.europesays.com\/de\/wp-json\/wp\/v2\/users\/2"}],"replies":[{"embeddable":true,"href":"https:\/\/www.europesays.com\/de\/wp-json\/wp\/v2\/comments?post=970787"}],"version-history":[{"count":0,"href":"https:\/\/www.europesays.com\/de\/wp-json\/wp\/v2\/posts\/970787\/revisions"}],"wp:featuredmedia":[{"embeddable":true,"href":"https:\/\/www.europesays.com\/de\/wp-json\/wp\/v2\/media\/970788"}],"wp:attachment":[{"href":"https:\/\/www.europesays.com\/de\/wp-json\/wp\/v2\/media?parent=970787"}],"wp:term":[{"taxonomy":"category","embeddable":true,"href":"https:\/\/www.europesays.com\/de\/wp-json\/wp\/v2\/categories?post=970787"},{"taxonomy":"post_tag","embeddable":true,"href":"https:\/\/www.europesays.com\/de\/wp-json\/wp\/v2\/tags?post=970787"}],"curies":[{"name":"wp","href":"https:\/\/api.w.org\/{rel}","templated":true}]}}