{"id":970901,"date":"2026-04-25T02:32:13","date_gmt":"2026-04-25T02:32:13","guid":{"rendered":"https:\/\/www.europesays.com\/de\/970901\/"},"modified":"2026-04-25T02:32:13","modified_gmt":"2026-04-25T02:32:13","slug":"ob-war-noch-im-gebaeude-messermann-versteckte-sich-in-muenchner-rathaus-regional","status":"publish","type":"post","link":"https:\/\/www.europesays.com\/de\/970901\/","title":{"rendered":"OB war noch im Geb\u00e4ude! Messermann versteckte sich in M\u00fcnchner Rathaus | Regional"},"content":{"rendered":"<p><b>N\u00e4chtlicher Polizei-Einsatz im M\u00fcnchner Rathaus: Ein Bewaffneter versteckte sich im Geb\u00e4ude, T\u00fcren wurden besch\u00e4digt, die Polizei fand bei ihm ein Messer. W\u00e4hrenddessen arbeitete der designierte Oberb\u00fcrgermeister Dominik Krause (35, Gr\u00fcne) noch in seinem B\u00fcro \u2013 in der N\u00e4he von den Fluren, auf denen sich der Messermann frei bewegen konnte.<\/b><\/p>\n<p>Wie knapp der neue Rathaus-Chef einer m\u00f6glichen Begegnung entging, was \u00fcber das Motiv des Mannes bekannt ist und welche Sicherheitsl\u00fccken das alles offenlegt, lesen Sie mit BILDplus.<\/p>\n","protected":false},"excerpt":{"rendered":"N\u00e4chtlicher Polizei-Einsatz im M\u00fcnchner Rathaus: Ein Bewaffneter versteckte sich im Geb\u00e4ude, T\u00fcren wurden besch\u00e4digt, die Polizei fand bei&hellip;\n","protected":false},"author":2,"featured_media":970902,"comment_status":"","ping_status":"","sticky":false,"template":"","format":"standard","meta":{"footnotes":"","_share_on_mastodon":"0"},"categories":[1827],"tags":[1270,772,8389,181674,29,30,1981,1268,210731,96612,121,45],"class_list":["post-970901","post","type-post","status-publish","format-standard","has-post-thumbnail","category-muenchen","tag-andreas-bachner","tag-bayern","tag-buergermeister","tag-deep-news","tag-deutschland","tag-germany","tag-messer","tag-muenchen","tag-muenchner-rathaus","tag-oeffentliche-sicherheit","tag-polizei","tag-texttospeech"],"share_on_mastodon":{"url":"https:\/\/pubeurope.com\/@de\/116463006450718069","error":""},"_links":{"self":[{"href":"https:\/\/www.europesays.com\/de\/wp-json\/wp\/v2\/posts\/970901","targetHints":{"allow":["GET"]}}],"collection":[{"href":"https:\/\/www.europesays.com\/de\/wp-json\/wp\/v2\/posts"}],"about":[{"href":"https:\/\/www.europesays.com\/de\/wp-json\/wp\/v2\/types\/post"}],"author":[{"embeddable":true,"href":"https:\/\/www.europesays.com\/de\/wp-json\/wp\/v2\/users\/2"}],"replies":[{"embeddable":true,"href":"https:\/\/www.europesays.com\/de\/wp-json\/wp\/v2\/comments?post=970901"}],"version-history":[{"count":0,"href":"https:\/\/www.europesays.com\/de\/wp-json\/wp\/v2\/posts\/970901\/revisions"}],"wp:featuredmedia":[{"embeddable":true,"href":"https:\/\/www.europesays.com\/de\/wp-json\/wp\/v2\/media\/970902"}],"wp:attachment":[{"href":"https:\/\/www.europesays.com\/de\/wp-json\/wp\/v2\/media?parent=970901"}],"wp:term":[{"taxonomy":"category","embeddable":true,"href":"https:\/\/www.europesays.com\/de\/wp-json\/wp\/v2\/categories?post=970901"},{"taxonomy":"post_tag","embeddable":true,"href":"https:\/\/www.europesays.com\/de\/wp-json\/wp\/v2\/tags?post=970901"}],"curies":[{"name":"wp","href":"https:\/\/api.w.org\/{rel}","templated":true}]}}