{"id":971020,"date":"2026-04-25T03:44:16","date_gmt":"2026-04-25T03:44:16","guid":{"rendered":"https:\/\/www.europesays.com\/de\/971020\/"},"modified":"2026-04-25T03:44:16","modified_gmt":"2026-04-25T03:44:16","slug":"moschee-derne-neubau-mit-bildungszentrum-und-studenten-wg","status":"publish","type":"post","link":"https:\/\/www.europesays.com\/de\/971020\/","title":{"rendered":"Moschee Derne: Neubau mit Bildungszentrum und Studenten-WG"},"content":{"rendered":"<p>\t\tMoschee in Derne vor Abriss und Neubau<br \/>\n\t\t\t\t\tNachbarschaft soll bei Gestaltung mitreden k\u00f6nnen<\/p>\n<p>\t\t<img alt=\"\" src=\"https:\/\/www.europesays.com\/de\/wp-content\/uploads\/2025\/05\/630_0036_48786_.jpg\"  class=\"avatar avatar-36 photo avatar-default\" height=\"36\" width=\"36\" loading=\"eager\" decoding=\"async\"\/>\t\t<a class=\"article-author__name\" href=\"https:\/\/www.ruhrnachrichten.de\/author\/andreas-schroeter\/\" rel=\"author nofollow noopener\" target=\"_blank\">Andreas Schr\u00f6ter<\/a><br \/>\n\t\tRedakteur<\/p>\n<p>    <a href=\"https:\/\/www.ruhrnachrichten.de\/wp-content\/uploads\/2026\/04\/23\/16\/630_0900_6090495_-1648x824.jpg\" rel=\"nofollow noopener\" target=\"_blank\"><\/p>\n<p>            <img loading=\"lazy\" decoding=\"async\" src=\"https:\/\/www.europesays.com\/de\/wp-content\/uploads\/2026\/04\/630_0900_6090492_-640x428.jpg\" width=\"640\" height=\"428\"  alt=\"Muhammed Tatlisu und Burhan Uzan (v.l.) sind f\u00fcr die Planungen einer neuen Moschee an der Altenderner Stra\u00dfe 10 zust\u00e4ndig.\"\/><\/p>\n<p>    <\/a><br \/>\n    Muhammed Tatlisu und Burhan Uzan (v.l.) sind f\u00fcr die Planungen einer neuen Moschee an der Altenderner Stra\u00dfe 10 zust\u00e4ndig. \u00a9 Andreas Schr\u00f6ter<\/p>\n<p class=\"article__teaser-text\">An der Altenderner Stra\u00dfe in Derne ist ein gr\u00f6\u00dferer Neubau der Moschee geplant. Vorgesehen sind Gebetsr\u00e4ume, Bildungsangebote, Veranstaltungsfl\u00e4chen und eine WG.<\/p>\n<p>3 Min Lesezeit<\/p>\n","protected":false},"excerpt":{"rendered":"Moschee in Derne vor Abriss und Neubau Nachbarschaft soll bei Gestaltung mitreden k\u00f6nnen Andreas Schr\u00f6ter Redakteur Muhammed Tatlisu&hellip;\n","protected":false},"author":2,"featured_media":971021,"comment_status":"","ping_status":"","sticky":false,"template":"","format":"standard","meta":{"footnotes":"","_share_on_mastodon":"0"},"categories":[1833],"tags":[3364,29,217,30,1209,236,563],"class_list":["post-971020","post","type-post","status-publish","format-standard","has-post-thumbnail","category-dortmund","tag-de","tag-deutschland","tag-dortmund","tag-germany","tag-nordrhein-westfalen","tag-plaene","tag-religion-kirchen"],"share_on_mastodon":{"url":"https:\/\/pubeurope.com\/@de\/116463289617311660","error":""},"_links":{"self":[{"href":"https:\/\/www.europesays.com\/de\/wp-json\/wp\/v2\/posts\/971020","targetHints":{"allow":["GET"]}}],"collection":[{"href":"https:\/\/www.europesays.com\/de\/wp-json\/wp\/v2\/posts"}],"about":[{"href":"https:\/\/www.europesays.com\/de\/wp-json\/wp\/v2\/types\/post"}],"author":[{"embeddable":true,"href":"https:\/\/www.europesays.com\/de\/wp-json\/wp\/v2\/users\/2"}],"replies":[{"embeddable":true,"href":"https:\/\/www.europesays.com\/de\/wp-json\/wp\/v2\/comments?post=971020"}],"version-history":[{"count":0,"href":"https:\/\/www.europesays.com\/de\/wp-json\/wp\/v2\/posts\/971020\/revisions"}],"wp:featuredmedia":[{"embeddable":true,"href":"https:\/\/www.europesays.com\/de\/wp-json\/wp\/v2\/media\/971021"}],"wp:attachment":[{"href":"https:\/\/www.europesays.com\/de\/wp-json\/wp\/v2\/media?parent=971020"}],"wp:term":[{"taxonomy":"category","embeddable":true,"href":"https:\/\/www.europesays.com\/de\/wp-json\/wp\/v2\/categories?post=971020"},{"taxonomy":"post_tag","embeddable":true,"href":"https:\/\/www.europesays.com\/de\/wp-json\/wp\/v2\/tags?post=971020"}],"curies":[{"name":"wp","href":"https:\/\/api.w.org\/{rel}","templated":true}]}}