{"id":971129,"date":"2026-04-25T04:47:16","date_gmt":"2026-04-25T04:47:16","guid":{"rendered":"https:\/\/www.europesays.com\/de\/971129\/"},"modified":"2026-04-25T04:47:16","modified_gmt":"2026-04-25T04:47:16","slug":"europaeische-migrationspolitik-zahl-der-abschiebungen-laut-eu-kommissar-deutlich-gestiegen","status":"publish","type":"post","link":"https:\/\/www.europesays.com\/de\/971129\/","title":{"rendered":"Europ\u00e4ische Migrationspolitik: Zahl der Abschiebungen laut EU-Kommissar deutlich gestiegen"},"content":{"rendered":"<p class=\"paragraph article__item\">Die Zahl der Abschiebungen aus den EU-L\u00e4ndern ist in den vergangenen Jahren deutlich angestiegen. \u00bbIm Jahr 2025 wurden 28 Prozent der ausreisepflichtigen Migranten in der <a class=\"rtr-entity\" href=\"https:\/\/www.zeit.de\/thema\/europaeische-union\" rel=\"nofollow noopener\" target=\"_blank\">EU<\/a> zur\u00fcckgef\u00fchrt\u00ab, sagte EU-Migrationskommissar Magnus Brunner der Welt am Sonntag. Dies sei \u00bbder bisher h\u00f6chste Wert in diesem Jahrzehnt\u00ab. Von den mehr als 491.000 Ausreisepflichtigen im vergangenen Jahr wurden demnach etwa 135.000 abgeschoben.\n<\/p>\n<p class=\"paragraph article__item\">Grund f\u00fcr die h\u00f6here Abschiebequote seien \u00bbunter anderem das konsequente Vorgehen der Mitgliedstaaten, aber auch mehr Stabilit\u00e4t in einigen Aufnahmel\u00e4ndern und ein besseres Informationssystem\u00ab, sagte Brunner. Dem Bericht zufolge hatte 2022 die R\u00fcckf\u00fchrungsquote nur 16 Prozent betragen.\n<\/p>\n<p>        \u00bbDas kann uns nicht zufriedenstellen\u00ab        <\/p>\n<p class=\"paragraph article__item\">Trotz der Zunahme ist EU-Kommissar Brunner nicht zufrieden. \u00bbDie h\u00f6here Zahl an R\u00fcckf\u00fchrungen im vergangenen Jahr kann uns nicht zufriedenstellen\u00ab, sagte der \u00d6sterreicher. \u00bbDie alten Regeln zur R\u00fcckf\u00fchrung illegaler Migranten in der EU funktionieren einfach nicht gut genug.\u00ab\n<\/p>\n<p class=\"paragraph article__item\">Daher sei es umso wichtiger, dass die neue R\u00fcckf\u00fchrungsverordnung, die die EU-Kommission bereits im M\u00e4rz des vergangenen Jahres dem Europaparlament und den 27 Mitgliedstaaten zur Abstimmung vorgelegt hatte, nun auch rasch beschlossen werde. Diese schaffe \u00bbstrengere Regeln f\u00fcr Straft\u00e4ter, klare und verbindliche Pflichten f\u00fcr Personen mit Abschiebebescheid und bringt mehr Effizienz in die Zusammenarbeit der Mitgliedstaaten\u00ab, warb Brunner.\n<\/p>\n<p>                            \u00a9\u00a0Lea Dohle<\/p>\n<p>\n                                        Newsletter<br \/>\n                                        Was jetzt? \u2013 Der t\u00e4gliche Morgen\u00fcberblick<\/p>\n<p class=\"newsletter-signup__text\">Starten Sie mit unserem kurzen Nachrichten-Newsletter in den Tag. Erhalten Sie zudem freitags das digitale Magazin ZEIT am Wochenende.<\/p>\n<p class=\"newsletter-signup__datapolicy\" hidden=\"\">\n            Mit Ihrer Registrierung nehmen Sie die <a href=\"https:\/\/datenschutz.zeit.de\/zon#Newsletter\" target=\"_blank\" rel=\"nofollow noopener\">Datenschutzerkl\u00e4rung<\/a> zur Kenntnis.\n        <\/p>\n<p>    Vielen Dank! Wir haben Ihnen eine E-Mail geschickt.<\/p>\n<p>Pr\u00fcfen Sie Ihr Postfach und best\u00e4tigen Sie das Newsletter-Abonnement.<\/p>\n<p class=\"paragraph article__item\">Im M\u00e4rz dieses Jahres stimmte das <a href=\"https:\/\/www.zeit.de\/politik\/ausland\/2026-03\/flucht-migration-abschiebezentren-eu-drittstaaten-gxe\" target=\"_blank\" rel=\"nofollow noopener\">Europ\u00e4ische Parlament f\u00fcr die R\u00fcckf\u00fchrungsverordnung<\/a> \u2013 die konservative EVP-Fraktion hatte sich daf\u00fcr <a href=\"https:\/\/www.zeit.de\/politik\/2026-03\/rechte-mehrheiten-evp-afd-eu-parlament\" target=\"_blank\" rel=\"nofollow noopener\">mit Rechtsau\u00dfen-Parteien wie der AfD abgesprochen<\/a>. Nun m\u00fcssen sich noch Vertreter vom Rat der EU, dem Parlament und der Kommission auf den endg\u00fcltigen Rechtstext einigen.\n<\/p>\n<p class=\"paragraph article__item\">Als weitere Baustelle nannte der EU-Kommissar die R\u00fccknahme ihrer Staatsb\u00fcrger durch Drittstaaten. Daf\u00fcr setze die EU ihre \u00bbHebel gezielt ein\u00ab, sagte Brunner. \u00bbVisapolitik, Handel und Entwicklungsgelder werden k\u00fcnftig st\u00e4rker mit Zusammenarbeit beim Thema Migration verkn\u00fcpft sein\u00ab, k\u00fcndigte er an.\n<\/p>\n<p>Mehr zum Thema<\/p>\n<p>            Europ\u00e4ische Migrationspolitik        <\/p>\n<p>                <a href=\"https:\/\/www.zeit.de\/2026\/13\/eu-parlament-evp-afd-manfred-weber-brandmauer\" data-ct-label=\"EU-Parlament: Kippen die Konservativen in Br\u00fcssel die Brandmauer?\" data-uuid=\"d8f9519b-8b50-4493-8693-762a74bb47c2\" rel=\"nofollow noopener\" target=\"_blank\"><\/p>\n<p>        Z+ (abopflichtiger Inhalt);<\/p>\n<p>    EU-Parlament:<br \/>\n                        Kippen die Konservativen in Br\u00fcssel die Brandmauer?<\/p>\n<p>                <\/a><\/p>\n<p>                <a href=\"https:\/\/www.zeit.de\/politik\/2026-03\/rechte-mehrheiten-evp-afd-eu-parlament\" data-ct-label=\"Rechte Mehrheiten: Auf gute Zusammenarbeit\" data-uuid=\"53ba3628-8ff7-4e53-93bd-413765aab029\" rel=\"nofollow noopener\" target=\"_blank\"><\/p>\n<p>        Z+ (abopflichtiger Inhalt);<\/p>\n<p>    Rechte Mehrheiten:<br \/>\n                        Auf gute Zusammenarbeit<\/p>\n<p>                <\/a><\/p>\n<p>                <a href=\"https:\/\/www.zeit.de\/politik\/ausland\/2026-02\/migrationspolitik-spanien-einwanderer-aufenthaltsrecht-5vor8\" data-ct-label=\"Migrationspolitik in Spanien: Sind die Spanier barmherziger als wir?\" data-uuid=\"652c3a9c-ba88-4a38-b45c-860bbf513155\" rel=\"nofollow noopener\" target=\"_blank\"><\/p>\n<p>        Z+ (abopflichtiger Inhalt);<\/p>\n<p>    Migrationspolitik in Spanien:<br \/>\n                        Sind die Spanier barmherziger als wir?<\/p>\n<p>                <\/a><\/p>\n","protected":false},"excerpt":{"rendered":"Die Zahl der Abschiebungen aus den EU-L\u00e4ndern ist in den vergangenen Jahren deutlich angestiegen. \u00bbIm Jahr 2025 wurden&hellip;\n","protected":false},"author":2,"featured_media":971130,"comment_status":"","ping_status":"","sticky":false,"template":"","format":"standard","meta":{"footnotes":"","_share_on_mastodon":"0"},"categories":[3933],"tags":[414,331,332,548,663,210749,158,3934,3935,13,42765,7882,14,15,16,12,8016],"class_list":["post-971129","post","type-post","status-publish","format-standard","has-post-thumbnail","category-eu","tag-abschiebung","tag-aktuelle-nachrichten","tag-aktuelle-news","tag-eu","tag-europa","tag-europaeische-migrationspolitik","tag-europaeische-union","tag-europe","tag-european-union","tag-headlines","tag-magnus-brunner","tag-migrationspolitik","tag-nachrichten","tag-news","tag-politik","tag-schlagzeilen","tag-wams"],"share_on_mastodon":{"url":"https:\/\/pubeurope.com\/@de\/116463537523690669","error":""},"_links":{"self":[{"href":"https:\/\/www.europesays.com\/de\/wp-json\/wp\/v2\/posts\/971129","targetHints":{"allow":["GET"]}}],"collection":[{"href":"https:\/\/www.europesays.com\/de\/wp-json\/wp\/v2\/posts"}],"about":[{"href":"https:\/\/www.europesays.com\/de\/wp-json\/wp\/v2\/types\/post"}],"author":[{"embeddable":true,"href":"https:\/\/www.europesays.com\/de\/wp-json\/wp\/v2\/users\/2"}],"replies":[{"embeddable":true,"href":"https:\/\/www.europesays.com\/de\/wp-json\/wp\/v2\/comments?post=971129"}],"version-history":[{"count":0,"href":"https:\/\/www.europesays.com\/de\/wp-json\/wp\/v2\/posts\/971129\/revisions"}],"wp:featuredmedia":[{"embeddable":true,"href":"https:\/\/www.europesays.com\/de\/wp-json\/wp\/v2\/media\/971130"}],"wp:attachment":[{"href":"https:\/\/www.europesays.com\/de\/wp-json\/wp\/v2\/media?parent=971129"}],"wp:term":[{"taxonomy":"category","embeddable":true,"href":"https:\/\/www.europesays.com\/de\/wp-json\/wp\/v2\/categories?post=971129"},{"taxonomy":"post_tag","embeddable":true,"href":"https:\/\/www.europesays.com\/de\/wp-json\/wp\/v2\/tags?post=971129"}],"curies":[{"name":"wp","href":"https:\/\/api.w.org\/{rel}","templated":true}]}}