{"id":971131,"date":"2026-04-25T04:48:16","date_gmt":"2026-04-25T04:48:16","guid":{"rendered":"https:\/\/www.europesays.com\/de\/971131\/"},"modified":"2026-04-25T04:48:16","modified_gmt":"2026-04-25T04:48:16","slug":"gebaeudeenergiegesetz-bundesbauministerin-will-vermieter-an-hoeheren-heizkosten-beteiligen","status":"publish","type":"post","link":"https:\/\/www.europesays.com\/de\/971131\/","title":{"rendered":"Geb\u00e4udeenergiegesetz: Bundesbauministerin will Vermieter an h\u00f6heren Heizkosten beteiligen"},"content":{"rendered":"<p class=\"paragraph article__item\">Bundesbauministerin Verena Hubertz (<a class=\"rtr-entity\" href=\"https:\/\/www.zeit.de\/thema\/spd\" rel=\"nofollow noopener\" target=\"_blank\">SPD<\/a>) hat mit Blick auf steigende Energiepreise die Notwendigkeit von mehr Mieterschutz im neuen Geb\u00e4udemodernisierungsgesetz betont. \u00bbWir wollen verhindern, dass Mieterinnen und Mieter, die ja gar nicht in die Entscheidung \u00fcber ein neues Heizsystem eingebunden sind, am Ende die Kosten alleine tragen m\u00fcssen\u00ab, sagte die SPD-Politikerin der Welt am Sonntag.\n<\/p>\n<p class=\"paragraph article__item\">\u00bbAngenommen, ein Vermieter entscheidet sich f\u00fcr eine neue Gas- oder \u00d6lheizung, was nach dem neuen Geb\u00e4udemodernisierungsgesetz grunds\u00e4tzlich erlaubt sein wird, dann k\u00f6nnten wegen steigender Brennstoffpreise im Laufe der Jahre die W\u00e4rmekosten erheblich ansteigen\u00ab, erg\u00e4nzte sie. \u00bbWeil Mieter auf diese Einbauentscheidung nicht einwirken k\u00f6nnen, halte ich es f\u00fcr richtig, dass auch Vermieter an einem Kostenanstieg beteiligt werden.\u00ab\n<\/p>\n<p>                        Preisanstieg ist laut Hubertz absehbar        <\/p>\n<p class=\"paragraph article__item\">Ende Februar hatten Union und SPD <a href=\"https:\/\/www.zeit.de\/politik\/deutschland\/2026-02\/gebaeudeenergiegesetz-schwarz-rot-heizungsgesetz-reform-einigung\" target=\"_blank\" rel=\"nofollow noopener\">Eckpunkte f\u00fcr ein neues Geb\u00e4udemodernisierungsgesetz<\/a> vorgelegt. Das von der Vorg\u00e4ngerregierung aus SPD, Gr\u00fcnen und FDP vorangetriebene Geb\u00e4udeenergiegesetz <a href=\"https:\/\/www.zeit.de\/wirtschaft\/2026-02\/gebaeudeenergiegesetz-heizung-klimaschutz-oel-gas\" target=\"_blank\" rel=\"nofollow noopener\">soll grundlegend reformiert werden<\/a>. Zentrale Vorgaben des \u00bbHeizungsgesetzes\u00ab sollen gekippt werden. Eckpunkte f\u00fcr eine Reform sehen vor, dass der Einbau von Gas- und \u00d6lheizungen weiter m\u00f6glich sein soll, wenn ab 2029 anteilig klimafreundliche Brennstoffe genutzt werden.\n<\/p>\n<p class=\"paragraph article__item\">\u00bbWenn wir k\u00fcnftig mehr Biogas oder Bio\u00f6l brauchen \u2013 im Verkehr und im Geb\u00e4udesektor \u2013 und dieser Markt erst einmal hochlaufen muss, ist absehbar, dass die Preise steigen\u00ab, sagte Hubertz. Bereits Ende Februar <a href=\"https:\/\/www.zeit.de\/politik\/deutschland\/2026-02\/heizungsgesetz-matthias-miersch-mieterschutz-katherina-reiche-biogas-gxe\" target=\"_blank\" rel=\"nofollow noopener\">hatte SPD-Fraktionschef Matthias Miersch gesagt<\/a>, der Mieterschutz sei f\u00fcr ihn zentral. Mit ihm werde es kein Gesetz geben, \u00bbdas Mieterinnen und Mieter auf den Kosten sitzen l\u00e4sst\u00ab.\n<\/p>\n<p>Mehr zum Thema<\/p>\n<p>            Reform des Heizungsgesetzes        <\/p>\n<p>                <a href=\"https:\/\/www.zeit.de\/wirtschaft\/2026-02\/heizungsgesetz-miete-mehrkosten-gebaeudeenergiegesetz-aenderungen\" data-ct-label=\"Heizungsgesetz: Tappen Mieter nun in die Heizkostenfalle? \" data-uuid=\"b9e8d489-0099-408c-bfd8-96b1910b3a3c\" rel=\"nofollow noopener\" target=\"_blank\"><\/p>\n<p>                        Heizungsgesetz:<br \/>\n                        Tappen Mieter nun in die Heizkostenfalle? <\/p>\n<p>                <\/a><\/p>\n<p>                <a href=\"https:\/\/www.zeit.de\/wirtschaft\/2026-02\/gebaeudeenergiegesetz-heizung-klimaschutz-oel-gas\" data-ct-label=\"Geb\u00e4udenergiegesetz: Das war&#039;s mit Klimaschutz im Heizungskeller\" data-uuid=\"6a6d96ec-5a35-449c-83fe-ecab7f582ced\" rel=\"nofollow noopener\" target=\"_blank\"><\/p>\n<p>        Z+ (abopflichtiger Inhalt);<\/p>\n<p>    Geb\u00e4udenergiegesetz:<br \/>\n                        Das war&#8217;s mit Klimaschutz im Heizungskeller<\/p>\n<p>                <\/a><\/p>\n<p>                <a href=\"https:\/\/www.zeit.de\/feuilleton\/2026-02\/heizungsgesetz-bundesregierung-energie-klimaziele\" data-ct-label=\"Heizungsgesetz der Bundesregierung: Wo geht\u2019s hier raus aus dem Museum?\" data-uuid=\"8f01d396-8588-4183-bc1a-1d158a3edb94\" rel=\"nofollow noopener\" target=\"_blank\"><\/p>\n<p>        Z+ (abopflichtiger Inhalt);<\/p>\n<p>    Heizungsgesetz der Bundesregierung:<br \/>\n                        Wo geht\u2019s hier raus aus dem Museum?<\/p>\n<p>                <\/a><\/p>\n","protected":false},"excerpt":{"rendered":"Bundesbauministerin Verena Hubertz (SPD) hat mit Blick auf steigende Energiepreise die Notwendigkeit von mehr Mieterschutz im neuen Geb\u00e4udemodernisierungsgesetz&hellip;\n","protected":false},"author":2,"featured_media":971132,"comment_status":"","ping_status":"","sticky":false,"template":"","format":"standard","meta":{"footnotes":"","_share_on_mastodon":"0"},"categories":[5],"tags":[331,332,3364,29,12701,12699,30,13,14,15,16,12,184,72850,8016,210750],"class_list":["post-971131","post","type-post","status-publish","format-standard","has-post-thumbnail","category-nachrichten","tag-aktuelle-nachrichten","tag-aktuelle-news","tag-de","tag-deutschland","tag-gasheizung","tag-gebaeudeenergiegesetz","tag-germany","tag-headlines","tag-nachrichten","tag-news","tag-politik","tag-schlagzeilen","tag-spd","tag-verena-hubertz","tag-wams","tag-waermekosten"],"share_on_mastodon":{"url":"https:\/\/pubeurope.com\/@de\/116463541207441406","error":""},"_links":{"self":[{"href":"https:\/\/www.europesays.com\/de\/wp-json\/wp\/v2\/posts\/971131","targetHints":{"allow":["GET"]}}],"collection":[{"href":"https:\/\/www.europesays.com\/de\/wp-json\/wp\/v2\/posts"}],"about":[{"href":"https:\/\/www.europesays.com\/de\/wp-json\/wp\/v2\/types\/post"}],"author":[{"embeddable":true,"href":"https:\/\/www.europesays.com\/de\/wp-json\/wp\/v2\/users\/2"}],"replies":[{"embeddable":true,"href":"https:\/\/www.europesays.com\/de\/wp-json\/wp\/v2\/comments?post=971131"}],"version-history":[{"count":0,"href":"https:\/\/www.europesays.com\/de\/wp-json\/wp\/v2\/posts\/971131\/revisions"}],"wp:featuredmedia":[{"embeddable":true,"href":"https:\/\/www.europesays.com\/de\/wp-json\/wp\/v2\/media\/971132"}],"wp:attachment":[{"href":"https:\/\/www.europesays.com\/de\/wp-json\/wp\/v2\/media?parent=971131"}],"wp:term":[{"taxonomy":"category","embeddable":true,"href":"https:\/\/www.europesays.com\/de\/wp-json\/wp\/v2\/categories?post=971131"},{"taxonomy":"post_tag","embeddable":true,"href":"https:\/\/www.europesays.com\/de\/wp-json\/wp\/v2\/tags?post=971131"}],"curies":[{"name":"wp","href":"https:\/\/api.w.org\/{rel}","templated":true}]}}