{"id":971160,"date":"2026-04-25T05:05:16","date_gmt":"2026-04-25T05:05:16","guid":{"rendered":"https:\/\/www.europesays.com\/de\/971160\/"},"modified":"2026-04-25T05:05:16","modified_gmt":"2026-04-25T05:05:16","slug":"strom-statt-sprit-warum-andreas-heidemann-wieder-gern-auto-faehrt","status":"publish","type":"post","link":"https:\/\/www.europesays.com\/de\/971160\/","title":{"rendered":"Strom statt Sprit: Warum Andreas Heidemann wieder gern Auto f\u00e4hrt"},"content":{"rendered":"<p>\t\tStrom statt Sprit<br \/>\n\t\t\t\t\tWarum Andreas Heidemann pl\u00f6tzlich wieder gern Auto f\u00e4hrt<\/p>\n<p>\t\t<img alt=\"\" src=\"https:\/\/www.europesays.com\/de\/wp-content\/uploads\/2025\/12\/630_0036_1296479_.jpg\"  class=\"avatar avatar-36 photo avatar-default\" height=\"36\" width=\"36\" loading=\"eager\" decoding=\"async\"\/>\t\t<a class=\"article-author__name\" href=\"https:\/\/www.hellwegeranzeiger.de\/author\/mathias-gaumann\/\" rel=\"author nofollow noopener\" target=\"_blank\">Mathias Gaumann<\/a><br \/>\n\t\tRedakteur<\/p>\n<p>    <a href=\"https:\/\/www.hellwegeranzeiger.de\/wp-content\/uploads\/2026\/04\/24\/14\/630_0900_6107877_-1648x824.jpg\" rel=\"nofollow noopener\" target=\"_blank\"><\/p>\n<p>            <img loading=\"lazy\" decoding=\"async\" src=\"https:\/\/www.europesays.com\/de\/wp-content\/uploads\/2026\/04\/630_0900_6106609_-640x428.jpg\" width=\"640\" height=\"428\"  alt=\"Andreas Heidemann aus Holzwickede an der E-Lades\u00e4ule bei Netto.\"\/><\/p>\n<p>    <\/a><br \/>\n    Andreas Heidemann aus Holzwickede hat sich mit seinem E-Auto einen lang gehegten Wunsch erf\u00fcllt. \u00a9 Mathias Gaumann<\/p>\n<p class=\"article__teaser-text\">Ein Wunsch wird wahr: Andreas Heidemann f\u00e4hrt seit November elektrisch. Warum das f\u00fcr ihn mehr ist als ein neues Auto, zeigt sich bei jeder Fahrt.<\/p>\n<p>3 Min Lesezeit<\/p>\n<p>Einstieg in die E-Mobilit\u00e4tEin neues Fahrgef\u00fchlUmstieg und neue Abl\u00e4ufeBequem, aber nicht f\u00fcr alleEin anderer Umgang mit Fahren<\/p>\n","protected":false},"excerpt":{"rendered":"Strom statt Sprit Warum Andreas Heidemann pl\u00f6tzlich wieder gern Auto f\u00e4hrt Mathias Gaumann Redakteur Andreas Heidemann aus Holzwickede&hellip;\n","protected":false},"author":2,"featured_media":971161,"comment_status":"","ping_status":"","sticky":false,"template":"","format":"standard","meta":{"footnotes":"","_share_on_mastodon":"0"},"categories":[1833],"tags":[3364,29,217,1368,30,1209,3587],"class_list":["post-971160","post","type-post","status-publish","format-standard","has-post-thumbnail","category-dortmund","tag-de","tag-deutschland","tag-dortmund","tag-e-auto","tag-germany","tag-nordrhein-westfalen","tag-verkehr-mobilitaet"],"share_on_mastodon":{"url":"https:\/\/pubeurope.com\/@de\/116463608131139609","error":""},"_links":{"self":[{"href":"https:\/\/www.europesays.com\/de\/wp-json\/wp\/v2\/posts\/971160","targetHints":{"allow":["GET"]}}],"collection":[{"href":"https:\/\/www.europesays.com\/de\/wp-json\/wp\/v2\/posts"}],"about":[{"href":"https:\/\/www.europesays.com\/de\/wp-json\/wp\/v2\/types\/post"}],"author":[{"embeddable":true,"href":"https:\/\/www.europesays.com\/de\/wp-json\/wp\/v2\/users\/2"}],"replies":[{"embeddable":true,"href":"https:\/\/www.europesays.com\/de\/wp-json\/wp\/v2\/comments?post=971160"}],"version-history":[{"count":0,"href":"https:\/\/www.europesays.com\/de\/wp-json\/wp\/v2\/posts\/971160\/revisions"}],"wp:featuredmedia":[{"embeddable":true,"href":"https:\/\/www.europesays.com\/de\/wp-json\/wp\/v2\/media\/971161"}],"wp:attachment":[{"href":"https:\/\/www.europesays.com\/de\/wp-json\/wp\/v2\/media?parent=971160"}],"wp:term":[{"taxonomy":"category","embeddable":true,"href":"https:\/\/www.europesays.com\/de\/wp-json\/wp\/v2\/categories?post=971160"},{"taxonomy":"post_tag","embeddable":true,"href":"https:\/\/www.europesays.com\/de\/wp-json\/wp\/v2\/tags?post=971160"}],"curies":[{"name":"wp","href":"https:\/\/api.w.org\/{rel}","templated":true}]}}