{"id":971453,"date":"2026-04-25T07:55:15","date_gmt":"2026-04-25T07:55:15","guid":{"rendered":"https:\/\/www.europesays.com\/de\/971453\/"},"modified":"2026-04-25T07:55:15","modified_gmt":"2026-04-25T07:55:15","slug":"gelungener-auftakt-mit-potenzial-ahoi-leipzig","status":"publish","type":"post","link":"https:\/\/www.europesays.com\/de\/971453\/","title":{"rendered":"Gelungener Auftakt mit Potenzial | Ahoi Leipzig"},"content":{"rendered":"<p>Am 23. April ist die neue Saison des Leipziger Abendmarktes gestartet. Von 16 bis 21 Uhr verwandelte sich der Markt vor dem Alten Rathaus in einen Treffpunkt f\u00fcr Genuss, Austausch und regionale Produkte. Der Auftakt wurde deutlich angenommen \u2013 zahlreiche Besucher nutzten den milden Fr\u00fchlingsabend f\u00fcr Einkauf, Essen und Begegnung.<\/p>\n<p class=\"h3\">Viel Betrieb zum Saisonstart<\/p>\n<p>Schon am fr\u00fchen Abend f\u00fcllte sich der Platz. Viele G\u00e4ste blieben l\u00e4nger, sa\u00dfen beisammen und lie\u00dfen den Tag ausklingen. Das sonnige Wetter unterst\u00fctzte die entspannte Stimmung. Der Markt wirkte belebt, aber nicht gedr\u00e4ngt.<\/p>\n<p class=\"h3\">Breites Angebot an Speisen<\/p>\n<p>Vor Ort dominierte das gastronomische Angebot. Von Burgern und Pommes \u00fcber Handbrot bis zu Flammkuchen reichte die Auswahl. Auch ger\u00e4ucherter Lachs, griechische und thail\u00e4ndische Spezialit\u00e4ten sowie frisch gepresster Orangensaft waren erh\u00e4ltlich. Wein, Aperol Spritz und weitere Getr\u00e4nke erg\u00e4nzten das Sortiment.<\/p>\n<p>Das Angebot zum direkten Verzehr war vielf\u00e4ltig. Wer einkaufen wollte, fand ebenfalls regionale Produkte \u2013 allerdings noch in begrenzter Auswahl. Obst und Gem\u00fcse waren nur vereinzelt vertreten. Einige Hofl\u00e4den boten K\u00e4se oder verpackte Waren an. Hier besteht Ausbaupotenzial, insbesondere bei frischer Marktware.<\/p>\n<p>Auch handwerkliche Backwaren waren pr\u00e4sent.<\/p>\n<p class=\"h3\">Fazit: Erfolgreicher Start mit Entwicklungsspielraum<\/p>\n<p>Der Saisonauftakt war gut besucht und organisatorisch stimmig. Besonders das gastronomische Angebot \u00fcberzeugte durch Vielfalt. Gleichzeitig zeigt sich Potenzial bei frischer Marktware wie Obst und Gem\u00fcse. Eine st\u00e4rkere Ausweitung dieses Bereichs k\u00f6nnte das Profil als Abendmarkt weiter sch\u00e4rfen.<\/p>\n<p>Die kommenden Termine finden am 25. Juni, 23. Juli und 27. August statt.<\/p>\n","protected":false},"excerpt":{"rendered":"Am 23. April ist die neue Saison des Leipziger Abendmarktes gestartet. Von 16 bis 21 Uhr verwandelte sich&hellip;\n","protected":false},"author":2,"featured_media":971454,"comment_status":"","ping_status":"","sticky":false,"template":"","format":"standard","meta":{"footnotes":"","_share_on_mastodon":"0"},"categories":[1832],"tags":[210811,3364,29,210818,210821,30,210815,210826,210819,71,210810,42332,210816,210820,210813,127690,859,210812,210822,210823,210817,210825,210824,210814],"class_list":["post-971453","post","type-post","status-publish","format-standard","has-post-thumbnail","category-leipzig","tag-abendmarkt-leipzig","tag-de","tag-deutschland","tag-elbweiderind","tag-feldbaeckerei-sandra-spatz","tag-germany","tag-gute-wahl-regional","tag-innenstadt-leipzig-event","tag-koestlers-backstube","tag-leipzig","tag-leipziger-abendmarkt","tag-markt-vor-dem-alten-rathaus","tag-max-schrut-maks","tag-monsieur-gusteau-pegau","tag-regionale-haendler-leipzig","tag-regionale-produkte-leipzig","tag-sachsen","tag-saisonstart-2026","tag-spielmobil-leipzig","tag-street-mobil-leipzig","tag-the-voice-2023-leipzig","tag-veranstaltungen-leipzig-april","tag-wochenmarkt-leipzig","tag-zukunftsmarkt-regional"],"share_on_mastodon":{"url":"","error":"Validation failed: Text character limit of 500 exceeded"},"_links":{"self":[{"href":"https:\/\/www.europesays.com\/de\/wp-json\/wp\/v2\/posts\/971453","targetHints":{"allow":["GET"]}}],"collection":[{"href":"https:\/\/www.europesays.com\/de\/wp-json\/wp\/v2\/posts"}],"about":[{"href":"https:\/\/www.europesays.com\/de\/wp-json\/wp\/v2\/types\/post"}],"author":[{"embeddable":true,"href":"https:\/\/www.europesays.com\/de\/wp-json\/wp\/v2\/users\/2"}],"replies":[{"embeddable":true,"href":"https:\/\/www.europesays.com\/de\/wp-json\/wp\/v2\/comments?post=971453"}],"version-history":[{"count":0,"href":"https:\/\/www.europesays.com\/de\/wp-json\/wp\/v2\/posts\/971453\/revisions"}],"wp:featuredmedia":[{"embeddable":true,"href":"https:\/\/www.europesays.com\/de\/wp-json\/wp\/v2\/media\/971454"}],"wp:attachment":[{"href":"https:\/\/www.europesays.com\/de\/wp-json\/wp\/v2\/media?parent=971453"}],"wp:term":[{"taxonomy":"category","embeddable":true,"href":"https:\/\/www.europesays.com\/de\/wp-json\/wp\/v2\/categories?post=971453"},{"taxonomy":"post_tag","embeddable":true,"href":"https:\/\/www.europesays.com\/de\/wp-json\/wp\/v2\/tags?post=971453"}],"curies":[{"name":"wp","href":"https:\/\/api.w.org\/{rel}","templated":true}]}}