{"id":971663,"date":"2026-04-25T09:54:17","date_gmt":"2026-04-25T09:54:17","guid":{"rendered":"https:\/\/www.europesays.com\/de\/971663\/"},"modified":"2026-04-25T09:54:17","modified_gmt":"2026-04-25T09:54:17","slug":"entlastung-fuer-die-wirtschaft-spd-fraktionschef-bringt-erneut-neue-schulden-ins-spiel","status":"publish","type":"post","link":"https:\/\/www.europesays.com\/de\/971663\/","title":{"rendered":"Entlastung f\u00fcr die Wirtschaft: SPD-Fraktionschef bringt erneut neue Schulden ins Spiel"},"content":{"rendered":"<p>Entlastung f\u00fcr die WirtschaftSPD-Fraktionschef bringt erneut neue Schulden ins Spiel<\/p>\n<p>25.04.2026, 05:30 Uhr <\/p>\n<p>Artikel anh\u00f6ren(02:45 min)<\/p>\n<p><img decoding=\"async\" class=\"Image_img__fQCi0 Image_Img_16_9__4BLfH widget-picture-inline_maximizable__t_E7h\" loading=\"eager\" fetchpriority=\"high\" src=\"https:\/\/www.europesays.com\/de\/wp-content\/uploads\/2026\/04\/Matthias-Miersch-SPD-Vorsitzender-bei-einem-Statement-SPD-am-21-04-26-in-Berlin.webp\" alt=\"Matthias-Miersch-SPD-Vorsitzender-bei-einem-Statement-SPD-am-21-04-26-in-Berlin\"\/>Kann sich jetzt Entlastungen wie in der Corona-Zeit vorstellen: SPD-Fraktionschef Miersch. (Foto: picture alliance \/ Andreas Gora)TeilenFolgen auf:<a href=\"https:\/\/www.whatsapp.com\/channel\/0029Va5cdVJD8SDp5YZgYF01\" title=\"Auf WhatsApp folgen\" target=\"_blank\" rel=\"nofollow noopener\"><img decoding=\"async\" src=\"https:\/\/www.n-tv.de\/socialIcons\/whatsapp.svg\" alt=\"whatsapp\" class=\"ArticleShare_icon__FsrC2\"\/><\/a><a href=\"https:\/\/news.google.com\/publications\/CAAiEPMdif5mpRNxiLOeUpHCwwsqFAgKIhDzHYn-ZqUTcYiznlKRwsML?hl=de&amp;gl=DE&amp;ceid=DE%3Ade\" title=\"Auf Google News folgen\" target=\"_blank\" rel=\"nofollow noopener\"><img decoding=\"async\" src=\"https:\/\/www.n-tv.de\/socialIcons\/google.svg\" alt=\"whatsapp\" class=\"ArticleShare_icon__FsrC2\"\/><\/a><\/p>\n<p class=\"Typography_text-m__XI0da Typography_weight-bold__uT6mq storyline_lead_text_leadtext__q_wg8\">Die Sozialdemokraten r\u00fctteln erneut an der Schuldenbremse. F\u00fcr den SPD-Fraktionschef w\u00e4re ein l\u00e4ngerer Krieg im Iran ein Grund, den Haushaltsnotstand auszurufen. Warnungen aus der Union will Miersch nicht gelten lassen: Der Zusammenhalt der Gesellschaft stehe auf dem Spiel. <\/p>\n<p class=\"Typography_text-default__P3otY Typography_weight-normal__pqUbH storyline_paragraph_p__qSR5N\">Wegen der anhaltenden Energiekrise infolge des Iran-Kriegs hat SPD-Fraktionschef Matthias Miersch eine zus\u00e4tzliche Schuldenaufnahme ins Spiel gebracht. &#8222;Der Staat hat die Aufgabe, einen Zusammenbruch unserer Wirtschaft zu verhindern&#8220;, sagte Miersch der &#8222;Neuen Osnabr\u00fccker Zeitung&#8220;. &#8222;Ich will keinen Teufel an die Wand malen, aber nat\u00fcrlich m\u00fcssen im schlimmsten Fall alle Optionen auf den Tisch.&#8220;<\/p>\n<p class=\"Typography_text-default__P3otY Typography_weight-normal__pqUbH storyline_paragraph_p__qSR5N\">Dazu z\u00e4hlt laut Miersch, &#8222;eine Haushaltsnotlage auszurufen, also einen \u00dcberschreitensbeschluss zu fassen und wom\u00f6glich neue Schulden aufzunehmen&#8220;. Mit dem sogenannten \u00dcberschreitensbeschluss kann der Bundestag in Notsituationen eine gesetzlich verankerte Ausnahme von der Schuldenbremse ziehen. Am Streit dar\u00fcber war letztlich die vorherige Ampel-Regierung unter der F\u00fchrung der SPD geplatzt.<\/p>\n<p class=\"Typography_text-default__P3otY Typography_weight-normal__pqUbH storyline_paragraph_p__qSR5N\">Unionsfraktionschef Jens Spahn hatte diese Woche wiederholt vor neuen Schulden gewarnt. Miersch sagte dazu in der &#8222;NOZ&#8220;: &#8222;Wer eine solche Herangehensweise kategorisch ausschlie\u00dft, anstelle die notwendigen Vorkehrungen zu treffen, dem sind die Dimensionen der Verwerfungen offenbar nicht bewusst, die bei einer Fortdauer der Irankrise auf uns zukommen.&#8220;<\/p>\n<p>&#8222;Schwarz-Rot muss bereitstehen&#8220;<\/p>\n<p class=\"Typography_text-default__P3otY Typography_weight-normal__pqUbH storyline_paragraph_p__qSR5N\">Niemand k\u00f6nne sagen, wie US-Pr\u00e4sident Donald Trump und Israels Regierungschef Benjamin Netanjahu weiter agieren, warnte der SPD-Fraktionschef. Irans fortdauernde Blockade der Stra\u00dfe von Hormus habe &#8222;Auswirkungen weit \u00fcber den \u00d6lmarkt hinaus: Es geht l\u00e4ngst nicht nur ums Tanken oder Fliegen, ganze Lieferketten drohen zu rei\u00dfen, mit massivsten wirtschaftlichen Auswirkungen&#8220;, sagte Miersch. Deswegen m\u00fcsse die schwarz-rote Koalition bereitstehen, &#8222;den Zusammenhalt in dieser Gesellschaft zu organisieren. Auch mit m\u00f6glichen weiteren Entlastungen&#8220;.<\/p>\n<p class=\"Typography_text-default__P3otY Typography_weight-normal__pqUbH storyline_paragraph_p__qSR5N\">Dabei sieht der SPD-Politiker Direktzahlungen als Option. Beim Tankrabatt habe es wegen der Eile die Gie\u00dfkanne gebraucht. &#8222;F\u00fcr m\u00f6gliche weitere Entlastungen haben wir Zeit und k\u00f6nnen gezielter vorgehen, etwa durch steuerpflichtige Direktzahlungen, die wir auch w\u00e4hrend der Corona-Pandemie hatten&#8220;, warb Miersch. Die sei &#8222;sozial ausgewogener, weil Besserverdiener einen h\u00f6heren Anteil der Hilfe per Steuern zur\u00fcckzahlen&#8220; m\u00fcssten.<\/p>\n<p class=\"Typography_text-s__wu_cm Typography_weight-normal__pqUbH Typography_color-darkgrey__sZEnP article-detail-footer_source__KslPc\">Quelle: ntv.de, mau\/AFP<\/p>\n","protected":false},"excerpt":{"rendered":"Entlastung f\u00fcr die WirtschaftSPD-Fraktionschef bringt erneut neue Schulden ins Spiel 25.04.2026, 05:30 Uhr Artikel anh\u00f6ren(02:45 min) Kann sich&hellip;\n","protected":false},"author":2,"featured_media":971664,"comment_status":"","ping_status":"","sticky":false,"template":"","format":"standard","meta":{"footnotes":"","_share_on_mastodon":"0"},"categories":[5],"tags":[13,345,13612,186871,15785,35626,14,15,16,12,5915,105547,10,8,9,11],"class_list":["post-971663","post","type-post","status-publish","format-standard","has-post-thumbnail","category-nachrichten","tag-headlines","tag-iran","tag-iran-konflikt","tag-iran-krieg","tag-jens-spahn","tag-matthias-miersch","tag-nachrichten","tag-news","tag-politik","tag-schlagzeilen","tag-schuldenbremse","tag-schuldenstreit","tag-top-news","tag-top-meldungen","tag-topmeldungen","tag-topnews"],"share_on_mastodon":{"url":"https:\/\/pubeurope.com\/@de\/116464744583087376","error":""},"_links":{"self":[{"href":"https:\/\/www.europesays.com\/de\/wp-json\/wp\/v2\/posts\/971663","targetHints":{"allow":["GET"]}}],"collection":[{"href":"https:\/\/www.europesays.com\/de\/wp-json\/wp\/v2\/posts"}],"about":[{"href":"https:\/\/www.europesays.com\/de\/wp-json\/wp\/v2\/types\/post"}],"author":[{"embeddable":true,"href":"https:\/\/www.europesays.com\/de\/wp-json\/wp\/v2\/users\/2"}],"replies":[{"embeddable":true,"href":"https:\/\/www.europesays.com\/de\/wp-json\/wp\/v2\/comments?post=971663"}],"version-history":[{"count":0,"href":"https:\/\/www.europesays.com\/de\/wp-json\/wp\/v2\/posts\/971663\/revisions"}],"wp:featuredmedia":[{"embeddable":true,"href":"https:\/\/www.europesays.com\/de\/wp-json\/wp\/v2\/media\/971664"}],"wp:attachment":[{"href":"https:\/\/www.europesays.com\/de\/wp-json\/wp\/v2\/media?parent=971663"}],"wp:term":[{"taxonomy":"category","embeddable":true,"href":"https:\/\/www.europesays.com\/de\/wp-json\/wp\/v2\/categories?post=971663"},{"taxonomy":"post_tag","embeddable":true,"href":"https:\/\/www.europesays.com\/de\/wp-json\/wp\/v2\/tags?post=971663"}],"curies":[{"name":"wp","href":"https:\/\/api.w.org\/{rel}","templated":true}]}}