{"id":971690,"date":"2026-04-25T10:13:20","date_gmt":"2026-04-25T10:13:20","guid":{"rendered":"https:\/\/www.europesays.com\/de\/971690\/"},"modified":"2026-04-25T10:13:20","modified_gmt":"2026-04-25T10:13:20","slug":"mit-knoche-und-uldrikis-arminia-bielefeld-heute-zu-gast-bei-preussen-muenster","status":"publish","type":"post","link":"https:\/\/www.europesays.com\/de\/971690\/","title":{"rendered":"Mit Knoche und Uldrikis: Arminia Bielefeld heute zu Gast bei Preu\u00dfen M\u00fcnster"},"content":{"rendered":"<ul>\n<li>\n<b class=\"bold\">Startaufstellung Arminia: <\/b>Kersken \u2013 Hagmann, Bauer, Knoche, Handwerker \u2013 Russo \u2013 Corboz, Rochelt \u2013 Momuluh, Uldrikis, Grodowski<\/li>\n<li>\n<b class=\"bold\">Es fehlt:<\/b> Felix (Schulterverletzung), Sicker (Wadenverletzung)\n<\/li>\n<li>\n<b class=\"bold\">Schiedsrichter:<\/b> Geleitet wird die Partie vom Unparteiischen Sascha Stegemann und seinem Team.<\/li>\n<\/ul>\n<p>Arminia muss eine Reaktion zeigen<\/p>\n<p class=\"em_text\">Mehr Kellerduell geht nicht. Wenn Arminia Bielefeld am Samstag (13 Uhr) als Tabellen-17. zum Derby gegen Schlusslicht Preu\u00dfen M\u00fcnster antritt, ist f\u00fcr beide Klubs Verlieren verboten \u2013 insbesondere f\u00fcr die Gastgeber. Denn angesichts ihrer drei Punkte R\u00fcckstand auf Relegationsrang 16 (Eintracht Braunschweig), der vier Punkte R\u00fcckstand auf Arminia und eines happigen Restprogramms gegen noch drei Aufstiegskandidaten ist die Partie f\u00fcr die Preu\u00dfen nicht weniger als ein Endspiel um den Klassenerhalt.<\/p>\n<p id=\"absatz2\" class=\"em_text\">Die Ausgangslage der Arminen ist nur bedingt komfortabler. Nach dem schwachen Auftritt gegen N\u00fcrnberg (1:1) erwarten die DSC-Fans eine deutliche Leistungssteigerung ihrer Mannschaft, die aufgrund der Siege der Kellerkonkurrenten Eintracht Braunschweig (2:0 in Kaiserslautern) und Fortuna D\u00fcsseldorf (3:1 gegen Dresden) am Freitagabend auf den vorletzten Tabellenplatz abgerutscht ist.<\/p>\n<p>Alle Informationen vor dem Spiel<br \/>\n Die Partie im Liveticker<\/p>\n<p>\n        \u00d7\n    <\/p>\n<p>\n            Sie erhalten in wenigen Minuten eine E-Mail zur Best\u00e4tigung Ihrer Anmeldung.\n        <\/p>\n<p>Erst danach ist diese abgeschlossen.<\/p>\n<p>Bitte pr\u00fcfen Sie auch den Spam-Ordner.<\/p>\n<p>\n        \u00d7\n    <\/p>\n<p>\n            Sie haben bisher Ihre E-Mail-Adresse noch nicht best\u00e4tigt.\n        <\/p>\n<p>Erst danach ist diese abgeschlossen.<\/p>\n<p>Bitte pr\u00fcfen Sie auch den Spam-Ordner.<\/p>\n<p>\n        \u00d7\n    <\/p>\n<p>\n            Es ist einen Fehler aufgetreten\n        <\/p>\n<p>Bei Fragen hilft unser Newsletter-Support<\/p>\n<p> Newsletter<\/p>\n<p> DSC Arminia Bielefeld<\/p>\n<p>W\u00f6chentlich alle News rund um Arminia Bielefeld.<\/p>\n<p>                Jetzt anmelden<\/p>\n","protected":false},"excerpt":{"rendered":"Startaufstellung Arminia: Kersken \u2013 Hagmann, Bauer, Knoche, Handwerker \u2013 Russo \u2013 Corboz, Rochelt \u2013 Momuluh, Uldrikis, Grodowski Es&hellip;\n","protected":false},"author":2,"featured_media":971691,"comment_status":"","ping_status":"","sticky":false,"template":"","format":"standard","meta":{"footnotes":"","_share_on_mastodon":"0"},"categories":[1841],"tags":[2368,1605,3364,29,8704,30,4281,9307,1611,16345,1609,2379,9308,9310,2377,16344,1608,198343,2381,2380,1613,8902,1209,8399,16343,148517,12534],"class_list":["post-971690","post","type-post","status-publish","format-standard","has-post-thumbnail","category-bielefeld","tag-arminia-bielefeld","tag-bielefeld","tag-de","tag-deutschland","tag-eintracht-braunschweig","tag-germany","tag-label_arminia","tag-label_foto","tag-label_informiere-mich","tag-label_liveticker","tag-label_plus-ok","tag-label_push","tag-label_republish","tag-label_social","tag-label_startseite","tag-label_ticker","tag-label_top-news","tag-meta_artikelklasse_aboanker","tag-meta_copyrights_rgowl_freier_mitarbeiter","tag-meta_themen_arminia_bielefeld","tag-meta_userneeds_informieremich","tag-nrnberg","tag-nordrhein-westfalen","tag-preuen-mnster","tag-russo","tag-sascha-stegemann","tag-startaufstellung"],"share_on_mastodon":{"url":"","error":"Validation failed: Text character limit of 500 exceeded"},"_links":{"self":[{"href":"https:\/\/www.europesays.com\/de\/wp-json\/wp\/v2\/posts\/971690","targetHints":{"allow":["GET"]}}],"collection":[{"href":"https:\/\/www.europesays.com\/de\/wp-json\/wp\/v2\/posts"}],"about":[{"href":"https:\/\/www.europesays.com\/de\/wp-json\/wp\/v2\/types\/post"}],"author":[{"embeddable":true,"href":"https:\/\/www.europesays.com\/de\/wp-json\/wp\/v2\/users\/2"}],"replies":[{"embeddable":true,"href":"https:\/\/www.europesays.com\/de\/wp-json\/wp\/v2\/comments?post=971690"}],"version-history":[{"count":0,"href":"https:\/\/www.europesays.com\/de\/wp-json\/wp\/v2\/posts\/971690\/revisions"}],"wp:featuredmedia":[{"embeddable":true,"href":"https:\/\/www.europesays.com\/de\/wp-json\/wp\/v2\/media\/971691"}],"wp:attachment":[{"href":"https:\/\/www.europesays.com\/de\/wp-json\/wp\/v2\/media?parent=971690"}],"wp:term":[{"taxonomy":"category","embeddable":true,"href":"https:\/\/www.europesays.com\/de\/wp-json\/wp\/v2\/categories?post=971690"},{"taxonomy":"post_tag","embeddable":true,"href":"https:\/\/www.europesays.com\/de\/wp-json\/wp\/v2\/tags?post=971690"}],"curies":[{"name":"wp","href":"https:\/\/api.w.org\/{rel}","templated":true}]}}