{"id":971713,"date":"2026-04-25T10:26:18","date_gmt":"2026-04-25T10:26:18","guid":{"rendered":"https:\/\/www.europesays.com\/de\/971713\/"},"modified":"2026-04-25T10:26:18","modified_gmt":"2026-04-25T10:26:18","slug":"antwort-auf-chinas-dominanz-eu-und-usa-schliessen-rohstoffpakt-trotz-zollstreit","status":"publish","type":"post","link":"https:\/\/www.europesays.com\/de\/971713\/","title":{"rendered":"Antwort auf Chinas Dominanz: EU und USA schlie\u00dfen Rohstoffpakt trotz Zollstreit"},"content":{"rendered":"<p>Die Europ\u00e4ische Union und die Vereinigten Staaten unterzeichneten am Freitag ein Abkommen zur Koordinierung der Versorgung mit kritischen Mineralien, die f\u00fcr Schl\u00fcsselindustrien \u2013 einschlie\u00dflich der Verteidigungsindustrie \u2013 ben\u00f6tigt werden.<\/p>\n<p>          <img decoding=\"async\" class=\"c-ad__placeholder__logo\" src=\"https:\/\/static.euronews.com\/website\/images\/logos\/logo-euronews-stacked-outlined-72x72-grey-9.svg\" width=\"72\" height=\"72\" alt=\"\" loading=\"lazy\"\/><br \/>\n          WERBUNG<\/p>\n<p>          <img decoding=\"async\" class=\"c-ad__placeholder__logo\" src=\"https:\/\/static.euronews.com\/website\/images\/logos\/logo-euronews-stacked-outlined-72x72-grey-9.svg\" width=\"72\" height=\"72\" alt=\"\" loading=\"lazy\"\/><br \/>\n          WERBUNG<\/p>\n<p>US-Au\u00dfenminister Marco Rubio und EU-Handelskommissar Maro\u0161 \u0160ef\u010dovi\u010d unterzeichneten im &#8222;Treaty Room&#8220; des Au\u00dfenministeriums in Washington eine Absichtserkl\u00e4rung \u00fcber eine strategische Partnerschaft f\u00fcr kritische Mineralien.<\/p>\n<p>Rubio erkl\u00e4rte im Vorfeld der Unterzeichnung, das Engagement der Europ\u00e4ischen Union zeige &#8222;die Bedeutung von Lieferketten und kritischen Mineralien f\u00fcr den Erfolg unserer Volkswirtschaften und f\u00fcr unsere nationale Sicherheit&#8220;.<\/p>\n<p>Zugleich betonte Rubio, die \u00fcberm\u00e4\u00dfige Konzentration dieser Ressourcen sowie deren Dominanz durch ein oder zwei Standorte stelle ein inakzeptables Risiko dar.<\/p>\n<p>&#8222;Wir brauchen Vielfalt in unseren Lieferketten \u2013 Vielfalt bei den Orten, an denen diese Ressourcen weltweit gef\u00f6rdert werden&#8220;, f\u00fcgte Rubio hinzu.<\/p>\n<p>\u0160ef\u010dovi\u010d bekr\u00e4ftigte die Bedeutung der Vereinbarung: &#8222;Ich glaube, dass wir gemeinsam noch strategischer vorgehen werden. Wir werden unsere Ziele viel schneller erreichen als bisher. Und nat\u00fcrlich werden wir in diesem sehr wichtigen Bereich noch st\u00e4rker zusammenwachsen.&#8220;<\/p>\n<p>Der Dominanz Chinas entgegentreten<\/p>\n<p>Der Pakt gilt als seltenes Bekenntnis der Regierung von Pr\u00e4sident Donald Trump zur Rolle der EU, die sie zuvor wiederholt kritisiert hat, w\u00e4hrend sie zugleich rechtspopulistische Kr\u00e4fte in Europa unterst\u00fctzt.<\/p>\n<p>In Zeiten geopolitischer Spannungen hat Peking seine wirtschaftliche Macht demonstriert und die Ausfuhr wichtiger Mineralien eingeschr\u00e4nkt, die f\u00fcr Produkte wie Halbleiter, Batterien f\u00fcr Elektrofahrzeuge und Waffensysteme ben\u00f6tigt werden.<\/p>\n<p>&#8222;Wir m\u00fcssen sicherstellen, dass diese Lieferungen und Mineralien f\u00fcr unsere Zukunft verf\u00fcgbar sind und nicht an einem Ort monopolisiert oder stark konzentriert werden&#8220;, so Rubio.<\/p>\n<p>Die Partner wollen zudem die Koordinierung von Subventionen und strategischen Lagerbest\u00e4nden f\u00fcr kritische Mineralien vorantreiben, gemeinsame Standards entwickeln, um den Handel innerhalb der westlichen Staaten zu erleichtern, und verst\u00e4rkt gemeinsam in Forschung investieren.<\/p>\n<p>Die Regierung von Pr\u00e4sident Donald Trump hatte bereits zuvor eine Pr\u00e4ferenzhandelszone f\u00fcr kritische Mineralien unter Verb\u00fcndeten gefordert.<\/p>\n<p>Zudem stellte Washington Aktionspl\u00e4ne f\u00fcr kritische Mineralien mit Mexiko und Japan vor sowie einen Versorgungsrahmen mit Australien und weiteren Staaten.<\/p>\n<p>Positive Bewegung&#8220; bei US-Stahlz\u00f6llen erforderlich<\/p>\n<p>Die EU strebt weitere Fortschritte bei der Abmilderung der Auswirkungen der US-Stahlz\u00f6lle an, sagte Maro\u0161 \u0160ef\u010dovi\u010d. Die Gespr\u00e4che gingen &#8222;in eine positive Richtung&#8220;.<\/p>\n<p>Ziel sei es zudem, die Haltung der EU gegen\u00fcber Drittl\u00e4ndern im Stahlhandel st\u00e4rker an die der USA anzugleichen.<\/p>\n<p>Mit US-Handelsminister Howard Lutnick &#8222;haben wir vereinbart, diese Arbeit auf technischer Ebene zu beschleunigen&#8220;, sagte \u0160ef\u010dovi\u010d vor Reportern.<\/p>\n<p>Die transatlantischen Handelsbeziehungen bleiben jedoch angespannt.<\/p>\n<p>Seit der R\u00fcckkehr von Pr\u00e4sident Donald Trump ins Wei\u00dfe Haus im vergangenen Jahr sind europ\u00e4ische Hersteller von 50-prozentigen US-Z\u00f6llen auf Stahl- und Aluminiumimporte betroffen.<\/p>\n<p>Zwar einigten sich Br\u00fcssel und Washington im vergangenen Sommer darauf, die US-Z\u00f6lle auf die meisten EU-Waren auf 15 Prozent zu begrenzen, doch Stahl- und Aluminiumprodukte blieben davon ausgenommen.<\/p>\n<p>Obwohl die US-Regierung die Anwendung ihrer Stahlz\u00f6lle k\u00fcrzlich vereinfacht hat, gebe es weiterhin Probleme mit einzelnen Produkten auf der Liste, sagte Maro\u0161 \u0160ef\u010dovi\u010d.<\/p>\n<p>&#8222;Es w\u00e4re sehr wichtig, dass wir in diesem Bereich Fortschritte erzielen&#8220;, f\u00fcgte er hinzu.<\/p>\n<p>\u0160ef\u010dovi\u010d betonte zudem, dass sowohl die Vereinigten Staaten als auch die Europ\u00e4ische Union mit \u00dcberkapazit\u00e4ten auf dem Stahlmarkt konfrontiert seien. Er verwies auf die j\u00fcngste Entscheidung der EU, die Z\u00f6lle auf importierten Stahl zu erh\u00f6hen, um die eigene Industrie vor chinesischen Billigexporten zu sch\u00fctzen.<\/p>\n<p>&#8222;Als n\u00e4chsten Schritt wollen wir gemeinsam mit den USA die Arbeit an einer st\u00e4rkeren Abschirmung des Stahlmarktes aufnehmen und unsere Ans\u00e4tze gegen\u00fcber Drittl\u00e4ndern angleichen&#8220;, sagte \u0160ef\u010dovi\u010d.<\/p>\n<p>Dies solle dazu beitragen, einen &#8222;Abwehrmechanismus gegen subventionierten Stahl und globale \u00dcberkapazit\u00e4ten&#8220; aufzubauen, so \u0160ef\u010dovi\u010d.<\/p>\n<p>Weitere Quellen<strong> \u2022 AP, AFP<\/strong><\/p>\n","protected":false},"excerpt":{"rendered":"Die Europ\u00e4ische Union und die Vereinigten Staaten unterzeichneten am Freitag ein Abkommen zur Koordinierung der Versorgung mit kritischen&hellip;\n","protected":false},"author":2,"featured_media":971714,"comment_status":"","ping_status":"","sticky":false,"template":"","format":"standard","meta":{"footnotes":"","_share_on_mastodon":"0"},"categories":[3933],"tags":[331,332,548,41985,663,158,3934,3935,3986,13,7181,14,15,12],"class_list":["post-971713","post","type-post","status-publish","format-standard","has-post-thumbnail","category-eu","tag-aktuelle-nachrichten","tag-aktuelle-news","tag-eu","tag-eu-usa","tag-europa","tag-europaeische-union","tag-europe","tag-european-union","tag-handel","tag-headlines","tag-maros-sefcovic","tag-nachrichten","tag-news","tag-schlagzeilen"],"share_on_mastodon":{"url":"https:\/\/pubeurope.com\/@de\/116464870473597574","error":""},"_links":{"self":[{"href":"https:\/\/www.europesays.com\/de\/wp-json\/wp\/v2\/posts\/971713","targetHints":{"allow":["GET"]}}],"collection":[{"href":"https:\/\/www.europesays.com\/de\/wp-json\/wp\/v2\/posts"}],"about":[{"href":"https:\/\/www.europesays.com\/de\/wp-json\/wp\/v2\/types\/post"}],"author":[{"embeddable":true,"href":"https:\/\/www.europesays.com\/de\/wp-json\/wp\/v2\/users\/2"}],"replies":[{"embeddable":true,"href":"https:\/\/www.europesays.com\/de\/wp-json\/wp\/v2\/comments?post=971713"}],"version-history":[{"count":0,"href":"https:\/\/www.europesays.com\/de\/wp-json\/wp\/v2\/posts\/971713\/revisions"}],"wp:featuredmedia":[{"embeddable":true,"href":"https:\/\/www.europesays.com\/de\/wp-json\/wp\/v2\/media\/971714"}],"wp:attachment":[{"href":"https:\/\/www.europesays.com\/de\/wp-json\/wp\/v2\/media?parent=971713"}],"wp:term":[{"taxonomy":"category","embeddable":true,"href":"https:\/\/www.europesays.com\/de\/wp-json\/wp\/v2\/categories?post=971713"},{"taxonomy":"post_tag","embeddable":true,"href":"https:\/\/www.europesays.com\/de\/wp-json\/wp\/v2\/tags?post=971713"}],"curies":[{"name":"wp","href":"https:\/\/api.w.org\/{rel}","templated":true}]}}