{"id":971837,"date":"2026-04-25T11:33:25","date_gmt":"2026-04-25T11:33:25","guid":{"rendered":"https:\/\/www.europesays.com\/de\/971837\/"},"modified":"2026-04-25T11:33:25","modified_gmt":"2026-04-25T11:33:25","slug":"jetzt-live-uldrikis-dreht-das-westfalen-derby-zugunsten-von-arminia","status":"publish","type":"post","link":"https:\/\/www.europesays.com\/de\/971837\/","title":{"rendered":"Jetzt live! Uldrikis dreht das Westfalen-Derby zugunsten von Arminia"},"content":{"rendered":"<ul>\n<li>\n<b class=\"bold\">Startaufstellung Arminia: <\/b>Kersken \u2013 Hagmann, Bauer, Knoche, Handwerker \u2013 Russo \u2013 Corboz, Rochelt \u2013 Momuluh, Uldrikis, Grodowski<\/li>\n<li>\n<b class=\"bold\">Es fehlt:<\/b> Felix (Schulterverletzung), Sicker (Wadenverletzung)\n<\/li>\n<li>\n<b class=\"bold\">Schiedsrichter:<\/b> Geleitet wird die Partie vom Unparteiischen Sascha Stegemann und seinem Team.<\/li>\n<\/ul>\n<p>Arminia muss eine Reaktion zeigen<\/p>\n<p class=\"em_text\">Mehr Kellerduell geht nicht. Wenn Arminia Bielefeld am Samstag (13 Uhr) als Tabellen-17. zum Derby gegen Preu\u00dfen M\u00fcnster antritt, ist f\u00fcr beide Klubs Verlieren verboten \u2013 insbesondere f\u00fcr die Gastgeber, die mit nur 28 Punkten Ligaletzter sind.<\/p>\n<p id=\"absatz2\" class=\"em_text\">Die Ausgangslage der Arminen ist allerdings nur bedingt komfortabler als die der Preu\u00dfen. Nach dem schwachen Auftritt gegen N\u00fcrnberg (1:1) erwarten die DSC-Fans eine deutliche Leistungssteigerung ihrer Mannschaft, die aufgrund der Siege der Kellerkonkurrenten Eintracht Braunschweig (2:0 in Kaiserslautern) und Fortuna D\u00fcsseldorf (3:1 gegen Dresden) am Freitagabend bis auf den vorletzten Tabellenplatz abgerutscht ist.<\/p>\n<p>Die Partie im Liveticker<br \/>\n Alle Informationen vor dem Spiel<\/p>\n","protected":false},"excerpt":{"rendered":"Startaufstellung Arminia: Kersken \u2013 Hagmann, Bauer, Knoche, Handwerker \u2013 Russo \u2013 Corboz, Rochelt \u2013 Momuluh, Uldrikis, Grodowski Es&hellip;\n","protected":false},"author":2,"featured_media":971838,"comment_status":"","ping_status":"","sticky":false,"template":"","format":"standard","meta":{"footnotes":"","_share_on_mastodon":"0"},"categories":[1843],"tags":[2368,3364,29,30,4281,9307,1611,16345,1609,2379,9308,9310,2377,16344,1608,198343,2381,2380,1613,8970,8902,1209,16343,148517,12534,8404],"class_list":["post-971837","post","type-post","status-publish","format-standard","has-post-thumbnail","category-muenster","tag-arminia-bielefeld","tag-de","tag-deutschland","tag-germany","tag-label_arminia","tag-label_foto","tag-label_informiere-mich","tag-label_liveticker","tag-label_plus-ok","tag-label_push","tag-label_republish","tag-label_social","tag-label_startseite","tag-label_ticker","tag-label_top-news","tag-meta_artikelklasse_aboanker","tag-meta_copyrights_rgowl_freier_mitarbeiter","tag-meta_themen_arminia_bielefeld","tag-meta_userneeds_informieremich","tag-muenster","tag-nrnberg","tag-nordrhein-westfalen","tag-russo","tag-sascha-stegemann","tag-startaufstellung","tag-westfalen"],"share_on_mastodon":{"url":"","error":"Validation failed: Text character limit of 500 exceeded"},"_links":{"self":[{"href":"https:\/\/www.europesays.com\/de\/wp-json\/wp\/v2\/posts\/971837","targetHints":{"allow":["GET"]}}],"collection":[{"href":"https:\/\/www.europesays.com\/de\/wp-json\/wp\/v2\/posts"}],"about":[{"href":"https:\/\/www.europesays.com\/de\/wp-json\/wp\/v2\/types\/post"}],"author":[{"embeddable":true,"href":"https:\/\/www.europesays.com\/de\/wp-json\/wp\/v2\/users\/2"}],"replies":[{"embeddable":true,"href":"https:\/\/www.europesays.com\/de\/wp-json\/wp\/v2\/comments?post=971837"}],"version-history":[{"count":0,"href":"https:\/\/www.europesays.com\/de\/wp-json\/wp\/v2\/posts\/971837\/revisions"}],"wp:featuredmedia":[{"embeddable":true,"href":"https:\/\/www.europesays.com\/de\/wp-json\/wp\/v2\/media\/971838"}],"wp:attachment":[{"href":"https:\/\/www.europesays.com\/de\/wp-json\/wp\/v2\/media?parent=971837"}],"wp:term":[{"taxonomy":"category","embeddable":true,"href":"https:\/\/www.europesays.com\/de\/wp-json\/wp\/v2\/categories?post=971837"},{"taxonomy":"post_tag","embeddable":true,"href":"https:\/\/www.europesays.com\/de\/wp-json\/wp\/v2\/tags?post=971837"}],"curies":[{"name":"wp","href":"https:\/\/api.w.org\/{rel}","templated":true}]}}