{"id":972052,"date":"2026-04-25T13:40:25","date_gmt":"2026-04-25T13:40:25","guid":{"rendered":"https:\/\/www.europesays.com\/de\/972052\/"},"modified":"2026-04-25T13:40:25","modified_gmt":"2026-04-25T13:40:25","slug":"fortuna-duesseldorf-gegen-dresden-details-aus-der-f95-kabine","status":"publish","type":"post","link":"https:\/\/www.europesays.com\/de\/972052\/","title":{"rendered":"Fortuna D\u00fcsseldorf gegen Dresden: Details aus der F95-Kabine"},"content":{"rendered":"<p class=\"text_ohne_einzug richtext text-em-55 !leading-serif mx-6 desktop:mx-0\">Den ersten Wechsel musste Alexander Ende schon vor der Halbzeitpause vornehmen: Kostenpflichtiger Inhalt <a href=\"https:\/\/rp-online.de\/sport\/fussball\/fortuna\/fortuna-duesseldorf-poker-gegen-dynamo-dresden-geht-mit-lenz-auf_aid-147294293\" rel=\"nofollow noopener\" target=\"_blank\">Christopher Lenz hatte dem Fortuna-Trainer signalisiert, dass es mit seiner Wade nicht mehr weitergeht. <\/a>Trotz der 2:0-F\u00fchrung nach 45 Minuten kamen einige Herausforderungen auf den geb\u00fcrtigen Grevenbroicher und sein Team zu. Zahlreiche Spieler fehlten zuletzt noch verletzungsbedingt, da zeichnete sich ab, dass der eine oder andere der hohen Belastung w\u00fcrde Tribut zollen m\u00fcssen. Dazu stand Fortuna weiterhin eines der besten R\u00fcckrundenteams der Liga gegen\u00fcber \u2013 nach der verkorksten ersten H\u00e4lfte mit jeder Menge Wut im Bauch. F\u00fcr Ende ging es da nat\u00fcrlich darum, in der Kabine die richtigen Worte zu finden.<\/p>\n","protected":false},"excerpt":{"rendered":"Den ersten Wechsel musste Alexander Ende schon vor der Halbzeitpause vornehmen: Kostenpflichtiger Inhalt Christopher Lenz hatte dem Fortuna-Trainer&hellip;\n","protected":false},"author":2,"featured_media":971608,"comment_status":"","ping_status":"","sticky":false,"template":"","format":"standard","meta":{"footnotes":"","_share_on_mastodon":"0"},"categories":[1831],"tags":[15647,3364,29,3405,6223,68900,30,41702,61530,36119,1209,203299,210850,6236,116671,4051,18312],"class_list":["post-972052","post","type-post","status-publish","format-standard","has-post-thumbnail","category-duesseldorf","tag-abpfiff","tag-de","tag-deutschland","tag-duesseldorf","tag-fortuna","tag-gelang","tag-germany","tag-haelfte","tag-jungs","tag-moment","tag-nordrhein-westfalen","tag-richtigen","tag-rueckrundenteams","tag-spieler","tag-spielerische","tag-team","tag-zweiten"],"share_on_mastodon":{"url":"https:\/\/pubeurope.com\/@de\/116465633073743209","error":""},"_links":{"self":[{"href":"https:\/\/www.europesays.com\/de\/wp-json\/wp\/v2\/posts\/972052","targetHints":{"allow":["GET"]}}],"collection":[{"href":"https:\/\/www.europesays.com\/de\/wp-json\/wp\/v2\/posts"}],"about":[{"href":"https:\/\/www.europesays.com\/de\/wp-json\/wp\/v2\/types\/post"}],"author":[{"embeddable":true,"href":"https:\/\/www.europesays.com\/de\/wp-json\/wp\/v2\/users\/2"}],"replies":[{"embeddable":true,"href":"https:\/\/www.europesays.com\/de\/wp-json\/wp\/v2\/comments?post=972052"}],"version-history":[{"count":0,"href":"https:\/\/www.europesays.com\/de\/wp-json\/wp\/v2\/posts\/972052\/revisions"}],"wp:featuredmedia":[{"embeddable":true,"href":"https:\/\/www.europesays.com\/de\/wp-json\/wp\/v2\/media\/971608"}],"wp:attachment":[{"href":"https:\/\/www.europesays.com\/de\/wp-json\/wp\/v2\/media?parent=972052"}],"wp:term":[{"taxonomy":"category","embeddable":true,"href":"https:\/\/www.europesays.com\/de\/wp-json\/wp\/v2\/categories?post=972052"},{"taxonomy":"post_tag","embeddable":true,"href":"https:\/\/www.europesays.com\/de\/wp-json\/wp\/v2\/tags?post=972052"}],"curies":[{"name":"wp","href":"https:\/\/api.w.org\/{rel}","templated":true}]}}