{"id":972073,"date":"2026-04-25T13:52:18","date_gmt":"2026-04-25T13:52:18","guid":{"rendered":"https:\/\/www.europesays.com\/de\/972073\/"},"modified":"2026-04-25T13:52:18","modified_gmt":"2026-04-25T13:52:18","slug":"debanking-erfolg-fuer-bda-treptow-konto-fuer-antifaschisten-in-berlin","status":"publish","type":"post","link":"https:\/\/www.europesays.com\/de\/972073\/","title":{"rendered":"Debanking \u2013 Erfolg f\u00fcr BdA Treptow: Konto f\u00fcr Antifaschisten in Berlin"},"content":{"rendered":"<p>\t\t\t\t\t\t<img decoding=\"async\" id=\"img321033\" src=\"https:\/\/www.europesays.com\/de\/wp-content\/uploads\/2026\/04\/321033.jpeg\" alt=\"Die Skepsis bleibt: Antifaschist*innen auf einer Kundgebung vor der Berliner Sparkasse am Alexanderplatz\"\/><\/p>\n<p>Die Skepsis bleibt: Antifaschist*innen auf einer Kundgebung vor der Berliner Sparkasse am Alexanderplatz<\/p>\n<p>Foto: Robin Maxime Pohl<\/p>\n<p>Eigentlich m\u00fcssten sie nicht hier sein, denn ihren Kampf haben sie bereits gewonnen. Dennoch versammelten sich am Freitag rund 70 Antifaschist*innen zu einer Kundgebung auf dem Alexanderplatz. Aufgerufen hatte der Bund der Antifaschistinnen und Antifaschisten (BdA) aus Treptow. Der urspr\u00fcngliche Grund war die <a href=\"https:\/\/www.nd-aktuell.de\/artikel\/1199098.bund-der-antifaschistinnen-und-antifaschisten-kein-konto-fuer-bda-treptow-bei-der-sparkasse.html\" rel=\"nofollow noopener\" target=\"_blank\">Weigerung der Berliner Sparkasse<\/a>, dem antifaschistischen Verein ein Konto einzurichten. Das f\u00fchrte zu einer Welle der solidarischen Emp\u00f6rung. Am Donnerstag lenkte die Sparkasse ein und sicherte die Kontoer\u00f6ffnung zu. So nutzte der BdA Treptow die angemeldete Versammlung, um \u00fcber seine Arbeit zu informieren, die jetzt in gewohnter Weise fortgef\u00fchrt werden kann.<\/p>\n<p>Im Berliner Bezirk Treptow-K\u00f6penick ist der BdA ein angesehener Akteur. Der eingetragene Verein engagiert sich unter anderem in der Erinnerungs- und Bildungsarbeit zu den Themen Verfolgung, Holocaust, Widerstand, Rassismus und Antisemitismus, organisiert Gedenkveranstaltungen und \u00fcbernimmt die <a href=\"https:\/\/www.nd-aktuell.de\/artikel\/1190713.antifaschismus-berlin-die-vergessene-aktion-avus.html\" rel=\"nofollow noopener\" target=\"_blank\">bezirkliche Stolpersteinarbeit<\/a>. Gerade letztere war durch das wochenlange Fehlen eines Kontos massiv eingeschr\u00e4nkt. Beim Gespr\u00e4ch mit \u00bbnd\u00ab am Dienstagabend war diese Bedrohungslage noch deutlich zu sp\u00fcren in den Worten von Ellen H\u00e4ndler, der Vorsitzenden des BdA Treptow: \u00bbWir k\u00f6nnen in der Situation keine Stolpersteine verlegen. Wir bekommen von Angeh\u00f6rigen aus den USA, England und Israel Spenden und m\u00fcssen denen jetzt sagen, wir k\u00f6nnen keine Spenden annehmen, denn in Deutschland verweigert man uns daf\u00fcr ein Konto.\u00ab<\/p>\n<p>&#13;<\/p>\n<blockquote><p>&#13;<\/p>\n<p>\u00bbEs ist eine Unversch\u00e4mtheit, einem Verband, in dem sich auch Nachfahren der Opfer des Nationalsozialismus organisiert haben, ohne Begr\u00fcndung eine Kontoer\u00f6ffnung verweigern.\u00ab<\/p>\n<p>&#13;<br \/>\nMarkus Tervooren\u2003VVN-BdA Berlin<\/p><\/blockquote>\n<p>&#13;<\/p>\n<p>Weil der Zugang zu einem Bankkonto f\u00fcr die Arbeit von Vereinen wie dem BdA Treptow essenziell ist, kommt der Ausschluss einer Unterbindung der T\u00e4tigkeiten gleich. So k\u00f6nnen Geldinstitute mit ihrer wirtschaftlichen Macht <a href=\"https:\/\/www.nd-aktuell.de\/artikel\/1198211.us-sanktionen-kein-schutz-vor-politisch-motiviertem-debanking.html\" rel=\"nofollow noopener\" target=\"_blank\">politischen Druck aus\u00fcben<\/a>. Die Betroffenen sind dabei oftmals mit undurchsichtigen Entscheidungsfindungsprozessen konfrontiert.<\/p>\n<p>Kontoer\u00f6ffnung grundlos verweigert<\/p>\n<p>So musste der BdA Treptow im Zuge der Kontoer\u00f6ffnung bei der Sparkasse genauestens Auskunft zu seiner politischen Arbeit geben. Neben einem obligatorischen Auszug aus dem nationalen Transparenzregister wurden zudem die Beziehungen zu den USA abgefragt, wie sich Ellen H\u00e4ndler erinnert. Dennoch erhielt der Verein am 17. M\u00e4rz einen knappen Bescheid, dass die <a href=\"https:\/\/www.nd-aktuell.de\/artikel\/1196913.rote-hilfe-rote-hilfe-kontenkuendigung-war-rechtswidrig.html\" rel=\"nofollow noopener\" target=\"_blank\">Berliner Sparkasse die Kontoer\u00f6ffnung verweigere<\/a> und wie \u00fcblich im Kreditgewerbe keine Gr\u00fcnde benenne. Der BdA Treptow legte gegen den Bescheid Widerspruch ein, doch erhielt vorerst keine Reaktion. Deshalb bat die Vorsitzende Ellen H\u00e4ndler sowohl den Bezirksb\u00fcrgermeister von Treptow-K\u00f6penick, Oliver Igel (SPD), als auch Gregor Gysi (Linke) um Hilfe. Beide Politiker wendeten sich umgehend an den Vorstand der Berliner Sparkasse.<\/p>\n<p>Mit Erfolg: Am Donnerstag hat die Berliner Sparkasse dem BdA Treptow die Er\u00f6ffnung eines Kontos erm\u00f6glicht. Laut dem Verein verweist das Geldinstitut in einem Schreiben auf eine umfassende Pr\u00fcfung, die ergeben h\u00e4tte, dass \u00bballe rechtlichen und aufsichtsrechtlichen Vorgaben erf\u00fcllt sind\u00ab und \u00bbder Vereinszweck mit unserer werteorientierten Ausrichtung vereinbar ist\u00ab. Was zu diesem Umdenken gef\u00fchrt hat, ist unklar. Doch der \u00f6ffentliche und politische Druck \u00fcber Parteigrenzen hinweg d\u00fcrfte erheblich dazu beigetragen haben. Der ganze Vorgang scheint auch innerhalb der Sparkasse nicht unumstritten gewesen zu sein. Auf der Kundgebung am Freitag redete Frank Weidner, Sprecher der Sparkasse, mit den Beteiligten des BdA Treptow und versuchte, ihr Vertrauen wiederzugewinnen. Gegen\u00fcber dem \u00bbnd\u00ab erkl\u00e4rte er: \u00bbWir freuen uns, dass wir jetzt den BdA Treptow mit einem Konto unterst\u00fctzen k\u00f6nnen. Erinnerungskultur in der Stadt ist ein wichtiges Thema, f\u00fcr das wir uns seit vielen Jahren engagieren.\u00ab<\/p>\n<p>Aussagen wie diese vermitteln den Eindruck, dass politische \u00dcberlegungen bei der urspr\u00fcnglichen Entscheidung der Sparkasse keine Rolle gespielt haben. Allerdings nimmt die Praxis des sogenannten Debanking in der Bundesrepublik zu. Dabei handelt es sich um den politisch motivierten den Ausschluss von Bankkonten, der vor allem Vereine, aber auch Einzelpersonen betrifft. Vor diesem Hintergrund lohnt sich ein Blick auf die Vorgeschichte der Kontoer\u00f6ffnung des BdA Treptow. Urspr\u00fcnglich unterhielt der Verein ein Gesch\u00e4ftskonto bei der Postbank. Dieses wurde jedoch am 19. Januar ohne Angabe von Gr\u00fcnden zu Ende M\u00e4rz gek\u00fcndigt. Der BdA Treptow legte auch hier Widerspruch ein und schrieb sowohl der Postbank als auch der Mutterfirma Deutsche Bank.<\/p>\n<p>\u00d6ffentlicher Druck wirkt gegen Debanking<\/p>\n<p>Muckefuck: morgens, ungefiltert, links<\/p>\n<p><img decoding=\"async\" src=\"https:\/\/www.europesays.com\/de\/wp-content\/uploads\/2026\/04\/321034.jpeg\" alt=\"\" title=\"\" width=\"170\"\/><\/p>\n<p>nd.Muckefuck ist unser Newsletter f\u00fcr Berlin am Morgen. Wir gehen wach durch die Stadt, sind vor Ort bei Entscheidungen zu Stadtpolitik \u2013 aber immer auch bei den Menschen, die diese betreffen. Muckefuck ist eine Kaffeel\u00e4nge Berlin \u2013 ungefiltert und links. Jetzt <a href=\"https:\/\/www.nd-aktuell.de\/muckefuck\/\" rel=\"nofollow noopener\" target=\"_blank\">anmelden<\/a> und immer wissen, worum gestritten werden muss.<\/p>\n<p>Beide Geldinstitute haben sich bisher nicht zu ihrer Entscheidung ge\u00e4u\u00dfert. Das sorgt auch auf der Kundgebung am Freitag f\u00fcr Unverst\u00e4ndnis. Markus Tervooren, Gesch\u00e4ftsf\u00fchrer der Berliner Vereinigung der Verfolgten des Naziregimes \u2013 Bund der Antifaschistinnen und Antifaschisten (VVN-BdA), sagte zu \u00bbnd\u00ab: \u00bbVor dem Hintergrund, dass die Deutsche Bank genauso wie alle deutschen Unternehmen w\u00e4hrend der Nazizeit von dem Raub j\u00fcdischen Verm\u00f6gens profitiert beziehungsweise sich daran beteiligt haben, ist es eine Unversch\u00e4mtheit, einem Verband, in dem sich auch Nachfahren der Opfer des Nationalsozialismus organisiert haben, ohne Begr\u00fcndung eine Kontoer\u00f6ffnung verweigern.\u00ab<\/p>\n<p>Obwohl der BdA Treptow nun ein Konto bei der Sparkasse er\u00f6ffnen kann, ist es dennoch m\u00f6glich, dass der antifaschistische Verein Opfer von Debanking aus politischen Motiven geworden ist. Doch das Beispiel aus Treptow-K\u00f6penick zeigt auch, dass eine wachsame \u00d6ffentlichkeit einen erheblichen Druck dagegen aufbauen kann.<\/p>\n","protected":false},"excerpt":{"rendered":"Die Skepsis bleibt: Antifaschist*innen auf einer Kundgebung vor der Berliner Sparkasse am Alexanderplatz Foto: Robin Maxime Pohl Eigentlich&hellip;\n","protected":false},"author":2,"featured_media":972074,"comment_status":"","ping_status":"","sticky":false,"template":"","format":"standard","meta":{"footnotes":"","_share_on_mastodon":"0"},"categories":[1825],"tags":[1941,1939,32845,208318,296,1937,29,30,24458,1940,1938,5917],"class_list":["post-972073","post","type-post","status-publish","format-standard","has-post-thumbnail","category-berlin","tag-aktuelle-nachrichten-aus-berlin","tag-aktuelle-news-aus-berlin","tag-antifa","tag-bankenwirtschaft","tag-berlin","tag-berlin-news","tag-deutschland","tag-germany","tag-linke-bewegung","tag-nachrichten-aus-berlin","tag-news-aus-berlin","tag-treptow-koepenick"],"share_on_mastodon":{"url":"https:\/\/pubeurope.com\/@de\/116465680645392577","error":""},"_links":{"self":[{"href":"https:\/\/www.europesays.com\/de\/wp-json\/wp\/v2\/posts\/972073","targetHints":{"allow":["GET"]}}],"collection":[{"href":"https:\/\/www.europesays.com\/de\/wp-json\/wp\/v2\/posts"}],"about":[{"href":"https:\/\/www.europesays.com\/de\/wp-json\/wp\/v2\/types\/post"}],"author":[{"embeddable":true,"href":"https:\/\/www.europesays.com\/de\/wp-json\/wp\/v2\/users\/2"}],"replies":[{"embeddable":true,"href":"https:\/\/www.europesays.com\/de\/wp-json\/wp\/v2\/comments?post=972073"}],"version-history":[{"count":0,"href":"https:\/\/www.europesays.com\/de\/wp-json\/wp\/v2\/posts\/972073\/revisions"}],"wp:featuredmedia":[{"embeddable":true,"href":"https:\/\/www.europesays.com\/de\/wp-json\/wp\/v2\/media\/972074"}],"wp:attachment":[{"href":"https:\/\/www.europesays.com\/de\/wp-json\/wp\/v2\/media?parent=972073"}],"wp:term":[{"taxonomy":"category","embeddable":true,"href":"https:\/\/www.europesays.com\/de\/wp-json\/wp\/v2\/categories?post=972073"},{"taxonomy":"post_tag","embeddable":true,"href":"https:\/\/www.europesays.com\/de\/wp-json\/wp\/v2\/tags?post=972073"}],"curies":[{"name":"wp","href":"https:\/\/api.w.org\/{rel}","templated":true}]}}