{"id":972194,"date":"2026-04-25T15:00:34","date_gmt":"2026-04-25T15:00:34","guid":{"rendered":"https:\/\/www.europesays.com\/de\/972194\/"},"modified":"2026-04-25T15:00:34","modified_gmt":"2026-04-25T15:00:34","slug":"kuerzungen-an-der-universitaet-leipzig-fachschaften-fordern-transparenz-%c2%b7-leipziger-zeitung","status":"publish","type":"post","link":"https:\/\/www.europesays.com\/de\/972194\/","title":{"rendered":"K\u00fcrzungen an der Universit\u00e4t Leipzig: Fachschaften fordern Transparenz \u00b7 Leipziger Zeitung"},"content":{"rendered":"<p>Die Universit\u00e4t Leipzig muss in den kommenden Jahren 16 Millionen Euro sparen. Das ist bereits seit vergangenem Jahr bekannt. Noch unklar ist hingegen, wie genau das funktionieren soll. Zahlreiche Fachschaften der Universit\u00e4t haben sich jetzt f\u00fcr einen Offenen Brief an das Rektorat zusammengeschlossen und fordern Transparenz.<\/p>\n<p>\u201eDurch die gegenw\u00e4rtigen K\u00fcrzungen an der Universit\u00e4t leidet nicht nur die Qualit\u00e4t der Lehre, sondern ist auch ihre Durchf\u00fchrbarkeit grundst\u00e4ndig gef\u00e4hrdet\u201c, hei\u00dft es darin. \u201eEine Vielzahl universit\u00e4rer Organe wird zum Leistungsabbau gezwungen sein. Die daraus entstehenden Konsequenzen treffen Personal wie Studierende gleicherma\u00dfen.\u201c<img decoding=\"async\" src=\"https:\/\/www.europesays.com\/de\/wp-content\/uploads\/2026\/04\/09fc680679424f69b7cd55327e58738a.gif\" width=\"https:\/\/www.l-iz.de\/bildung\/leipzig-bildet\/2026\/04\/1\" height=\"https:\/\/www.l-iz.de\/bildung\/leipzig-bildet\/2026\/04\/1\" alt=\"\"\/><\/p>\n<p>Die Fachschaften fordern Unirektorin Eva In\u00e9s Obergfell auf, Transparenz zu schaffen: wo und warum gek\u00fcrzt werden soll, wie viel dabei gespart wird und wie insgesamt die Strategie des Rektorats in Bezug auf die K\u00fcrzungspolitik aussieht.<\/p>\n<p>Die Fachschaften w\u00fcnschen sich von Obergfell: \u201eKommen Sie auf uns und unsere Kommiliton*innen zu, sprechen Sie \u00fcber die Situation und helfen Sie uns, gemeinsam mit Druck auf die Politik Besserungen zu erzielen.\u201c Der offene Brief wurde von 24 der 32 Fachschaften an der Universit\u00e4t unterzeichnet.<\/p>\n<p><a href=\"https:\/\/www.mdr.de\/nachrichten\/sachsen\/leipzig\/leipzig-leipzig-land\/uni-leipzig-haushalt-kuerzungen-land-sachsen-100.html\" target=\"_blank\" rel=\"noopener nofollow\">Im vergangenen Sommer wurde bekannt<\/a>, dass die Hochschule 16 Millionen Euro sparen muss. Grund daf\u00fcr sind fehlende \u201eSonderzuweisungen\u201c vom Freistaat. Rektorin Obergfell k\u00fcndigte an, dass alle Studierenden ihr begonnenes Studium beenden k\u00f6nnen. Es solle zudem keine betriebsbedingten K\u00fcndigungen geben.<\/p>\n<p>Gewerkschaften, Student*innen und Mitarbeiter*innen <a href=\"https:\/\/gesundheit-soziales-bildung-sat.verdi.de\/mein-arbeitsplatz\/hochschulen\/++co++fa7d0324-7c24-11f0-b161-778ded097dd2\" target=\"_blank\" rel=\"noopener nofollow\">f\u00fcrchten dennoch massive Konsequenzen<\/a>. Viele Stellen sind befristet und k\u00f6nnten nicht verl\u00e4ngert werden. Im Januar beteiligten sich bereits mehrere hundert Menschen an einer Demonstration gegen m\u00f6gliche K\u00fcrzungen. <a href=\"https:\/\/www.l-iz.de\/bildung\/leipzig-bildet\/2025\/08\/universitat-leipzig-droht-16-millionen-defizit-studentinnenrat-finanzielle-verantwortung-land-630738\" target=\"_blank\" rel=\"noopener nofollow\">Der Stura bef\u00fcrchtet<\/a>, dass darunter nicht nur die Betroffenen selbst, sondern auch die Lehre leiden k\u00f6nnte. Schon jetzt seien viele Mitarbeiter*innen \u00fcberlastet.<\/p>\n","protected":false},"excerpt":{"rendered":"Die Universit\u00e4t Leipzig muss in den kommenden Jahren 16 Millionen Euro sparen. Das ist bereits seit vergangenem Jahr&hellip;\n","protected":false},"author":2,"featured_media":972195,"comment_status":"","ping_status":"","sticky":false,"template":"","format":"standard","meta":{"footnotes":"","_share_on_mastodon":"0"},"categories":[1832],"tags":[3364,29,30,46498,71,859,22082],"class_list":["post-972194","post","type-post","status-publish","format-standard","has-post-thumbnail","category-leipzig","tag-de","tag-deutschland","tag-germany","tag-hochschulpolitik","tag-leipzig","tag-sachsen","tag-uni-leipzig"],"share_on_mastodon":{"url":"https:\/\/pubeurope.com\/@de\/116465947666262568","error":""},"_links":{"self":[{"href":"https:\/\/www.europesays.com\/de\/wp-json\/wp\/v2\/posts\/972194","targetHints":{"allow":["GET"]}}],"collection":[{"href":"https:\/\/www.europesays.com\/de\/wp-json\/wp\/v2\/posts"}],"about":[{"href":"https:\/\/www.europesays.com\/de\/wp-json\/wp\/v2\/types\/post"}],"author":[{"embeddable":true,"href":"https:\/\/www.europesays.com\/de\/wp-json\/wp\/v2\/users\/2"}],"replies":[{"embeddable":true,"href":"https:\/\/www.europesays.com\/de\/wp-json\/wp\/v2\/comments?post=972194"}],"version-history":[{"count":0,"href":"https:\/\/www.europesays.com\/de\/wp-json\/wp\/v2\/posts\/972194\/revisions"}],"wp:featuredmedia":[{"embeddable":true,"href":"https:\/\/www.europesays.com\/de\/wp-json\/wp\/v2\/media\/972195"}],"wp:attachment":[{"href":"https:\/\/www.europesays.com\/de\/wp-json\/wp\/v2\/media?parent=972194"}],"wp:term":[{"taxonomy":"category","embeddable":true,"href":"https:\/\/www.europesays.com\/de\/wp-json\/wp\/v2\/categories?post=972194"},{"taxonomy":"post_tag","embeddable":true,"href":"https:\/\/www.europesays.com\/de\/wp-json\/wp\/v2\/tags?post=972194"}],"curies":[{"name":"wp","href":"https:\/\/api.w.org\/{rel}","templated":true}]}}