{"id":972321,"date":"2026-04-25T16:14:21","date_gmt":"2026-04-25T16:14:21","guid":{"rendered":"https:\/\/www.europesays.com\/de\/972321\/"},"modified":"2026-04-25T16:14:21","modified_gmt":"2026-04-25T16:14:21","slug":"new-york-voices-abschied-beim-a-cappella-festival-in-hannover","status":"publish","type":"post","link":"https:\/\/www.europesays.com\/de\/972321\/","title":{"rendered":"New York Voices: Abschied beim A-cappella-Festival in Hannover"},"content":{"rendered":"<p>        <img decoding=\"async\" src=\"https:\/\/www.europesays.com\/de\/wp-content\/uploads\/2026\/04\/calmus-ensmeble-100.webp\" alt=\"Drei M\u00e4nner und zwei Frauen, festlich gekleidet, gehen l\u00e4chelnd nebeneinander\" title=\"Drei M\u00e4nner und zwei Frauen, festlich gekleidet, gehen l\u00e4chelnd nebeneinander | Anne Hornemann\" class=\"responsive\"\/><\/p>\n<p>AUDIO: Wenn Stimmen alles d\u00fcrfen: Eine Woche A-cappella voller Klangexperimente (7 Min)<\/p>\n<p>\n                Stand: 25.04.2026 17:21 Uhr<\/p>\n<p class=\"preface\">Bis zum 3. Mai findet in Hannover wieder die Internationale A-cappella-Woche statt. Einer der Veranstalter, Thomas Aydintan, hat selbst lange gesungen. Im Gespr\u00e4ch erz\u00e4hlt er, wie ein kleines ehrenamtliches Team das Festival Jahr f\u00fcr Jahr auf die Beine stellt.<\/p>\n<p class=\"\"><strong>Herr Aydintan, wenn man so ein Festival mit so tollen Ensembles organisiert, wie sehr juckt es dann auch selber mitzusingen?<\/strong><\/p>\n<p class=\"\"><strong>Thomas Aydintan:<\/strong> Manchmal sehr. Vor allen Dingen, wenn man sieht, wie sich A-cappella-Musik ver\u00e4ndert und wie die Vielf\u00e4ltigkeit gewachsen ist. Ich habe selbst viele Jahre gesungen, damals mit Modell Andante. Wir haben das Festival vor 25 Jahren gegr\u00fcndet. Danach habe ich selber eine lange B\u00fchnenkarriere bei der Gruppe Basta gemacht; wir haben viel gesungen und auch verfolgt, was andere so machen. Und jetzt in der zweiten Reihe zu stehen und ein bisschen mitzubeobachten, was alles m\u00f6glich ist, ist schon toll. Da hat man manchmal auch wieder Lust mitzusingen.<\/p>\n<p class=\"\"><a href=\"https:\/\/www.ndr.de\/kultur\/musik\/acappellawoche218~splash.html\" title=\"Link\" data-url=\"https:\/\/www.acappellawoche.com\/\" class=\"extlink-preface\" data-type=\"external\" rel=\"nofollow noopener\" target=\"_blank\"><strong>Die A-cappella-Woche<\/strong><\/a><strong> spiegelt das auch wider, wie vielseitig A-cappella eigentlich ist. Wie w\u00fcrden Sie die Bandbreite beschreiben?<\/strong><\/p>\n<p class=\"\"><strong>Aydintan:<\/strong> Das ist tats\u00e4chlich von Alpha bis Omega. Wir haben es auch dieses Jahr wieder geschafft, eine sehr gro\u00dfe Bandbreite abzubilden, von Renaissance-Musik bis hin zu Kompositionen der heutigen Zeit. Es ist immer wieder unfassbar toll, dass man mit A-cappella all das abbilden kann.<\/p>\n<p class=\"\"><strong>Sie haben auch ein paar renommierte Bands dabei &#8211; <\/strong><a href=\"https:\/\/www.ndr.de\/kultur\/musik\/pop\/Reiche-Klangkultur-riesiges-Repertoire-Calmus-Ensemble,calmusensemble106.html\" title=\"Reiche Klangkultur, riesiges Repertoire: Calmus Ensemble\" rel=\"nofollow noopener\" target=\"_blank\"><strong>Calmus Ensemble<\/strong><\/a><strong> oder Maybebop &#8211; und andere, die es noch zu entdecken gibt. Wie treffen Sie da die Auswahl?<\/strong><\/p>\n<p class=\"\"><strong>Aydintan:<\/strong> Wir verfolgen genau, was in der A-cappella-Szene passiert: Wer ist gerade auf den Festivals angesagt, wer gewinnt die Preise bei den Wettbewerben? Wir gucken auch, welche Ensembles wir bereits kennen, mit wem wir schon mal in Verbindung waren. Es gibt teilweise auch Freundschaften, die in all den Jahren entstanden sind.<\/p>\n<p>                    <a href=\"https:\/\/www.europesays.com\/de\/wp-content\/uploads\/2026\/04\/aydintan-102.webp\" class=\"zoomimage\" title=\"Bild vergr\u00f6\u00dfern\"><\/p>\n<p>        <img decoding=\"async\" src=\"https:\/\/www.europesays.com\/de\/wp-content\/uploads\/2026\/04\/aydintan-102.webp\" alt=\"Ein Mann steht vor einem Gel\u00e4nder, im Hintergrund sind Geb\u00e4ude zu sehen.\" title=\"Thomas Aydintan vom Verein Lausch Kultur ist mitverantwortlich f\u00fcr die Organisation der Internationalen A-cappella-Woche Hannover. | picture alliance \/ Geisler-Fotopress | Christoph Hardt\" class=\"responsive\" loading=\"lazy\"\/><\/p>\n<p>                    <\/a><\/p>\n<p>                    Thomas Aydintan vom Verein Lausch Kultur ist mitverantwortlich f\u00fcr die Organisation der Internationalen A-cappella-Woche Hannover.<\/p>\n<p class=\"\">Dann machen wir einen bunten Mix daraus und versuchen einerseits international zu sein, andererseits aber auch immer wieder auf die Chorstadt und City of Music Hannover zu schauen. Denn auch in Hannover haben wir tolle Gruppen, die wir immer wieder mit einbinden k\u00f6nnen: dieses Jahr unter anderem das Voktett beim Er\u00f6ffnungskonzert und Maybebop, die uns im Abschlusskonzert begleiten werden und auch ein eigenes Konzert machen.<\/p>\n<p class=\"\"><strong>Im Abschlusskonzert kommen noch mal alle zusammen, richtig?<\/strong><\/p>\n<p class=\"\"><strong>Aydintan:<\/strong> Wenn wir wirklich alle Gruppen ins Abschlusskonzert packen w\u00fcrden, dann dauert das Konzert zwei Tage. Es sind tats\u00e4chlich nur vier Gruppen. Dieses Jahr ist es besonders toll, dass Maybebop nochmal dabei sind und auch die New York Voices, die ihr Abschiedskonzert in diesem Abschlusskonzert geben, denn die h\u00f6ren in diesem Jahr auf. Die waren fast 40 Jahre unterwegs und haben die lange Reise aus New York gemacht, um in Hannover dabei zu sein.<\/p>\n<p class=\"\">Das Abschlusskonzert bildet nochmal so einen kleinen \u00dcberblick \u00fcber das, was in der Woche passiert ist, aber auch einen kleinen Ausblick auf n\u00e4chstes Jahr, denn da feiern wir 25-j\u00e4hriges Jubil\u00e4um und da haben wir auch eine Gruppe dabei, die dieses Jahr schon dabei ist und n\u00e4chstes Jahr ein eigenes Konzert gibt.<\/p>\n<p class=\"\"><strong>Es wird mehrere Konzerte geben, die sich thematisch mit dem Zustand unserer Erde beziehungsweise mit dem Zustand des Menschen in unserer heutigen Welt auseinandersetzen. War das ein Konzept oder ist das zuf\u00e4llig passiert?<\/strong><\/p>\n<p class=\"\"><strong>Aydintan:<\/strong> Das ist kein Konzept, aber es bildet auch wieder so ein bisschen ab, was alles m\u00f6glich ist und dass die A-cappella-Szene sich auch weitergehende Gedanken macht. Es ist eben nicht nur die einfache Reproduktion irgendwelcher bekannter Songs. Ein sehr sch\u00f6nes Beispiel daf\u00fcr sind Of Cabbages And Kings, die wir am 30. April in Neustadt haben. Die machen ein ganz eigenes Konzept: Improvisationen, eigenes Songwriting &#8211; sie probieren alles aus, was mit Stimme m\u00f6glich ist. Das ist wieder eine ganz andere Herangehensweise an klassische Musik, die wir sehr unterst\u00fctzen und f\u00f6rdern.<\/p>\n<p>        <img decoding=\"async\" src=\"https:\/\/www.europesays.com\/de\/wp-content\/uploads\/2026\/04\/lisa-herbolzheimer-100.webp\" alt=\"Vier br\u00fcnette Frauen gehen schwungvoll und lachend auf die Kamera zu, im Hintergrund ein B\u00fcndel goldene Luftballons.\" title=\"Vier br\u00fcnette Frauen gehen schwungvoll und lachend auf die Kamera zu, im Hintergrund ein B\u00fcndel goldene Luftballons. | Les Br\u00fcnettes \/ Marius Engels\" class=\"responsive\" loading=\"lazy\"\/><\/p>\n<p>Die Frauen-Combo Les Br\u00fcnettes setzt dem m\u00e4nnlichen Vokal-Pop erfolgreich weibliche Stimmen entgegen &#8211; eine davon stammt aus dem nieders\u00e4chsischen Oldenburg.<\/p>\n<p class=\"\"><strong>Es wird auch ein paar Workshops geben &#8211; wer kann da kommen und mitmachen?<\/strong><\/p>\n<p class=\"\"><strong>Aydintan:<\/strong> Da darf jeder hin, das ist ganz barrierefrei, das kostet nichts. Man kann sich <a href=\"https:\/\/www.maybebop.de\/\" title=\"Link\" class=\"extlink-preface\" data-type=\"external\" rel=\"nofollow noopener\" target=\"_blank\">auf unserer Website<\/a> f\u00fcr die Workshops anmelden. Daf\u00fcr muss man kein studierter Musiker sein, da kann wirklich jeder kommen, der Lust hat. Das Tolle ist, dass wir in den Workshops erm\u00f6glichen, dass man nicht nur passiver Zuh\u00f6rer ist, sondern dass man auch aktiv unsere K\u00fcnstlerinnen kennenlernt und mit denen sogar zusammen etwas erarbeiten kann. Am 1. Mai in der Rampe, zwei Workshops mit Of Cabbages And Kings und eine Masterclass mit New York Voices am 2. Mai.<\/p>\n<p class=\"\"><strong>Sie machen das schon zum 24. Mal, und Ihr Verein arbeitet komplett ehrenamtlich. Wie machen Sie das?<\/strong><\/p>\n<p class=\"\"><strong>Aydintan:<\/strong> Wir sind mit Lausch Kultur Hannover ein ganz kleiner Verein; wir bestehen aus einer Handvoll Leute und haben ein sehr engagiertes und empathisches Team. Wir haben eigentlich nur eine einzige Aufgabe: jedes Jahr ein renommiertes internationales A-cappella-Festival auf die B\u00fchne zu stellen. Man kann sich vorstellen, dass das nicht ganz so einfach gelingt, wir brauchen jede Menge Unterst\u00fctzung. Die haben wir auch: Neben unserem Team haben wir viele ehrenamtliche Helfer und jede Menge Sponsoren und F\u00f6rderer, um das zu realisieren.<\/p>\n<p class=\"\">Das Gespr\u00e4ch f\u00fchrte <a href=\"https:\/\/www.ndr.de\/kultur\/franziska-von-busse,franziskavonbusse108.html\" title=\"Franziska von Busse\" rel=\"nofollow noopener\" target=\"_blank\">Franziska von Busse<\/a>.<\/p>\n<p>\n            <strong>Video:<\/strong><br \/>\n            NDR Vokalensemble: &#8222;Domine deduc me&#8220; von Orlando di Lasso (5 Min)\n        <\/p>\n<p>        <img decoding=\"async\" src=\"https:\/\/www.europesays.com\/de\/wp-content\/uploads\/2026\/04\/schwarzlicht106.webp\" alt=\"Screenshot: S\u00e4ngerin Anna-Maria Torkel vom NDR Vokalensemble mit geschminktem Pierrot-Gesicht im Schwarzlicht\" title=\"Screenshot: S\u00e4ngerin Anna-Maria Torkel vom NDR Vokalensemble mit geschminktem Pierrot-Gesicht im Schwarzlicht | NDR, Screenshot\" class=\"responsive\" loading=\"lazy\"\/><\/p>\n<p>Das NDR Vokalensemble macht &#8222;der T\u00f6ne Licht&#8220; h\u00f6rbar &#8211; hier mit einer ganz besonderen Darbietung von Brahms&#8216; &#8222;Abendst\u00e4ndchen&#8220;.<\/p>\n<p>        <img decoding=\"async\" src=\"https:\/\/www.europesays.com\/de\/wp-content\/uploads\/2026\/04\/shelter100.webp\" alt=\"Ein S\u00e4nger des NDR Vokalensembles steht im Wasser.\" title=\"Ein S\u00e4nger des NDR Vokalensembles steht im Wasser. | NDR\" class=\"responsive\" loading=\"lazy\"\/><\/p>\n<p>Das NDR Vokalensemble erschlie\u00dft sich neue R\u00e4ume: Im Hamburger Kaifu erklingt &#8222;Shelter&#8220;, dessen Text auf dem 5. Psalm beruht.<\/p>\n<p>        <img decoding=\"async\" src=\"https:\/\/www.europesays.com\/de\/wp-content\/uploads\/2026\/04\/wer-weiss-denn-sowas-282.webp\" alt=\"Kai Pflaume (M.), Bernhard Ho\u00ebcker (l.) und Wotan Wilke M\u00f6hring (r.) begr\u00fc\u00dfen Jodok Vuille (2.v.l.) und David Garrett (2.v.r.).\" title=\"Kai Pflaume (M.), Bernhard Ho\u00ebcker (l.) und Wotan Wilke M\u00f6hring (r.) begr\u00fc\u00dfen Jodok Vuille (2.v.l.) und David Garrett (2.v.r.). | ARD\/NDR\/UFA SHOW &amp; FACTUAL\/Morris Mac Matzen\" class=\"responsive\" loading=\"lazy\"\/><\/p>\n<p>David Garrett und Jodok stellen sich heute den schlauen Fragen von Moderator Kai Pflaume. Tatkr\u00e4ftige Unterst\u00fctzung erhalten sie wie immer von Bernhard Ho\u00ebcker und Wotan Wilke M\u00f6hring.<\/p>\n<p>        <img decoding=\"async\" src=\"https:\/\/www.europesays.com\/de\/wp-content\/uploads\/2026\/04\/screenshot-100322.webp\" alt=\"Helene Fischer im Video zu ihrem Hit &quot;Atemlos&quot;.\" title=\"Helene Fischer im Video zu ihrem Hit &quot;Atemlos&quot;. | Screenshot\" class=\"responsive\" loading=\"lazy\"\/><\/p>\n<p>Ohne Komponisten und Textdichter geht nichts im Musikbusiness. Der Film r\u00fcckt diese kreativen K\u00f6pfe ins Rampenlicht.<\/p>\n","protected":false},"excerpt":{"rendered":"AUDIO: Wenn Stimmen alles d\u00fcrfen: Eine Woche A-cappella voller Klangexperimente (7 Min) Stand: 25.04.2026 17:21 Uhr Bis zum&hellip;\n","protected":false},"author":2,"featured_media":972322,"comment_status":"","ping_status":"","sticky":false,"template":"","format":"standard","meta":{"footnotes":"","_share_on_mastodon":"0"},"categories":[1836],"tags":[53610,35118,3364,29,30,35119,2699,46,91,810,1411,210947],"class_list":["post-972321","post","type-post","status-publish","format-standard","has-post-thumbnail","category-hannover","tag-a-cappella","tag-a-capella-woche","tag-de","tag-deutschland","tag-germany","tag-gesang","tag-gespraech","tag-hannover","tag-klassik","tag-musik","tag-niedersachsen","tag-thomas-aydintan"],"share_on_mastodon":{"url":"https:\/\/pubeurope.com\/@de\/116466239112192676","error":""},"_links":{"self":[{"href":"https:\/\/www.europesays.com\/de\/wp-json\/wp\/v2\/posts\/972321","targetHints":{"allow":["GET"]}}],"collection":[{"href":"https:\/\/www.europesays.com\/de\/wp-json\/wp\/v2\/posts"}],"about":[{"href":"https:\/\/www.europesays.com\/de\/wp-json\/wp\/v2\/types\/post"}],"author":[{"embeddable":true,"href":"https:\/\/www.europesays.com\/de\/wp-json\/wp\/v2\/users\/2"}],"replies":[{"embeddable":true,"href":"https:\/\/www.europesays.com\/de\/wp-json\/wp\/v2\/comments?post=972321"}],"version-history":[{"count":0,"href":"https:\/\/www.europesays.com\/de\/wp-json\/wp\/v2\/posts\/972321\/revisions"}],"wp:featuredmedia":[{"embeddable":true,"href":"https:\/\/www.europesays.com\/de\/wp-json\/wp\/v2\/media\/972322"}],"wp:attachment":[{"href":"https:\/\/www.europesays.com\/de\/wp-json\/wp\/v2\/media?parent=972321"}],"wp:term":[{"taxonomy":"category","embeddable":true,"href":"https:\/\/www.europesays.com\/de\/wp-json\/wp\/v2\/categories?post=972321"},{"taxonomy":"post_tag","embeddable":true,"href":"https:\/\/www.europesays.com\/de\/wp-json\/wp\/v2\/tags?post=972321"}],"curies":[{"name":"wp","href":"https:\/\/api.w.org\/{rel}","templated":true}]}}