{"id":972540,"date":"2026-04-25T18:23:44","date_gmt":"2026-04-25T18:23:44","guid":{"rendered":"https:\/\/www.europesays.com\/de\/972540\/"},"modified":"2026-04-25T18:23:44","modified_gmt":"2026-04-25T18:23:44","slug":"strippenziehen-im-hintergrund-viktor-orban-zieht-sich-aus-politik-zurueck-politik","status":"publish","type":"post","link":"https:\/\/www.europesays.com\/de\/972540\/","title":{"rendered":"Strippenziehen im Hintergrund: Viktor Orb\u00e1n zieht sich aus Politik zur\u00fcck | Politik"},"content":{"rendered":"<p><a class=\"skip-content skip-content--link\" href=\"#in-content-skip-link-target-v-0-0\">TTS-Player \u00fcberspringen\u21b5<\/a><a id=\"in-content-skip-link-target-v-0-0\" class=\"skip-content--target-link-hidden skip-content skip-content--target-link\" href=\"#in-content-skip-link-target-v-0-0\">Artikel weiterlesen<\/a><\/p>\n<p>Budapest \u2013 <b>Was f\u00fcr ein Knall nach der Wahlpleite! Ungarns Langzeit-Regierungschef Viktor Orb\u00e1n (62) will gar nicht erst ins neue Parlament einziehen. Das verk\u00fcndete der scheidende Premier am Samstag selbst. Hinter den Kulissen brodelt es gewaltig: Nach einer Sitzung der Fidesz-Spitze laufen \u201emit voller Kraft Gespr\u00e4che \u00fcber die Erneuerung der nationalen Seite und \u00fcber unsere Fraktion\u201c, so Orb\u00e1n. Klar ist: Die Partei steht vor einem radikalen Umbau. Schon am Montag soll sich die Fraktion neu aufstellen \u2013 mit Gergely Guly\u00e1s (44) an der Spitze.<\/b><\/p>\n<p>Doch der eigentliche Hammer ist <a href=\"https:\/\/www.bild.de\/politik\/leute\/viktor-orban\/thema-viktor-orban-alle-infos-80014730.bild.html\" class=\"text-link\" rel=\"nofollow noopener\" target=\"_blank\">Orb\u00e1n<\/a>s pers\u00f6nlicher R\u00fcckzug aus dem Parlament. W\u00f6rtlich erkl\u00e4rte er in einem \u00f6ffentlich geposteten Video: \u201eDas Mandat, das ich als Spitzenkandidat der Fidesz\u2013KDNP-Liste gewonnen habe, ist in Wirklichkeit ein parlamentarisches Mandat der Fidesz, deshalb habe ich beschlossen, es zur\u00fcckzugeben. Man wird mich jetzt nicht im Parlament brauchen, sondern bei der Neuorganisation der nationalen Seite.\u201c<\/p>\n<p> An dieser Stelle findest du Inhalte aus Twitter <\/p>\n<p> Um mit Inhalten aus Twitter und anderen sozialen Netzwerken zu interagieren oder diese darzustellen, brauchen wir deine Zustimmung. <\/p>\n<p> soziale Netzwerke aktivieren  Um eingebettete Inhalte anzuzeigen, ist Ihre jederzeit widerrufliche Einwilligung (\u00fcber den Schalter oder \u00fcber &#8220; <a class=\"embed-placeholder__text-link\" href=\"#\" rel=\"noopener noreferrer\" title=\"Tracking widerrufen\"> Widerruf Tracking und Cookies<\/a> &#8220; am Seitenende) zur Verarbeitung personenbezogener Daten n\u00f6tig.  Dabei k\u00f6nnen Daten in Drittl\u00e4nder wie die USA \u00fcbermittelt werden (Art. 49 Abs. 1 lit. a DSGVO). Mit dem Aktivieren des Inhalts stimmen Sie zu. Weitere Infos finden Sie <a class=\"embed-placeholder__text-link\" href=\"#\" rel=\"noopener noreferrer\" title=\"Zu den Privatsph\u00e4re Einstellungen\"> hier<\/a>. <\/p>\n<p>Hei\u00dft: Orb\u00e1n will im Hintergrund die Strippen ziehen und seine Partei komplett neu aufstellen. Schon n\u00e4chste Woche soll ein Parteirat tagen, der gro\u00dfe Parteikongress wurde vorgezogen \u2013 von Herbst auf Juni! <\/p>\n<p>Der ungarische Investigativjournalist Szabolcs Panyi schreibt auch davon, dass Orb\u00e1n im Sommer eine l\u00e4ngere Reise in die USA plane, wo seine Tochter und sein Schwiegersohn bereits lebten und er Zuflucht vor Strafverfolgung suchen k\u00f6nnte.<\/p>\n<p>Scharfer Ton nach Niederlage<\/p>\n<p><a href=\"https:\/\/www.bild.de\/politik\/ausland-und-internationales\/ungarn-wahl-mit-peter-magyar-wer-ist-der-mann-der-viktor-orban-stuerzen-kann-69d62e8c463e9a2d40d165e0\" class=\"text-link\" rel=\"nofollow noopener\" target=\"_blank\">Nach der Niederlage<\/a> ist der Ton sch\u00e4rfer geworden. Bereits zuvor hatte Orb\u00e1n in der Sendung \u201ePatri\u00f3ta\u201c erkl\u00e4rt: \u201eDiejenigen, die jetzt ins Parlament eingezogen sind, sind nicht die Menschen, die wir dort brauchen werden.\u201c F\u00fcr die Opposition brauche es jetzt \u201eandere Arten von Menschen, andere F\u00e4higkeiten, andere Abgeordnete\u201c.<\/p>\n<p>Mehr zum Thema<\/p>\n<p>Dabei ist Orb\u00e1n eigentlich ein politisches Urgestein: Seit fast 30 Jahren f\u00fchrt er die Fidesz, seit 2003 ohne Unterbrechung. F\u00fcnfmal war er Ministerpr\u00e4sident \u2013 so lange wie kein anderer Regierungschef in der EU.<\/p>\n<p>Und er ist nicht allein mit seinem Schritt: Auch Vize-Premier Zsolt Semj\u00e9n (63) verzichtet \u00fcberraschend auf sein Mandat. Ebenso ziehen sich weitere erfahrene Politiker zur\u00fcck. Die Partei steht offenbar vor einem echten Neuanfang.<\/p>\n","protected":false},"excerpt":{"rendered":"TTS-Player \u00fcberspringen\u21b5Artikel weiterlesen Budapest \u2013 Was f\u00fcr ein Knall nach der Wahlpleite! Ungarns Langzeit-Regierungschef Viktor Orb\u00e1n (62) will&hellip;\n","protected":false},"author":2,"featured_media":972541,"comment_status":"","ping_status":"","sticky":false,"template":"","format":"standard","meta":{"footnotes":"","_share_on_mastodon":"0"},"categories":[3],"tags":[13,14,15,54512,12,138370,45,10,8,9,11,501,103,104],"class_list":["post-972540","post","type-post","status-publish","format-standard","has-post-thumbnail","category-welt","tag-headlines","tag-nachrichten","tag-news","tag-orban-viktor","tag-schlagzeilen","tag-team-first","tag-texttospeech","tag-top-news","tag-top-meldungen","tag-topmeldungen","tag-topnews","tag-ungarn","tag-welt","tag-world"],"share_on_mastodon":{"url":"https:\/\/pubeurope.com\/@de\/116466745968354454","error":""},"_links":{"self":[{"href":"https:\/\/www.europesays.com\/de\/wp-json\/wp\/v2\/posts\/972540","targetHints":{"allow":["GET"]}}],"collection":[{"href":"https:\/\/www.europesays.com\/de\/wp-json\/wp\/v2\/posts"}],"about":[{"href":"https:\/\/www.europesays.com\/de\/wp-json\/wp\/v2\/types\/post"}],"author":[{"embeddable":true,"href":"https:\/\/www.europesays.com\/de\/wp-json\/wp\/v2\/users\/2"}],"replies":[{"embeddable":true,"href":"https:\/\/www.europesays.com\/de\/wp-json\/wp\/v2\/comments?post=972540"}],"version-history":[{"count":0,"href":"https:\/\/www.europesays.com\/de\/wp-json\/wp\/v2\/posts\/972540\/revisions"}],"wp:featuredmedia":[{"embeddable":true,"href":"https:\/\/www.europesays.com\/de\/wp-json\/wp\/v2\/media\/972541"}],"wp:attachment":[{"href":"https:\/\/www.europesays.com\/de\/wp-json\/wp\/v2\/media?parent=972540"}],"wp:term":[{"taxonomy":"category","embeddable":true,"href":"https:\/\/www.europesays.com\/de\/wp-json\/wp\/v2\/categories?post=972540"},{"taxonomy":"post_tag","embeddable":true,"href":"https:\/\/www.europesays.com\/de\/wp-json\/wp\/v2\/tags?post=972540"}],"curies":[{"name":"wp","href":"https:\/\/api.w.org\/{rel}","templated":true}]}}