{"id":972640,"date":"2026-04-25T19:33:18","date_gmt":"2026-04-25T19:33:18","guid":{"rendered":"https:\/\/www.europesays.com\/de\/972640\/"},"modified":"2026-04-25T19:33:18","modified_gmt":"2026-04-25T19:33:18","slug":"architekturpreis-max40-fuer-adapter-grosse-ehre-junge-stuttgarter-architekten-gewinnen-wichtigen-preis","status":"publish","type":"post","link":"https:\/\/www.europesays.com\/de\/972640\/","title":{"rendered":"Architekturpreis max40 f\u00fcr Adapter: Gro\u00dfe Ehre \u2013 Junge Stuttgarter Architekten gewinnen wichtigen Preis"},"content":{"rendered":"<p>\t\t\t\t\t\t\t\t\t\t\t\t\t\t\t\t\t\t\t\t\t\t\t\t\t\t\t\t      \t\t            \t\t             \t\t\t\t   \t\t\t\t\t   <img decoding=\"async\" id=\"article-image\" fetchpriority=\"high\" alt=\"Architekturpreis max40 f\u00fcr Adapter: Gro\u00dfe Ehre \u2013 Junge Stuttgarter Architekten gewinnen wichtigen Preis\" onclick=\"var pA=document.createElement('a');pA.setAttribute('href','https:\/\/www.stuttgarter-nachrichten.de\/gallery.architekturpreis-max40-fuer-adapter-grosse-ehre-junge-stuttgarter-architekten-gewinnen-wichtigen-preis.7e99acd4-38b6-4504-9aed-ebd1872bdede.html'),pA.click();\" title=\"Architekturpreis max40 f\u00fcr Adapter: Gro\u00dfe Ehre \u2013 Junge Stuttgarter Architekten gewinnen wichtigen Preis\" src=\"https:\/\/www.europesays.com\/de\/wp-content\/uploads\/2026\/04\/media.media.7603d0d2-2327-403b-ba0e-436941f6bf68.16x9_700.jpg\" data-linkto=\"https:\/\/www.stuttgarter-nachrichten.de\/gallery.architekturpreis-max40-fuer-adapter-grosse-ehre-junge-stuttgarter-architekten-gewinnen-wichtigen-preis.7e99acd4-38b6-4504-9aed-ebd1872bdede.html\"\/>\t\t\t\t\t\t\t\t\t\t\t\t\t\t\t\t\t\t\t\t\t\t\t\tZwei von elf Anerkennung gingen nach Baden-W\u00fcrttemberg: Schneider Hoffmann Architekten aus Karlsruhe \u2013 Lisa Schneider, Peter Hoffmann f\u00fcr das Projekt \u201e50 f\u00fcr 4 \u2013 Ferienhaus\u201c, Kraichgau.\u00a0Foto: Kim Fohmann\t\t\t<\/p>\n<p>Die Auszeichnung Preis \u201emax40\u201c w\u00fcrdigt junge Architektinnen und Architekten f\u00fcr ihre realisierten Bauwerke. Dieses Jahr geht er unter anderem: nach Stuttgart! So sehen die Arbeiten aus.<\/p>\n<p>Wohnen ist mittlerweile kompliziert. Wohnraum ist knapp und teuer, obwohl es eigentlich gen\u00fcgend Raum g\u00e4be \u2013 angesichts der hohen Leerstandsquote <a href=\"https:\/\/www.stuttgarter-zeitung.de\/inhalt.nachhaltige-architektur-bauen-mit-weniger-abfall-schaetze-aus-schutt-in-stuttgart-und-anderswo.d8d75550-b4fc-4eab-9af0-b1da28ddd119.html\" target=\"_blank\" rel=\"nofollow noopener\">und vieler ungenutzter B\u00fcro- und Fabrikgeb\u00e4ude<\/a>. Der von Stuttgarter Studierenden aus den Bereichen <a href=\"https:\/\/www.stuttgarter-nachrichten.de\/thema\/Architektur\" title=\"Architektur\" class=\"art_thema\" rel=\"nofollow noopener\" target=\"_blank\">Architektur<\/a> und St\u00e4dtebau initiierte Verein Adapter besch\u00e4ftigt sich seit Jahren mit diesem Problem und will L\u00f6sungswege aufzeigen: etwa mit der Aktivierung <a href=\"https:\/\/www.stuttgarter-zeitung.de\/inhalt.architekturnovember-stuttgart-zwei-brandschutztueren-und-fertig.fe838ce0-90e3-4ed5-8b92-5fc675254ccc.html\" target=\"_blank\" rel=\"nofollow noopener\">tempor\u00e4r leer stehender Raumressourcen<\/a>, um neue Formen des Wohnens experimentell zu erproben und erforschen.<\/p>\n<p>Nun wird dieses Projekt mit dem begehrten Max40-<a href=\"https:\/\/www.stuttgarter-nachrichten.de\/thema\/Preis\" title=\"Preis\" class=\"art_thema\" rel=\"nofollow noopener\" target=\"_blank\">Preis<\/a> ausgezeichnet \u2013 also mit dem F\u00f6rderpreis<a href=\"https:\/\/www.stuttgarter-zeitung.de\/inhalt.architekten-in-stuttgart-grosse-auszeichnung-fuer-junges-stuttgarter-architekturbuero.6f82cb3e-3679-4bbf-9cf6-36e6e2548b6d.html\" target=\"_blank\" rel=\"nofollow noopener\"> f\u00fcr junge Architektinnen und Architekten<\/a> der Landesverb\u00e4nde des Bundes Deutscher Architektinnen und Architekten (BDA). Zwei weitere Anerkennungen gehen an junge B\u00fcros in Baden-W\u00fcrttemberg \u2013 Studio Sozia sowie Schneider Hoffmann Architekten, beide Karlsruhe. <\/p>\n<p>Die Ausstellung, die zun\u00e4chst im Deutschen Architekturmuseum in Frankfurt am Main die pr\u00e4mierten Arbeiten gezeigt wurde, wird nun im BDA-Wechselraum in Stuttgart pr\u00e4sentiert und ist bis zum 22. Mai zu sehen. <\/p>\n<p>Zur Vernissage am 27.\u2009April um 19 Uhr stellen drei der vier ausgezeichneten B\u00fcros aus Baden-W\u00fcrttemberg sich und ihre Arbeiten pers\u00f6nlich vor: Adapter e.V. aus Stuttgart, Schneider Hoffmann Architekten sowie Studio Sozia, beide aus Karlsruhe.<\/p>\n<p>Info <\/p>\n<p class=\"infobox\"> <strong>Ausstellung <\/strong><br \/>Die Vernissage ist am Montag, 27. April 2026, 19 Uhr im BDA-Wechselraum (Friedrichstra\u00dfe 5) in Stuttgart. \u00d6ffnungszeiten: Dienstag bis Freitag, 15\u201318 Uhr (geschlossen an Wochenenden sowie Feiertagen und Br\u00fcckentagen).<\/p>\n","protected":false},"excerpt":{"rendered":"Zwei von elf Anerkennung gingen nach Baden-W\u00fcrttemberg: Schneider Hoffmann Architekten aus Karlsruhe \u2013 Lisa Schneider, Peter Hoffmann f\u00fcr&hellip;\n","protected":false},"author":2,"featured_media":972641,"comment_status":"","ping_status":"","sticky":false,"template":"","format":"standard","meta":{"footnotes":"","_share_on_mastodon":"0"},"categories":[1830],"tags":[2250,3681,1634,44375,3364,29,30,80,210982,828,1441,5329],"class_list":["post-972640","post","type-post","status-publish","format-standard","has-post-thumbnail","category-stuttgart","tag-architektur","tag-auszeichnung","tag-baden-wuerttemberg","tag-bda","tag-de","tag-deutschland","tag-germany","tag-kultur","tag-max40","tag-preis","tag-stuttgart","tag-video"],"share_on_mastodon":{"url":"https:\/\/pubeurope.com\/@de\/116467021059119985","error":""},"_links":{"self":[{"href":"https:\/\/www.europesays.com\/de\/wp-json\/wp\/v2\/posts\/972640","targetHints":{"allow":["GET"]}}],"collection":[{"href":"https:\/\/www.europesays.com\/de\/wp-json\/wp\/v2\/posts"}],"about":[{"href":"https:\/\/www.europesays.com\/de\/wp-json\/wp\/v2\/types\/post"}],"author":[{"embeddable":true,"href":"https:\/\/www.europesays.com\/de\/wp-json\/wp\/v2\/users\/2"}],"replies":[{"embeddable":true,"href":"https:\/\/www.europesays.com\/de\/wp-json\/wp\/v2\/comments?post=972640"}],"version-history":[{"count":0,"href":"https:\/\/www.europesays.com\/de\/wp-json\/wp\/v2\/posts\/972640\/revisions"}],"wp:featuredmedia":[{"embeddable":true,"href":"https:\/\/www.europesays.com\/de\/wp-json\/wp\/v2\/media\/972641"}],"wp:attachment":[{"href":"https:\/\/www.europesays.com\/de\/wp-json\/wp\/v2\/media?parent=972640"}],"wp:term":[{"taxonomy":"category","embeddable":true,"href":"https:\/\/www.europesays.com\/de\/wp-json\/wp\/v2\/categories?post=972640"},{"taxonomy":"post_tag","embeddable":true,"href":"https:\/\/www.europesays.com\/de\/wp-json\/wp\/v2\/tags?post=972640"}],"curies":[{"name":"wp","href":"https:\/\/api.w.org\/{rel}","templated":true}]}}